{"id":642,"date":"2026-06-14T23:25:57","date_gmt":"2026-06-14T23:25:57","guid":{"rendered":"https:\/\/gundem44.com.tr\/?p=642"},"modified":"2026-06-14T23:25:57","modified_gmt":"2026-06-14T23:25:57","slug":"karakaya-barajinda-su-yukseldi","status":"publish","type":"post","link":"https:\/\/gundem44.com.tr\/?p=642","title":{"rendered":"Karakaya Baraj\u0131&#8217;nda Su Y\u00fckseldi"},"content":{"rendered":"\n<p class=\"wp-block-paragraph\">Ya\u011f\u0131\u015flar sonras\u0131 Karakaya Baraj\u0131 \u00e7evresindeki yerle\u015fim yerleri su alt\u0131nda kald\u0131.<\/p>\n\n\n\n<p class=\"wp-block-paragraph\"><a href=\"https:\/\/www.sondakika.com\/turkiye\/\">T\u00fcrkiye<\/a>&#8216;nin en b\u00fcy\u00fck barajlar\u0131ndan&nbsp;<a href=\"https:\/\/www.sondakika.com\/karakaya-baraji-2\/\">Karakaya Baraj\u0131<\/a>&#8216;n\u0131n \u00e7evresindeki baz\u0131 yerle\u015fim yerleri, bu y\u0131l etkili olan ya\u011f\u0131\u015flar\u0131n ard\u0131ndan yeniden su alt\u0131nda kald\u0131.<\/p>\n\n\n\n<p class=\"wp-block-paragraph\">Su havzas\u0131&nbsp;<a href=\"https:\/\/www.sondakika.com\/diyarbakir\/\">Diyarbak\u0131r<\/a>,&nbsp;<a href=\"https:\/\/www.sondakika.com\/elazig\/\">Elaz\u0131\u011f<\/a>&nbsp;ve&nbsp;<a href=\"https:\/\/www.sondakika.com\/malatya\/\">Malatya<\/a>&#8216;ya kadar uzanan baraj\u0131n Malatya kesiminde, ya\u011f\u0131\u015flar nedeniyle k\u0131y\u0131daki baz\u0131 yerle\u015fim alanlar\u0131, tar\u0131m arazileri ve kara yollar\u0131 suyla kapland\u0131.<\/p>\n\n\n\n<p class=\"wp-block-paragraph\">Baraj\u0131n su seviyesinin y\u00fckselmesiyle Battalgazi il\u00e7esine ba\u011fl\u0131 Boran Mahallesi&#8217;ndeki tarihi &#8220;Yaln\u0131z Minare&#8221;nin bir b\u00f6l\u00fcm\u00fc de su alt\u0131nda kald\u0131.<\/p>\n\n\n\n<p class=\"wp-block-paragraph\">B\u00f6lgede su alt\u0131nda kalan kay\u0131s\u0131 bah\u00e7eleri, kara yollar\u0131 ve yerle\u015fim alanlar\u0131, dronla g\u00f6r\u00fcnt\u00fclendi.<\/p>\n","protected":false},"excerpt":{"rendered":"<p>Ya\u011f\u0131\u015flar sonras\u0131 Karakaya Baraj\u0131 \u00e7evresindeki yerle\u015fim yerleri su alt\u0131nda kald\u0131. T\u00fcrkiye&#8216;nin en b\u00fcy\u00fck barajlar\u0131ndan&nbsp;Karakaya Baraj\u0131&#8216;n\u0131n&#8230;<\/p>\n","protected":false},"author":1,"featured_media":643,"comment_status":"open","ping_status":"open","sticky":false,"template":"","format":"standard","meta":{"footnotes":""},"categories":[22],"tags":[],"class_list":["post-642","post","type-post","status-publish","format-standard","has-post-thumbnail","hentry","category-battalgazi"],"_links":{"self":[{"href":"https:\/\/gundem44.com.tr\/index.php?rest_route=\/wp\/v2\/posts\/642","targetHints":{"allow":["GET"]}}],"collection":[{"href":"https:\/\/gundem44.com.tr\/index.php?rest_route=\/wp\/v2\/posts"}],"about":[{"href":"https:\/\/gundem44.com.tr\/index.php?rest_route=\/wp\/v2\/types\/post"}],"author":[{"embeddable":true,"href":"https:\/\/gundem44.com.tr\/index.php?rest_route=\/wp\/v2\/users\/1"}],"replies":[{"embeddable":true,"href":"https:\/\/gundem44.com.tr\/index.php?rest_route=%2Fwp%2Fv2%2Fcomments&post=642"}],"version-history":[{"count":1,"href":"https:\/\/gundem44.com.tr\/index.php?rest_route=\/wp\/v2\/posts\/642\/revisions"}],"predecessor-version":[{"id":644,"href":"https:\/\/gundem44.com.tr\/index.php?rest_route=\/wp\/v2\/posts\/642\/revisions\/644"}],"wp:featuredmedia":[{"embeddable":true,"href":"https:\/\/gundem44.com.tr\/index.php?rest_route=\/wp\/v2\/media\/643"}],"wp:attachment":[{"href":"https:\/\/gundem44.com.tr\/index.php?rest_route=%2Fwp%2Fv2%2Fmedia&parent=642"}],"wp:term":[{"taxonomy":"category","embeddable":true,"href":"https:\/\/gundem44.com.tr\/index.php?rest_route=%2Fwp%2Fv2%2Fcategories&post=642"},{"taxonomy":"post_tag","embeddable":true,"href":"https:\/\/gundem44.com.tr\/index.php?rest_route=%2Fwp%2Fv2%2Ftags&post=642"}],"curies":[{"name":"wp","href":"https:\/\/api.w.org\/{rel}","templated":true}]}}