{"id":633,"date":"2026-06-14T23:02:59","date_gmt":"2026-06-14T23:02:59","guid":{"rendered":"https:\/\/gundem44.com.tr\/?p=633"},"modified":"2026-06-14T23:02:59","modified_gmt":"2026-06-14T23:02:59","slug":"dunyanin-ilk-8li-capraz-karaciger-nakli-malatyada-gerceklesti","status":"publish","type":"post","link":"https:\/\/gundem44.com.tr\/?p=633","title":{"rendered":"D\u00fcnyan\u0131n \u0130lk 8&#8217;li \u00c7apraz Karaci\u011fer Nakli Malatya&#8217;da Ger\u00e7ekle\u015fti"},"content":{"rendered":"\n<p class=\"wp-block-paragraph\">Malatya&#8217;da tarih\u00ee bir ba\u015far\u0131, d\u00fcnyan\u0131n ilk 8&#8217;li \u00e7apraz karaci\u011fer nakli operasyonu yap\u0131ld\u0131.<\/p>\n\n\n\n<p class=\"wp-block-paragraph\"><a href=\"https:\/\/www.sondakika.com\/malatya\/\">Malatya<\/a>&nbsp;\u0130\u015f \u0130nsanlar\u0131 Platformu Ba\u015fkan\u0131 Ahmet \u00d6zk\u00f6se, \u0130n\u00f6n\u00fc \u00dcniversitesi Turgut \u00d6zal T\u0131p Merkezi&#8217;nde ger\u00e7ekle\u015ftirilen d\u00fcnyan\u0131n ilk 8&#8217;li \u00e7apraz karaci\u011fer nakli operasyonunun Malatya ve T\u00fcrkiye ad\u0131na tarihi bir ba\u015far\u0131 oldu\u011funu belirterek, Prof. Dr. Sezai Y\u0131lmaz ile ekibini kutlad\u0131.<\/p>\n\n\n\n<p class=\"wp-block-paragraph\">Malatya \u0130\u015f \u0130nsanlar\u0131 Platformu Ba\u015fkan\u0131 Ahmet \u00d6zk\u00f6se, \u0130n\u00f6n\u00fc \u00dcniversitesi Turgut \u00d6zal T\u0131p Merkezi Karaci\u011fer Nakli Enstit\u00fcs\u00fc&#8217;nde Prof. Dr. Sezai Y\u0131lmaz ba\u015fkanl\u0131\u011f\u0131ndaki ekip taraf\u0131ndan ba\u015far\u0131yla ger\u00e7ekle\u015ftirilen d\u00fcnyan\u0131n ilk 8&#8217;li \u00e7apraz karaci\u011fer nakli operasyonuna ili\u015fkin yaz\u0131l\u0131 a\u00e7\u0131klama yapt\u0131.<\/p>\n\n\n\n<p class=\"wp-block-paragraph\">Operasyonun Malatya&#8217;n\u0131n sa\u011fl\u0131k alan\u0131ndaki marka de\u011ferini uluslararas\u0131 \u00f6l\u00e7ekte g\u00fc\u00e7lendirdi\u011fini belirten \u00d6zk\u00f6se, ger\u00e7ekle\u015ftirilen tarihi ba\u015far\u0131n\u0131n hem t\u0131p d\u00fcnyas\u0131 hem de organ nakli bekleyen hastalar i\u00e7in b\u00fcy\u00fck \u00f6nem ta\u015f\u0131d\u0131\u011f\u0131n\u0131 ifade etti.<\/p>\n\n\n\n<p class=\"wp-block-paragraph\">\u00d6zk\u00f6se, a\u00e7\u0131klamas\u0131nda, &#8220;\u0130n\u00f6n\u00fc \u00dcniversitesi Turgut \u00d6zal T\u0131p Merkezi Karaci\u011fer Nakli Enstit\u00fcs\u00fc&#8217;nde Prof. Dr. Sezai Y\u0131lmaz hocam\u0131z ve k\u0131ymetli ekibinin ba\u015far\u0131yla ger\u00e7ekle\u015ftirdi\u011fi d\u00fcnyan\u0131n ilk 8&#8217;li \u00e7apraz karaci\u011fer nakli operasyonu, Malatya&#8217;m\u0131z\u0131n ve \u00fclkemizin sa\u011fl\u0131k alan\u0131ndaki g\u00fcc\u00fcn\u00fc bir kez daha ortaya koymu\u015ftur&#8221; dedi.<\/p>\n\n\n\n<p class=\"wp-block-paragraph\">Toplam 8 al\u0131c\u0131 ile 8 vericinin e\u015f zamanl\u0131 olarak yer ald\u0131\u011f\u0131 ve 16 ameliyat\u0131n ayn\u0131 anda ger\u00e7ekle\u015ftirildi\u011fi operasyonun d\u00fcnya t\u0131p literat\u00fcr\u00fcne ge\u00e7en \u00f6nemli bir ba\u015far\u0131 oldu\u011funa dikkat \u00e7eken \u00d6zk\u00f6se, &#8220;Bu tarihi operasyon yaln\u0131zca t\u0131p d\u00fcnyas\u0131 a\u00e7\u0131s\u0131ndan de\u011fil, uzun s\u00fcredir nakil bekleyen hastalar i\u00e7in de b\u00fcy\u00fck bir umut olmu\u015ftur&#8221; ifadelerini kulland\u0131.<\/p>\n\n\n\n<p class=\"wp-block-paragraph\">Devlet hastanesinde, devletin yeti\u015ftirdi\u011fi hekimler taraf\u0131ndan ger\u00e7ekle\u015ftirilen bu ba\u015far\u0131n\u0131n T\u00fcrkiye&#8217;nin sa\u011fl\u0131k alan\u0131nda ula\u015ft\u0131\u011f\u0131 seviyeyi g\u00f6zler \u00f6n\u00fcne serdi\u011fini kaydeden \u00d6zk\u00f6se, Malatya&#8217;n\u0131n art\u0131k sadece kay\u0131s\u0131yla de\u011fil, sa\u011fl\u0131k alan\u0131ndaki ba\u015far\u0131lar\u0131yla da an\u0131lmas\u0131 gerekti\u011fini belirtti.<\/p>\n\n\n\n<p class=\"wp-block-paragraph\">\u015eehri uluslararas\u0131 alanda temsil eden bu t\u00fcr \u00e7al\u0131\u015fmalar\u0131n daha fazla desteklenmesi gerekti\u011fini vurgulayan \u00d6zk\u00f6se, &#8220;Bu ba\u015far\u0131lar hem memleketimize hem de \u00fclkemizin sa\u011fl\u0131k alan\u0131ndaki vizyonuna \u00f6nemli katk\u0131lar sunmaktad\u0131r&#8221; dedi.<\/p>\n\n\n\n<p class=\"wp-block-paragraph\">Ahmet \u00d6zk\u00f6se, a\u00e7\u0131klamas\u0131n\u0131n sonunda ba\u015fta Prof. Dr. Sezai Y\u0131lmaz olmak \u00fczere operasyonda g\u00f6rev alan t\u00fcm sa\u011fl\u0131k \u00e7al\u0131\u015fanlar\u0131n\u0131 tebrik ederek, ba\u015far\u0131lar\u0131n\u0131n devam\u0131n\u0131 diledi. &#8211; MALATYA<\/p>\n","protected":false},"excerpt":{"rendered":"<p>Malatya&#8217;da tarih\u00ee bir ba\u015far\u0131, d\u00fcnyan\u0131n ilk 8&#8217;li \u00e7apraz karaci\u011fer nakli operasyonu yap\u0131ld\u0131. Malatya&nbsp;\u0130\u015f \u0130nsanlar\u0131 Platformu&#8230;<\/p>\n","protected":false},"author":1,"featured_media":634,"comment_status":"open","ping_status":"open","sticky":false,"template":"","format":"standard","meta":{"footnotes":""},"categories":[1],"tags":[],"class_list":["post-633","post","type-post","status-publish","format-standard","has-post-thumbnail","hentry","category-malatya-gundemi"],"_links":{"self":[{"href":"https:\/\/gundem44.com.tr\/index.php?rest_route=\/wp\/v2\/posts\/633","targetHints":{"allow":["GET"]}}],"collection":[{"href":"https:\/\/gundem44.com.tr\/index.php?rest_route=\/wp\/v2\/posts"}],"about":[{"href":"https:\/\/gundem44.com.tr\/index.php?rest_route=\/wp\/v2\/types\/post"}],"author":[{"embeddable":true,"href":"https:\/\/gundem44.com.tr\/index.php?rest_route=\/wp\/v2\/users\/1"}],"replies":[{"embeddable":true,"href":"https:\/\/gundem44.com.tr\/index.php?rest_route=%2Fwp%2Fv2%2Fcomments&post=633"}],"version-history":[{"count":1,"href":"https:\/\/gundem44.com.tr\/index.php?rest_route=\/wp\/v2\/posts\/633\/revisions"}],"predecessor-version":[{"id":635,"href":"https:\/\/gundem44.com.tr\/index.php?rest_route=\/wp\/v2\/posts\/633\/revisions\/635"}],"wp:featuredmedia":[{"embeddable":true,"href":"https:\/\/gundem44.com.tr\/index.php?rest_route=\/wp\/v2\/media\/634"}],"wp:attachment":[{"href":"https:\/\/gundem44.com.tr\/index.php?rest_route=%2Fwp%2Fv2%2Fmedia&parent=633"}],"wp:term":[{"taxonomy":"category","embeddable":true,"href":"https:\/\/gundem44.com.tr\/index.php?rest_route=%2Fwp%2Fv2%2Fcategories&post=633"},{"taxonomy":"post_tag","embeddable":true,"href":"https:\/\/gundem44.com.tr\/index.php?rest_route=%2Fwp%2Fv2%2Ftags&post=633"}],"curies":[{"name":"wp","href":"https:\/\/api.w.org\/{rel}","templated":true}]}}