{"id":624,"date":"2026-06-14T12:54:44","date_gmt":"2026-06-14T12:54:44","guid":{"rendered":"https:\/\/gundem44.com.tr\/?p=624"},"modified":"2026-06-14T12:54:44","modified_gmt":"2026-06-14T12:54:44","slug":"malatyada-110-arap-tayi-hipodroma-hazirlaniyor","status":"publish","type":"post","link":"https:\/\/gundem44.com.tr\/?p=624","title":{"rendered":"Malatya&#8217;da 110 Arap Tay\u0131 Hipodroma Haz\u0131rlan\u0131yor"},"content":{"rendered":"\n<p class=\"wp-block-paragraph\">Malatya\u2019daki Sultansuyu Tar\u0131m \u0130\u015fletmesi, 110 safkan Arap tay\u0131n\u0131 hipodromlara g\u00f6ndermeyi planl\u0131yor.<\/p>\n\n\n\n<p class=\"wp-block-paragraph\"><a href=\"https:\/\/www.sondakika.com\/malatya\/\">Malatya<\/a>&#8216;da,&nbsp;<a href=\"https:\/\/www.sondakika.com\/tarim\/\">Tar\u0131m<\/a>&nbsp;\u0130\u015fletmeleri Genel M\u00fcd\u00fcrl\u00fc\u011f\u00fc (T\u0130GEM) b\u00fcnyesinde faaliyet g\u00f6steren Sultansuyu Tar\u0131m \u0130\u015fletmesinde y\u0131lba\u015f\u0131ndan bu yana d\u00fcnyaya gelen 110 safkan Arap tay\u0131, \u00f6zel bak\u0131m ve e\u011fitim s\u00fcre\u00e7lerinin ard\u0131ndan hipodromlar\u0131n yolunu tutacak.<\/p>\n\n\n\n<p class=\"wp-block-paragraph\">Ak\u00e7ada\u011f il\u00e7esinde 1865 y\u0131l\u0131nda &#8220;Sultansuyu \u00c7iftlikatu H\u00fcmayun&#8221; ad\u0131yla 27 bin d\u00f6n\u00fcml\u00fck arazide kurulan i\u015fletme,&nbsp;<a href=\"https:\/\/www.sondakika.com\/osmanli\/\">Osmanl\u0131<\/a>&nbsp;d\u00f6neminden bug\u00fcne uzanan at yeti\u015ftiricili\u011fi gelene\u011fini s\u00fcrd\u00fcr\u00fcyor. 1984&#8217;ten bu yana T\u0130GEM \u00e7at\u0131s\u0131 alt\u0131nda faaliyet g\u00f6steren i\u015fletmede, safkan Arap atlar\u0131 yeti\u015ftiriliyor.<\/p>\n\n\n\n<p class=\"wp-block-paragraph\">Y\u00fcksek dayan\u0131kl\u0131l\u0131klar\u0131 ve performanslar\u0131 dolay\u0131s\u0131yla Osmanl\u0131 d\u00f6neminde sava\u015flarda kullan\u0131lan Arap atlar\u0131, bug\u00fcn at yar\u0131\u015flar\u0131n\u0131n g\u00f6zde \u0131rklar\u0131 aras\u0131nda yer al\u0131yor.<\/p>\n\n\n\n<p class=\"wp-block-paragraph\">\u00d6zenle bak\u0131lan taylar, 2,5 ya\u015f\u0131ndan sonra a\u00e7\u0131k art\u0131rmayla sat\u0131\u015fa \u00e7\u0131kar\u0131l\u0131yor.<\/p>\n\n\n\n<p class=\"wp-block-paragraph\">Sultansuyu Tar\u0131m \u0130\u015fletmesi At Islah\u0131 ve Yeti\u015ftiricili\u011fi \u015eube \u015eefi Selman Kaya, AA muhabirine, taylara do\u011fumlar\u0131ndan itibaren titizlikle bak\u0131ld\u0131\u011f\u0131n\u0131 s\u00f6yledi.<\/p>\n\n\n\n<p class=\"wp-block-paragraph\">Taylar\u0131n geli\u015fim s\u00fcre\u00e7lerinin yak\u0131ndan takip edildi\u011fini belirten Kaya, &#8220;\u0130lk 15 g\u00fcn anne s\u00fct\u00fcyle beslenen taylar\u0131m\u0131za, bu s\u00fcrenin ard\u0131ndan kontroll\u00fc \u015fekilde konsantre yem verilmeye ba\u015flan\u0131yor. Ba\u011f\u0131\u015f\u0131kl\u0131k ve metabolizma sistemleri geli\u015ftik\u00e7e gerekli vitamin destekleri uygulan\u0131yor. Taylar\u0131m\u0131z 2,5 ya\u015f\u0131na geldiklerinde sat\u0131\u015fa haz\u0131rlan\u0131yor.&#8221; dedi.<\/p>\n\n\n\n<p class=\"wp-block-paragraph\">Kaya, Osmanl\u0131&#8217;dan bu yana Malatya&#8217;n\u0131n \u00f6nemli Arap at\u0131 yeti\u015ftiricili\u011fi merkezlerinden biri oldu\u011funu vurgulad\u0131.<\/p>\n\n\n\n<p class=\"wp-block-paragraph\">Burada yeti\u015fen taylar\u0131n b\u00fcy\u00fck ilgi g\u00f6rd\u00fc\u011f\u00fcn\u00fc dile getiren Kaya, \u015funlar\u0131 kaydetti:<\/p>\n\n\n\n<p class=\"wp-block-paragraph\">&#8220;Bu y\u0131l yakla\u015f\u0131k 110 tay sat\u0131\u015f\u0131 hedefliyoruz. 120 milyon lira civar\u0131 gelir hedefimiz var. Bu 110 tay\u0131n 15&#8217;i elit tay sat\u0131\u015f\u0131na, geri kalanlar\u0131 ko\u015fu tay\u0131 sat\u0131\u015f\u0131na gidecek. Son y\u0131llarda Malatya&#8217;dan \u00e7\u0131kan taylara, \u00f6zellikle &#8216;\u00d6zg\u00fcnhan&#8217; isimli ayg\u0131r\u0131m\u0131zdan dolay\u0131 ra\u011fbet daha fazla. T\u0130GEM&#8217;in \u00fc\u00e7 i\u015fletmesi de ger\u00e7ekten \u00e7ok kaliteli atlar yeti\u015ftiriyor. \u015eu an bizim avantaj\u0131m\u0131z &#8216;\u00d6zg\u00fcnhan&#8217; isimli bir ayg\u0131r\u0131m\u0131z\u0131n olmas\u0131.&#8221;<\/p>\n","protected":false},"excerpt":{"rendered":"<p>Malatya\u2019daki Sultansuyu Tar\u0131m \u0130\u015fletmesi, 110 safkan Arap tay\u0131n\u0131 hipodromlara g\u00f6ndermeyi planl\u0131yor. Malatya&#8216;da,&nbsp;Tar\u0131m&nbsp;\u0130\u015fletmeleri Genel M\u00fcd\u00fcrl\u00fc\u011f\u00fc (T\u0130GEM)&#8230;<\/p>\n","protected":false},"author":1,"featured_media":625,"comment_status":"open","ping_status":"open","sticky":false,"template":"","format":"standard","meta":{"footnotes":""},"categories":[1],"tags":[],"class_list":["post-624","post","type-post","status-publish","format-standard","has-post-thumbnail","hentry","category-malatya-gundemi"],"_links":{"self":[{"href":"https:\/\/gundem44.com.tr\/index.php?rest_route=\/wp\/v2\/posts\/624","targetHints":{"allow":["GET"]}}],"collection":[{"href":"https:\/\/gundem44.com.tr\/index.php?rest_route=\/wp\/v2\/posts"}],"about":[{"href":"https:\/\/gundem44.com.tr\/index.php?rest_route=\/wp\/v2\/types\/post"}],"author":[{"embeddable":true,"href":"https:\/\/gundem44.com.tr\/index.php?rest_route=\/wp\/v2\/users\/1"}],"replies":[{"embeddable":true,"href":"https:\/\/gundem44.com.tr\/index.php?rest_route=%2Fwp%2Fv2%2Fcomments&post=624"}],"version-history":[{"count":1,"href":"https:\/\/gundem44.com.tr\/index.php?rest_route=\/wp\/v2\/posts\/624\/revisions"}],"predecessor-version":[{"id":626,"href":"https:\/\/gundem44.com.tr\/index.php?rest_route=\/wp\/v2\/posts\/624\/revisions\/626"}],"wp:featuredmedia":[{"embeddable":true,"href":"https:\/\/gundem44.com.tr\/index.php?rest_route=\/wp\/v2\/media\/625"}],"wp:attachment":[{"href":"https:\/\/gundem44.com.tr\/index.php?rest_route=%2Fwp%2Fv2%2Fmedia&parent=624"}],"wp:term":[{"taxonomy":"category","embeddable":true,"href":"https:\/\/gundem44.com.tr\/index.php?rest_route=%2Fwp%2Fv2%2Fcategories&post=624"},{"taxonomy":"post_tag","embeddable":true,"href":"https:\/\/gundem44.com.tr\/index.php?rest_route=%2Fwp%2Fv2%2Ftags&post=624"}],"curies":[{"name":"wp","href":"https:\/\/api.w.org\/{rel}","templated":true}]}}