{"id":621,"date":"2026-06-14T11:54:50","date_gmt":"2026-06-14T11:54:50","guid":{"rendered":"https:\/\/gundem44.com.tr\/?p=621"},"modified":"2026-06-14T11:54:50","modified_gmt":"2026-06-14T11:54:50","slug":"malatyalilar-milli-heyecani-yuzuncu-yil-kent-parkinda-yasadi","status":"publish","type":"post","link":"https:\/\/gundem44.com.tr\/?p=621","title":{"rendered":"Malatyal\u0131lar milli heyecan\u0131 Y\u00fcz\u00fcnc\u00fc Y\u0131l Kent Park\u0131&#8217;nda ya\u015fad\u0131"},"content":{"rendered":"\n<p class=\"wp-block-paragraph\">Malatyal\u0131lar, 2026 FIFA D\u00fcnya Kupas\u0131 D Grubu&#8217;ndaki T\u00fcrkiye-Avustralya ma\u00e7\u0131n\u0131 B\u00fcy\u00fck\u015fehir Belediyesi&#8217;nin Y\u00fcz\u00fcnc\u00fc Y\u0131l Kent Park\u0131&#8217;nda kurdu\u011fu dev ekranda izledi. Binlerce vatanda\u015f\u0131n kat\u0131ld\u0131\u011f\u0131 etkinlikte milli heyecan doruktayd\u0131; bayrak ve \u00e7ay ikram\u0131 yap\u0131ld\u0131.<\/p>\n\n\n\n<p class=\"wp-block-paragraph\">Malatyal\u0131lar, 2026 FIFA D\u00fcnya Kupas\u0131&#8217;nda D Grubu&#8217;nda m\u00fccadele eden&nbsp;<a href=\"https:\/\/www.sondakika.com\/turkiye\/\">T\u00fcrkiye<\/a>&nbsp;A Milli&nbsp;<a href=\"https:\/\/www.sondakika.com\/futbol\/\">Futbol<\/a>&nbsp;Tak\u0131m\u0131m\u0131z\u0131n&nbsp;<a href=\"https:\/\/www.sondakika.com\/avustralya\/\">Avustralya<\/a>&nbsp;ile oynad\u0131\u011f\u0131 kar\u015f\u0131la\u015fmay\u0131, B\u00fcy\u00fck\u015fehir Belediyesi taraf\u0131ndan Y\u00fcz\u00fcnc\u00fc Y\u0131l Kent Park\u0131&#8217;nda kurulan dev ekrandan takip etti. Binlerce vatanda\u015f\u0131n izledi\u011fi ma\u00e7ta milli heyecan doru\u011fa \u00e7\u0131kt\u0131.<\/p>\n\n\n\n<p class=\"wp-block-paragraph\">Malatya B\u00fcy\u00fck\u015fehir Belediye Ba\u015fkan\u0131 Sami Er&#8217;in talimat\u0131yla millilerimizin D\u00fcnya Kupas\u0131 ma\u00e7lar\u0131n\u0131n dev ekrandan canl\u0131 yay\u0131nlanmas\u0131 vatanda\u015flar taraf\u0131ndan b\u00fcy\u00fck memnuniyetle kar\u015f\u0131land\u0131.<\/p>\n\n\n\n<p class=\"wp-block-paragraph\">Ellerinde T\u00fcrk bayraklar\u0131yla Y\u00fcz\u00fcnc\u00fc Y\u0131l Kent Park\u0131&#8217;n\u0131 dolduran futbolseverler, millilerimize ma\u00e7 boyunca co\u015fkuyla destek verdi. Aileleriyle birlikte park alan\u0131na gelen vatanda\u015flar, milli ma\u00e7 atmosferini hep birlikte ya\u015farken, T\u00fcrkiye&#8217;nin her ata\u011f\u0131nda b\u00fcy\u00fck heyecan ya\u015fand\u0131. Vatanda\u015flar\u0131n formayla ma\u00e7 izlemeye gelmesiyle park adeta stadyum atmosferine b\u00fcr\u00fcnd\u00fc.<\/p>\n\n\n\n<p class=\"wp-block-paragraph\">Malatya B\u00fcy\u00fck\u015fehir Belediyesi taraf\u0131ndan ma\u00e7 izlemeye gelen vatanda\u015flara T\u00fcrk Bayra\u011f\u0131 da\u011f\u0131t\u0131l\u0131rken \u00e7ay ikram\u0131 yap\u0131ld\u0131. Ye\u015filyurt Belediyesi ise sabah\u0131n erken saatlerinde ma\u00e7\u0131 izlemeye gelen vatanda\u015flara \u00e7orba ikram\u0131nda bulundu. AK Parti Gen\u00e7lik Kollar\u0131 taraf\u0131ndan da ma\u00e7\u0131 izlemeye gelenlere T\u00fcrk Bayra\u011f\u0131 da\u011f\u0131t\u0131ld\u0131.<\/p>\n\n\n\n<p class=\"wp-block-paragraph\">Kamp sandalyelerini al\u0131p ma\u00e7 izlemeye gelenlerin yo\u011fun kat\u0131l\u0131m\u0131 dikkat \u00e7ekti. \u00d6zellikle gen\u00e7lerin yo\u011fun ilgi g\u00f6sterdi\u011fi organizasyon, Malatyal\u0131lar\u0131 milli tak\u0131m etraf\u0131nda bir araya getirdi.Ba\u015fkan Sami Er&#8217;in talimat\u0131yla ger\u00e7ekle\u015ftirilen dev ekran yay\u0131nlar\u0131, T\u00fcrkiye&#8217;nin D\u00fcnya Kupas\u0131&#8217;ndaki di\u011fer ma\u00e7larda da devam edecek. Malatyal\u0131lar, ay-y\u0131ld\u0131zl\u0131 ekibimizin D\u00fcnya Kupas\u0131 yolculu\u011funu Y\u00fcz\u00fcnc\u00fc Y\u0131l Kent Park\u0131&#8217;nda hep birlikte takip etmeyi s\u00fcrd\u00fcrecek. &#8211; MALATYA<\/p>\n","protected":false},"excerpt":{"rendered":"<p>Malatyal\u0131lar, 2026 FIFA D\u00fcnya Kupas\u0131 D Grubu&#8217;ndaki T\u00fcrkiye-Avustralya ma\u00e7\u0131n\u0131 B\u00fcy\u00fck\u015fehir Belediyesi&#8217;nin Y\u00fcz\u00fcnc\u00fc Y\u0131l Kent Park\u0131&#8217;nda&#8230;<\/p>\n","protected":false},"author":1,"featured_media":622,"comment_status":"open","ping_status":"open","sticky":false,"template":"","format":"standard","meta":{"footnotes":""},"categories":[1,15],"tags":[],"class_list":["post-621","post","type-post","status-publish","format-standard","has-post-thumbnail","hentry","category-malatya-gundemi","category-spor"],"_links":{"self":[{"href":"https:\/\/gundem44.com.tr\/index.php?rest_route=\/wp\/v2\/posts\/621","targetHints":{"allow":["GET"]}}],"collection":[{"href":"https:\/\/gundem44.com.tr\/index.php?rest_route=\/wp\/v2\/posts"}],"about":[{"href":"https:\/\/gundem44.com.tr\/index.php?rest_route=\/wp\/v2\/types\/post"}],"author":[{"embeddable":true,"href":"https:\/\/gundem44.com.tr\/index.php?rest_route=\/wp\/v2\/users\/1"}],"replies":[{"embeddable":true,"href":"https:\/\/gundem44.com.tr\/index.php?rest_route=%2Fwp%2Fv2%2Fcomments&post=621"}],"version-history":[{"count":1,"href":"https:\/\/gundem44.com.tr\/index.php?rest_route=\/wp\/v2\/posts\/621\/revisions"}],"predecessor-version":[{"id":623,"href":"https:\/\/gundem44.com.tr\/index.php?rest_route=\/wp\/v2\/posts\/621\/revisions\/623"}],"wp:featuredmedia":[{"embeddable":true,"href":"https:\/\/gundem44.com.tr\/index.php?rest_route=\/wp\/v2\/media\/622"}],"wp:attachment":[{"href":"https:\/\/gundem44.com.tr\/index.php?rest_route=%2Fwp%2Fv2%2Fmedia&parent=621"}],"wp:term":[{"taxonomy":"category","embeddable":true,"href":"https:\/\/gundem44.com.tr\/index.php?rest_route=%2Fwp%2Fv2%2Fcategories&post=621"},{"taxonomy":"post_tag","embeddable":true,"href":"https:\/\/gundem44.com.tr\/index.php?rest_route=%2Fwp%2Fv2%2Ftags&post=621"}],"curies":[{"name":"wp","href":"https:\/\/api.w.org\/{rel}","templated":true}]}}