{"id":618,"date":"2026-06-14T11:51:51","date_gmt":"2026-06-14T11:51:51","guid":{"rendered":"https:\/\/gundem44.com.tr\/?p=618"},"modified":"2026-06-14T11:51:51","modified_gmt":"2026-06-14T11:51:51","slug":"atilan-mansetler-olay-butun-dunya-a-milli-takimi-konusuyor","status":"publish","type":"post","link":"https:\/\/gundem44.com.tr\/?p=618","title":{"rendered":"At\u0131lan man\u015fetler olay! B\u00fct\u00fcn d\u00fcnya A Milli Tak\u0131m&#8217;\u0131 konu\u015fuyor"},"content":{"rendered":"\n<p class=\"wp-block-paragraph\">A Milli Tak\u0131m&#8217;\u0131n Avustralya&#8217;ya 2-0 ma\u011flup olmas\u0131 d\u00fcnya bas\u0131n\u0131nda geni\u015f yank\u0131 uyand\u0131rd\u0131. Bir\u00e7ok yay\u0131n organ\u0131 sonucu D\u00fcnya Kupas\u0131&#8217;n\u0131n ilk b\u00fcy\u00fck s\u00fcrprizlerinden biri olarak de\u011ferlendirirken, baz\u0131 gazeteler Arda G\u00fcler&#8217;in performans\u0131n\u0131 \u00f6ne \u00e7\u0131kard\u0131. \u0130\u015fte detaylar&#8230;<\/p>\n\n\n\n<p class=\"wp-block-paragraph\">2026 FIFA&nbsp;<a href=\"https:\/\/www.sondakika.com\/dunya-kupasi\/\">D\u00fcnya Kupas\u0131<\/a>&nbsp;D Grubu ilk ma\u00e7\u0131nda&nbsp;<a href=\"https:\/\/www.sondakika.com\/avustralya\/\">Avustralya<\/a>&#8216;ya 2-0 ma\u011flup olan&nbsp;<a href=\"https:\/\/www.sondakika.com\/a-milli-futbol-takimi\/\">A Milli Futbol Tak\u0131m\u0131<\/a>, d\u00fcnya bas\u0131n\u0131nda man\u015fetlere ta\u015f\u0131nd\u0131.&nbsp;Favori g\u00f6sterilen T\u00fcrkiye&#8217;nin sahadan puans\u0131z ayr\u0131lmas\u0131 bir\u00e7ok \u00fclkede s\u00fcrpriz olarak yorumland\u0131.<\/p>\n\n\n\n<figure class=\"wp-block-image\"><img decoding=\"async\" src=\"https:\/\/foto.sondakika.com\/haber\/2026\/06\/14\/atilan-mansetler-olay-butun-du-19946924-4442_1_m.jpg\" alt=\"At\u0131lan man\u015fetler olay! B\u00fct\u00fcn d\u00fcnya A &lt;a class='keyword-sd' href='\/milli-takim\/' title='Milli Tak\u0131m'&gt;Milli Tak\u0131m&lt;\/a&gt;'\u0131 konu\u015fuyor\"\/><\/figure>\n\n\n\n<h3 class=\"wp-block-heading\">&#8220;FUTBOL D\u00dcNYASI \u015eA\u015eKIN&#8221;<\/h3>\n\n\n\n<p class=\"wp-block-paragraph\">\u0130ngiliz Daily Mail gazetesi, Avustralya&#8217;n\u0131n iki golle elde etti\u011fi galibiyetin futbol d\u00fcnyas\u0131n\u0131 \u015fa\u015f\u0131rtt\u0131\u011f\u0131n\u0131 yazd\u0131.&nbsp;Haberde, grupta favoriler aras\u0131nda g\u00f6sterilmeyen Avustralya&#8217;n\u0131n D\u00fcnya Kupas\u0131&#8217;n\u0131n ilk b\u00fcy\u00fck s\u00fcrprizlerinden birine imza att\u0131\u011f\u0131 vurguland\u0131.<\/p>\n\n\n\n<figure class=\"wp-block-image\"><img decoding=\"async\" src=\"https:\/\/foto.sondakika.com\/haber\/2026\/06\/14\/atilan-mansetler-olay-butun-du-19946924-4922_1_m.jpg\" alt=\"At\u0131lan man\u015fetler olay! B\u00fct\u00fcn d\u00fcnya A Milli Tak\u0131m'\u0131 konu\u015fuyor\"\/><\/figure>\n\n\n\n<h3 class=\"wp-block-heading\">&#8220;B\u00dcY\u00dcK B\u0130R S\u00dcRPR\u0130Z&#8221;<\/h3>\n\n\n\n<p class=\"wp-block-paragraph\">The Sun ise Avustralya&#8217;n\u0131n D Grubu&#8217;nda b\u00fcy\u00fck bir s\u00fcrpriz ger\u00e7ekle\u015ftirdi\u011fini belirtti.&nbsp;\u0130ngiliz gazetesi, Socceroos&#8217;un ma\u00e7\u0131 kazanmas\u0131n\u0131n beklenmedi\u011fini ancak sahada kusursuza yak\u0131n bir performans sergiledi\u011fini ifade etti.<\/p>\n\n\n\n<figure class=\"wp-block-image\"><img decoding=\"async\" src=\"https:\/\/foto.sondakika.com\/haber\/2026\/06\/14\/atilan-mansetler-olay-butun-du-19946924-4066_1_m.jpg\" alt=\"At\u0131lan man\u015fetler olay! B\u00fct\u00fcn d\u00fcnya A Milli Tak\u0131m'\u0131 konu\u015fuyor\"\/><\/figure>\n\n\n\n<h3 class=\"wp-block-heading\">&#8220;TOKAT G\u0130B\u0130 YEN\u0130LG\u0130&#8221;<\/h3>\n\n\n\n<p class=\"wp-block-paragraph\">\u0130talyan bas\u0131n\u0131ndan Gazzetta dello Sport, T\u00fcrkiye&#8217;nin ald\u0131\u011f\u0131 ma\u011flubiyeti &#8220;tokat gibi yenilgi&#8221; olarak yorumlad\u0131.&nbsp;Gazete, Avustralya&#8217;n\u0131n ma\u00e7 plan\u0131n\u0131 m\u00fckemmel uygulad\u0131\u011f\u0131n\u0131 ve Montella&#8217;n\u0131n tak\u0131m\u0131n\u0131n kritik anda yolunu kaybetti\u011fini yazd\u0131.&nbsp;Corriere dello Sport ise T\u00fcrkiye&#8217;nin h\u00fccum etmeye \u00e7al\u0131\u015fmas\u0131na ra\u011fmen s\u00fcrekli Avustralya savunmas\u0131na tak\u0131ld\u0131\u011f\u0131n\u0131 belirtti.<\/p>\n\n\n\n<h3 class=\"wp-block-heading\">&#8220;SADECE ARDA G\u00dcLER D\u0130REND\u0130&#8221;<\/h3>\n\n\n\n<p class=\"wp-block-paragraph\">\u0130spanyol AS gazetesi, milli tak\u0131mda \u00f6zellikle&nbsp;<a href=\"https:\/\/www.sondakika.com\/arda-guler\/\">Arda G\u00fcler<\/a>&#8216;in performans\u0131na dikkat \u00e7ekti.&nbsp;Haberde, &#8220;Sadece Arda G\u00fcler tak\u0131m\u0131 ayakta tutmaya \u00e7al\u0131\u015ft\u0131&#8221; ifadelerine yer verilirken, Kenan Y\u0131ld\u0131z&#8217;\u0131n oyuna girmesiyle T\u00fcrkiye&#8217;nin daha etkili hale geldi\u011fi ancak bunun sonucu de\u011fi\u015ftirmeye yetmedi\u011fi belirtildi.<\/p>\n\n\n\n<figure class=\"wp-block-image\"><img decoding=\"async\" src=\"https:\/\/foto.sondakika.com\/haber\/2026\/06\/14\/atilan-mansetler-olay-butun-du-19946924-9794_1_m.jpg\" alt=\"At\u0131lan man\u015fetler olay! B\u00fct\u00fcn d\u00fcnya A Milli Tak\u0131m'\u0131 konu\u015fuyor\"\/><\/figure>\n\n\n\n<h3 class=\"wp-block-heading\">&#8220;B\u00dcY\u00dcK SANSASYON&#8221;<\/h3>\n\n\n\n<p class=\"wp-block-paragraph\">Frans\u0131z Foot Mercato, Avustralya&#8217;n\u0131n Vancouver&#8217;da b\u00fcy\u00fck bir sansasyona imza att\u0131\u011f\u0131n\u0131 yazd\u0131.&nbsp;Haberde, T\u00fcrkiye&#8217;nin topa sahip olmas\u0131na ra\u011fmen Avustralya&#8217;n\u0131n oyun plan\u0131n\u0131 kusursuz uygulad\u0131\u011f\u0131 ve kontra ataklarla sonuca gitti\u011fi ifade edildi.<\/p>\n\n\n\n<figure class=\"wp-block-image\"><img decoding=\"async\" src=\"https:\/\/foto.sondakika.com\/haber\/2026\/06\/14\/atilan-mansetler-olay-butun-du-19946924-2643_1_m.jpg\" alt=\"At\u0131lan man\u015fetler olay! B\u00fct\u00fcn d\u00fcnya A Milli Tak\u0131m'\u0131 konu\u015fuyor\"\/><\/figure>\n\n\n\n<h3 class=\"wp-block-heading\">&#8220;\u015eOK ED\u0130C\u0130 SONU\u00c7&#8221;<\/h3>\n\n\n\n<p class=\"wp-block-paragraph\">L&#8217;Equipe ise T\u00fcrkiye&#8217;nin 24 y\u0131l sonra \u00e7\u0131kt\u0131\u011f\u0131 D\u00fcnya Kupas\u0131 ma\u00e7\u0131nda \u015fok edici bir yenilgi ald\u0131\u011f\u0131n\u0131 belirtti.&nbsp;Frans\u0131z gazetesi, Avrupa \u015eampiyonas\u0131&#8217;nda \u00e7eyrek finale y\u00fckselen T\u00fcrkiye&#8217;nin Avustralya&#8217;n\u0131n savunmas\u0131n\u0131 a\u015fmakta zorland\u0131\u011f\u0131n\u0131 vurgulad\u0131.<\/p>\n","protected":false},"excerpt":{"rendered":"<p>A Milli Tak\u0131m&#8217;\u0131n Avustralya&#8217;ya 2-0 ma\u011flup olmas\u0131 d\u00fcnya bas\u0131n\u0131nda geni\u015f yank\u0131 uyand\u0131rd\u0131. Bir\u00e7ok yay\u0131n organ\u0131&#8230;<\/p>\n","protected":false},"author":1,"featured_media":619,"comment_status":"open","ping_status":"open","sticky":false,"template":"","format":"standard","meta":{"footnotes":""},"categories":[15],"tags":[],"class_list":["post-618","post","type-post","status-publish","format-standard","has-post-thumbnail","hentry","category-spor"],"_links":{"self":[{"href":"https:\/\/gundem44.com.tr\/index.php?rest_route=\/wp\/v2\/posts\/618","targetHints":{"allow":["GET"]}}],"collection":[{"href":"https:\/\/gundem44.com.tr\/index.php?rest_route=\/wp\/v2\/posts"}],"about":[{"href":"https:\/\/gundem44.com.tr\/index.php?rest_route=\/wp\/v2\/types\/post"}],"author":[{"embeddable":true,"href":"https:\/\/gundem44.com.tr\/index.php?rest_route=\/wp\/v2\/users\/1"}],"replies":[{"embeddable":true,"href":"https:\/\/gundem44.com.tr\/index.php?rest_route=%2Fwp%2Fv2%2Fcomments&post=618"}],"version-history":[{"count":1,"href":"https:\/\/gundem44.com.tr\/index.php?rest_route=\/wp\/v2\/posts\/618\/revisions"}],"predecessor-version":[{"id":620,"href":"https:\/\/gundem44.com.tr\/index.php?rest_route=\/wp\/v2\/posts\/618\/revisions\/620"}],"wp:featuredmedia":[{"embeddable":true,"href":"https:\/\/gundem44.com.tr\/index.php?rest_route=\/wp\/v2\/media\/619"}],"wp:attachment":[{"href":"https:\/\/gundem44.com.tr\/index.php?rest_route=%2Fwp%2Fv2%2Fmedia&parent=618"}],"wp:term":[{"taxonomy":"category","embeddable":true,"href":"https:\/\/gundem44.com.tr\/index.php?rest_route=%2Fwp%2Fv2%2Fcategories&post=618"},{"taxonomy":"post_tag","embeddable":true,"href":"https:\/\/gundem44.com.tr\/index.php?rest_route=%2Fwp%2Fv2%2Ftags&post=618"}],"curies":[{"name":"wp","href":"https:\/\/api.w.org\/{rel}","templated":true}]}}