{"id":602,"date":"2026-06-12T21:38:05","date_gmt":"2026-06-12T21:38:05","guid":{"rendered":"https:\/\/gundem44.com.tr\/?p=602"},"modified":"2026-06-12T21:38:05","modified_gmt":"2026-06-12T21:38:05","slug":"malatyada-ogretmenlere-psikososyal-destek-projesi-tamamlandi","status":"publish","type":"post","link":"https:\/\/gundem44.com.tr\/?p=602","title":{"rendered":"Malatya&#8217;da \u00d6\u011fretmenlere Psikososyal Destek Projesi Tamamland\u0131"},"content":{"rendered":"\n<p class=\"wp-block-paragraph\">Malatya&#8217;da, afet sonras\u0131 \u00f6\u011fretmenlere y\u00f6nelik psikososyal iyile\u015fme projesi tamamland\u0131 ve sertifikalar verildi.<\/p>\n\n\n\n<p class=\"wp-block-paragraph\"><a href=\"https:\/\/www.sondakika.com\/malatya\/\">Malatya<\/a>&#8216;da &#8220;Afet Sonras\u0131 \u00d6\u011fretmenlerde Psikososyal \u0130yile\u015fme Program\u0131: TSM Temelli Psikodrama M\u00fcdahaleleri&#8221; projesi tamamland\u0131.<\/p>\n\n\n\n<p class=\"wp-block-paragraph\">Sanayi ve Teknoloji Bakanl\u0131\u011f\u0131 Kalk\u0131nma Ajanslar\u0131 Genel M\u00fcd\u00fcrl\u00fc\u011f\u00fc koordinasyonunda faaliyetlerini y\u00fcr\u00fcten F\u0131rat Kalk\u0131nma Ajans\u0131 Teknik Destek Program\u0131 kapsam\u0131nda desteklenen Malatya \u0130l Milli&nbsp;<a href=\"https:\/\/www.sondakika.com\/egitim\/\">E\u011fitim<\/a>&nbsp;M\u00fcd\u00fcrl\u00fc\u011f\u00fcn\u00fcn y\u00fcr\u00fctt\u00fc\u011f\u00fc &#8220;Afet Sonras\u0131 \u00d6\u011fretmenlerde Psikososyal \u0130yile\u015fme Program\u0131: TSM Temelli Psikodrama M\u00fcdahaleleri&#8221; projesi ba\u015far\u0131yla tamamland\u0131. Proje kapsam\u0131nda e\u011fitimlerini tamamlayan kat\u0131l\u0131mc\u0131lara d\u00fczenlenen t\u00f6renle sertifikalar\u0131 takdim edildi. T\u00f6rene F\u0131rat Kalk\u0131nma Ajans\u0131 Genel Sekreteri Mehmet \u015eirin Budancamanak ile Malatya \u0130l Milli E\u011fitim M\u00fcd\u00fcr\u00fc Beh\u00e7et Bak\u0131r ve \u00e7ok say\u0131da e\u011fitimci kat\u0131ld\u0131.<\/p>\n\n\n\n<p class=\"wp-block-paragraph\">Programda konu\u015fan F\u0131rat Kalk\u0131nma Ajans\u0131 Genel Sekreteri Mehmet \u015eirin Budancamanak, afetlerin yaln\u0131zca fiziksel de\u011fil, ayn\u0131 zamanda sosyal ve psikolojik etkilerinin de uzun s\u00fcre devam etti\u011fini belirterek, &#8220;6 \u015eubat depremlerinin ard\u0131ndan b\u00f6lgemizde e\u011fitim camias\u0131n\u0131n yeniden g\u00fc\u00e7lenmesi ve \u00f6\u011fretmenlerimizin psikososyal a\u00e7\u0131dan desteklenmesi b\u00fcy\u00fck \u00f6nem ta\u015f\u0131yor. Bu proje sayesinde \u00f6\u011fretmenlerimizin ya\u015fad\u0131klar\u0131 zorlu s\u00fcreci daha sa\u011fl\u0131kl\u0131 \u015fekilde y\u00f6netmelerine katk\u0131 sa\u011fland\u0131\u011f\u0131na inan\u0131yoruz. F\u0131rat Kalk\u0131nma Ajans\u0131 olarak b\u00f6lgemizin kalk\u0131nmas\u0131na y\u00f6nelik \u00e7al\u0131\u015fmalar\u0131m\u0131z\u0131n yan\u0131 s\u0131ra insan odakl\u0131 sosyal projeleri de desteklemeye devam edece\u011fiz. Eme\u011fi ge\u00e7en t\u00fcm payda\u015flar\u0131 ve programa kat\u0131l\u0131m sa\u011flayan \u00f6\u011fretmenlerimizi tebrik ediyorum&#8221; dedi.<\/p>\n\n\n\n<p class=\"wp-block-paragraph\">Malatya \u0130l Milli E\u011fitim M\u00fcd\u00fcr\u00fc Beh\u00e7et Bak\u0131r ise \u00f6\u011fretmenlerin afet sonras\u0131 s\u00fcre\u00e7te \u00fcstlendikleri kritik role dikkat \u00e7ekerek, &#8220;\u00d6\u011fretmenlerimiz, ya\u015fad\u0131klar\u0131 t\u00fcm zorluklara ra\u011fmen \u00f6\u011frencilerimizin yan\u0131nda olmaya devam etti. Bu s\u00fcre\u00e7te onlar\u0131n psikolojik dayan\u0131kl\u0131l\u0131klar\u0131n\u0131n art\u0131r\u0131lmas\u0131 ve mesleki motivasyonlar\u0131n\u0131n g\u00fc\u00e7lendirilmesi b\u00fcy\u00fck \u00f6nem ta\u015f\u0131yor. Psikodrama temelli m\u00fcdahalelerle ger\u00e7ekle\u015ftirilen bu program\u0131n \u00f6\u011fretmenlerimizin hem bireysel iyilik hallerine hem de e\u011fitim ortamlar\u0131na olumlu katk\u0131lar sundu\u011funu d\u00fc\u015f\u00fcn\u00fcyoruz. Desteklerinden dolay\u0131 F\u0131rat Kalk\u0131nma Ajans\u0131na te\u015fekk\u00fcr ediyor, programa kat\u0131lan t\u00fcm \u00f6\u011fretmenlerimizi kutluyorum&#8221; diye konu\u015ftu.<\/p>\n","protected":false},"excerpt":{"rendered":"<p>Malatya&#8217;da, afet sonras\u0131 \u00f6\u011fretmenlere y\u00f6nelik psikososyal iyile\u015fme projesi tamamland\u0131 ve sertifikalar verildi. Malatya&#8216;da &#8220;Afet Sonras\u0131&#8230;<\/p>\n","protected":false},"author":1,"featured_media":603,"comment_status":"open","ping_status":"open","sticky":false,"template":"","format":"standard","meta":{"footnotes":""},"categories":[1],"tags":[],"class_list":["post-602","post","type-post","status-publish","format-standard","has-post-thumbnail","hentry","category-malatya-gundemi"],"_links":{"self":[{"href":"https:\/\/gundem44.com.tr\/index.php?rest_route=\/wp\/v2\/posts\/602","targetHints":{"allow":["GET"]}}],"collection":[{"href":"https:\/\/gundem44.com.tr\/index.php?rest_route=\/wp\/v2\/posts"}],"about":[{"href":"https:\/\/gundem44.com.tr\/index.php?rest_route=\/wp\/v2\/types\/post"}],"author":[{"embeddable":true,"href":"https:\/\/gundem44.com.tr\/index.php?rest_route=\/wp\/v2\/users\/1"}],"replies":[{"embeddable":true,"href":"https:\/\/gundem44.com.tr\/index.php?rest_route=%2Fwp%2Fv2%2Fcomments&post=602"}],"version-history":[{"count":1,"href":"https:\/\/gundem44.com.tr\/index.php?rest_route=\/wp\/v2\/posts\/602\/revisions"}],"predecessor-version":[{"id":604,"href":"https:\/\/gundem44.com.tr\/index.php?rest_route=\/wp\/v2\/posts\/602\/revisions\/604"}],"wp:featuredmedia":[{"embeddable":true,"href":"https:\/\/gundem44.com.tr\/index.php?rest_route=\/wp\/v2\/media\/603"}],"wp:attachment":[{"href":"https:\/\/gundem44.com.tr\/index.php?rest_route=%2Fwp%2Fv2%2Fmedia&parent=602"}],"wp:term":[{"taxonomy":"category","embeddable":true,"href":"https:\/\/gundem44.com.tr\/index.php?rest_route=%2Fwp%2Fv2%2Fcategories&post=602"},{"taxonomy":"post_tag","embeddable":true,"href":"https:\/\/gundem44.com.tr\/index.php?rest_route=%2Fwp%2Fv2%2Ftags&post=602"}],"curies":[{"name":"wp","href":"https:\/\/api.w.org\/{rel}","templated":true}]}}