{"id":599,"date":"2026-06-12T21:35:57","date_gmt":"2026-06-12T21:35:57","guid":{"rendered":"https:\/\/gundem44.com.tr\/?p=599"},"modified":"2026-06-12T21:35:57","modified_gmt":"2026-06-12T21:35:57","slug":"malatyada-haci-huseyin-koluk-camisi-acildi","status":"publish","type":"post","link":"https:\/\/gundem44.com.tr\/?p=599","title":{"rendered":"Malatya&#8217;da Hac\u0131 H\u00fcseyin K\u00f6l\u00fck Camisi A\u00e7\u0131ld\u0131"},"content":{"rendered":"\n<p class=\"wp-block-paragraph\">Hay\u0131rsever i\u015f adam\u0131 \u0130brahim K\u00f6l\u00fck&#8217;\u00fcn yapt\u0131rd\u0131\u011f\u0131 cami, d\u00fczenlenen t\u00f6renle ibadete a\u00e7\u0131ld\u0131.<\/p>\n\n\n\n<p class=\"wp-block-paragraph\"><a href=\"https:\/\/www.sondakika.com\/malatya\/\">Malatya<\/a>&#8216;da hay\u0131rsever i\u015f adam\u0131 taraf\u0131ndan yapt\u0131r\u0131lan Hac\u0131 H\u00fcseyin K\u00f6l\u00fck Camisi t\u00f6renle ibadete a\u00e7\u0131ld\u0131.<\/p>\n\n\n\n<p class=\"wp-block-paragraph\">Valilikten yap\u0131lan yaz\u0131l\u0131 a\u00e7\u0131klamaya g\u00f6re, Kur&#8217;an-\u0131 Kerim tilaveti ve yap\u0131lan dualar\u0131n ard\u0131ndan konu\u015fan Vali Seddar Yavuz, merhum Hac\u0131 H\u00fcseyin K\u00f6l\u00fck&#8217;\u00fcn ad\u0131n\u0131 ya\u015fatan caminin a\u00e7\u0131l\u0131\u015f\u0131n\u0131 ger\u00e7ekle\u015ftirmenin mutlulu\u011funu ya\u015fad\u0131klar\u0131n\u0131 belirtti.<\/p>\n\n\n\n<p class=\"wp-block-paragraph\">Caminin hay\u0131rl\u0131 olmas\u0131n\u0131 temenni eden Yavuz, &#8220;Memleketine olan vefas\u0131n\u0131 anlaml\u0131 bir eserle ta\u00e7land\u0131ran k\u0131ymetli hem\u015ferimiz \u0130brahim K\u00f6l\u00fck&#8217;\u00fc g\u00f6n\u00fclden tebrik ediyor, merhum Hac\u0131 H\u00fcseyin K\u00f6l\u00fck&#8217;e Allah&#8217;tan rahmet diliyorum. Hay\u0131rsever vatanda\u015flar\u0131m\u0131z\u0131n \u015fehrimize kazand\u0131rd\u0131\u011f\u0131 her eser, birlik ve beraberli\u011fimizin en g\u00fczel g\u00f6stergelerinden biridir.&#8221; ifadelerini kulland\u0131.<\/p>\n\n\n\n<p class=\"wp-block-paragraph\">Edilen duan\u0131n ard\u0131ndan a\u00e7\u0131l\u0131\u015f kurdelesi kesildi.<\/p>\n\n\n\n<p class=\"wp-block-paragraph\">Yavuz ve beraberindeki protokol \u00fcyeleri camide incelemelerde bulunarak vatanda\u015flarla bir araya geldi.<\/p>\n\n\n\n<p class=\"wp-block-paragraph\">A\u00e7\u0131l\u0131\u015f program\u0131na, B\u00fcy\u00fck\u015fehir Belediye Ba\u015fkan\u0131 Sami Er, Vali Yard\u0131mc\u0131s\u0131 Ahmet Korkmaz, Battalgazi Belediye Ba\u015fkan\u0131 Bayram Ta\u015fk\u0131n, \u0130l M\u00fcft\u00fcs\u00fc Ramazan Dolu, hay\u0131rsever i\u015f insan\u0131 \u0130brahim K\u00f6l\u00fck ile vatanda\u015flar kat\u0131ld\u0131.<\/p>\n","protected":false},"excerpt":{"rendered":"<p>Hay\u0131rsever i\u015f adam\u0131 \u0130brahim K\u00f6l\u00fck&#8217;\u00fcn yapt\u0131rd\u0131\u011f\u0131 cami, d\u00fczenlenen t\u00f6renle ibadete a\u00e7\u0131ld\u0131. Malatya&#8216;da hay\u0131rsever i\u015f adam\u0131&#8230;<\/p>\n","protected":false},"author":1,"featured_media":600,"comment_status":"open","ping_status":"open","sticky":false,"template":"","format":"standard","meta":{"footnotes":""},"categories":[1],"tags":[],"class_list":["post-599","post","type-post","status-publish","format-standard","has-post-thumbnail","hentry","category-malatya-gundemi"],"_links":{"self":[{"href":"https:\/\/gundem44.com.tr\/index.php?rest_route=\/wp\/v2\/posts\/599","targetHints":{"allow":["GET"]}}],"collection":[{"href":"https:\/\/gundem44.com.tr\/index.php?rest_route=\/wp\/v2\/posts"}],"about":[{"href":"https:\/\/gundem44.com.tr\/index.php?rest_route=\/wp\/v2\/types\/post"}],"author":[{"embeddable":true,"href":"https:\/\/gundem44.com.tr\/index.php?rest_route=\/wp\/v2\/users\/1"}],"replies":[{"embeddable":true,"href":"https:\/\/gundem44.com.tr\/index.php?rest_route=%2Fwp%2Fv2%2Fcomments&post=599"}],"version-history":[{"count":1,"href":"https:\/\/gundem44.com.tr\/index.php?rest_route=\/wp\/v2\/posts\/599\/revisions"}],"predecessor-version":[{"id":601,"href":"https:\/\/gundem44.com.tr\/index.php?rest_route=\/wp\/v2\/posts\/599\/revisions\/601"}],"wp:featuredmedia":[{"embeddable":true,"href":"https:\/\/gundem44.com.tr\/index.php?rest_route=\/wp\/v2\/media\/600"}],"wp:attachment":[{"href":"https:\/\/gundem44.com.tr\/index.php?rest_route=%2Fwp%2Fv2%2Fmedia&parent=599"}],"wp:term":[{"taxonomy":"category","embeddable":true,"href":"https:\/\/gundem44.com.tr\/index.php?rest_route=%2Fwp%2Fv2%2Fcategories&post=599"},{"taxonomy":"post_tag","embeddable":true,"href":"https:\/\/gundem44.com.tr\/index.php?rest_route=%2Fwp%2Fv2%2Ftags&post=599"}],"curies":[{"name":"wp","href":"https:\/\/api.w.org\/{rel}","templated":true}]}}