{"id":593,"date":"2026-06-12T21:32:27","date_gmt":"2026-06-12T21:32:27","guid":{"rendered":"https:\/\/gundem44.com.tr\/?p=593"},"modified":"2026-06-12T21:32:27","modified_gmt":"2026-06-12T21:32:27","slug":"mtude-bilisim-teknolojileri-yuksekokulu-acildi","status":"publish","type":"post","link":"https:\/\/gundem44.com.tr\/?p=593","title":{"rendered":"MT\u00dc&#8217;de Bili\u015fim Teknolojileri Y\u00fcksekokulu A\u00e7\u0131ld\u0131"},"content":{"rendered":"\n<p class=\"wp-block-paragraph\">Malatya Turgut \u00d6zal \u00dcniversitesi, dijital d\u00f6n\u00fc\u015f\u00fcm i\u00e7in Bili\u015fim Teknolojileri Meslek Y\u00fcksekokulu a\u00e7t\u0131.<\/p>\n\n\n\n<p class=\"wp-block-paragraph\">Y\u00fcksek\u00f6\u011fretim Kurulu karar\u0131yla&nbsp;<a href=\"https:\/\/www.sondakika.com\/malatya\/\">Malatya<\/a>&nbsp;Turgut \u00d6zal \u00dcniversitesi (MT\u00dc) b\u00fcnyesinde, T\u00fcrkiye&#8217;nin dijital d\u00f6n\u00fc\u015f\u00fcm hedefleri ve y\u00fcksek\u00f6\u011fretimde yeni nesil bilgiyle donat\u0131lm\u0131\u015f insan kayna\u011f\u0131 yeti\u015ftirme vizyonuna katk\u0131 sa\u011flayacak Bili\u015fim Teknolojileri Meslek Y\u00fcksekokulu a\u00e7\u0131ld\u0131. Meslek Y\u00fcksekokulu yapay zeka, siber g\u00fcvenlik, robotik, veri teknolojileri ve yeni nesil bili\u015fim alanlar\u0131nda nitelikli teknik insan kayna\u011f\u0131 yeti\u015ftirilmesi misyonuna sahip olacak.<\/p>\n\n\n\n<p class=\"wp-block-paragraph\">Son y\u0131llarda dijital teknolojiler ve yapay zeka alan\u0131nda y\u00fcr\u00fct\u00fclen ba\u015far\u0131l\u0131 \u00e7al\u0131\u015fmalarla akademik performans\u0131n\u0131 y\u00fckselten Malatya Turgut \u00d6zal \u00dcniversitesi, daha \u00f6nce de b\u00f6lgede ilk kez a\u00e7\u0131lan Yapay Zeka M\u00fchendisli\u011fi Tezli Y\u00fcksek Lisans Program\u0131 ile lisans\u00fcst\u00fc e\u011fitimde \u00f6nemli bir ad\u0131m atm\u0131\u015ft\u0131. Web of Science (WoS) verilerine g\u00f6re \u00f6\u011fretim \u00fcyesi ba\u015f\u0131na d\u00fc\u015fen yapay zeka alan\u0131ndaki yay\u0131n say\u0131s\u0131nda b\u00f6lgede F\u0131rat \u00dcniversitesi&#8217;nden sonra ikinci s\u0131rada yer alan MT\u00dc, bu alandaki akademik \u00fcretkenli\u011fini ve ara\u015ft\u0131rma kapasitesini g\u00fc\u00e7lendirmeye devam ediyor.<\/p>\n\n\n\n<p class=\"wp-block-paragraph\">Konuya ili\u015fkin olarak MT\u00dc Rekt\u00f6r\u00fc Prof. Dr. Recep Bentli, \u00fcniversitenin bili\u015fim ve yapay zeka odakl\u0131 geli\u015fim s\u00fcrecine dikkat \u00e7ekerek \u015funlar\u0131 ifade etti:<\/p>\n\n\n\n<p class=\"wp-block-paragraph\">&#8220;Malatya Turgut \u00d6zal \u00dcniversitesi olarak \u00e7a\u011f\u0131n gerektirdi\u011fi bilimsel ve teknolojik d\u00f6n\u00fc\u015f\u00fcm\u00fc yak\u0131ndan takip ediyor, e\u011fitim programlar\u0131m\u0131z\u0131 \u00fclkemizin ihtiya\u00e7 duydu\u011fu nitelikli insan kayna\u011f\u0131na katk\u0131 sunacak \u015fekilde geli\u015ftirmeye devam ediyoruz. B\u00f6lgemizde ilk kez a\u00e7t\u0131\u011f\u0131m\u0131z Yapay Zeka M\u00fchendisli\u011fi Tezli Y\u00fcksek Lisans Program\u0131, \u00fcniversitemizin yapay zeka alan\u0131ndaki \u00fcretkenli\u011finin bir sonucu olmu\u015ftur. Bili\u015fim Teknolojileri Meslek Y\u00fcksekokulumuzun a\u00e7\u0131lmas\u0131yla birlikte bu g\u00fc\u00e7l\u00fc akademik birikimi uygulamal\u0131 e\u011fitimle bulu\u015fturarak bili\u015fim alan\u0131ndaki kapasitemizi daha g\u00fc\u00e7l\u00fc ve daha g\u00f6r\u00fcn\u00fcr k\u0131l\u0131yoruz.&#8221;<\/p>\n\n\n\n<p class=\"wp-block-paragraph\">Bili\u015fim Teknolojileri Meslek Y\u00fcksekokulu&#8217;nun, \u00f6\u011frencilerin yaln\u0131zca teorik bilgi edinmesini de\u011fil, ayn\u0131 zamanda sekt\u00f6r\u00fcn ihtiya\u00e7 duydu\u011fu uygulama becerilerine sahip, \u00fcretken, yenilik\u00e7i ve \u00e7\u00f6z\u00fcm odakl\u0131 bireyler olarak yeti\u015fmesini hedefledi\u011fini belirten Rekt\u00f6r Bentli, y\u00fcksekokulun b\u00f6lgenin yapay zeka ve dijital d\u00f6n\u00fc\u015f\u00fcm s\u00fcrecine ve nitelikli istihdam kapasitesine \u00f6nemli katk\u0131lar sunaca\u011f\u0131n\u0131 vurgulad\u0131.<\/p>\n\n\n\n<p class=\"wp-block-paragraph\">Rekt\u00f6r Bentli, \u00fcniversitenin b\u00fcy\u00fcme ve geli\u015fme s\u00fcrecine verdikleri desteklerden dolay\u0131 Y\u00fcksek\u00f6\u011fretim Kurulu Ba\u015fkan\u0131 Prof. Dr. Erol \u00d6zvar&#8217;a ve Y\u00fcksek\u00f6\u011fretim Kuruluna te\u015fekk\u00fcr etti.&nbsp;<\/p>\n","protected":false},"excerpt":{"rendered":"<p>Malatya Turgut \u00d6zal \u00dcniversitesi, dijital d\u00f6n\u00fc\u015f\u00fcm i\u00e7in Bili\u015fim Teknolojileri Meslek Y\u00fcksekokulu a\u00e7t\u0131. Y\u00fcksek\u00f6\u011fretim Kurulu karar\u0131yla&nbsp;Malatya&nbsp;Turgut&#8230;<\/p>\n","protected":false},"author":1,"featured_media":594,"comment_status":"open","ping_status":"open","sticky":false,"template":"","format":"standard","meta":{"footnotes":""},"categories":[1],"tags":[],"class_list":["post-593","post","type-post","status-publish","format-standard","has-post-thumbnail","hentry","category-malatya-gundemi"],"_links":{"self":[{"href":"https:\/\/gundem44.com.tr\/index.php?rest_route=\/wp\/v2\/posts\/593","targetHints":{"allow":["GET"]}}],"collection":[{"href":"https:\/\/gundem44.com.tr\/index.php?rest_route=\/wp\/v2\/posts"}],"about":[{"href":"https:\/\/gundem44.com.tr\/index.php?rest_route=\/wp\/v2\/types\/post"}],"author":[{"embeddable":true,"href":"https:\/\/gundem44.com.tr\/index.php?rest_route=\/wp\/v2\/users\/1"}],"replies":[{"embeddable":true,"href":"https:\/\/gundem44.com.tr\/index.php?rest_route=%2Fwp%2Fv2%2Fcomments&post=593"}],"version-history":[{"count":1,"href":"https:\/\/gundem44.com.tr\/index.php?rest_route=\/wp\/v2\/posts\/593\/revisions"}],"predecessor-version":[{"id":595,"href":"https:\/\/gundem44.com.tr\/index.php?rest_route=\/wp\/v2\/posts\/593\/revisions\/595"}],"wp:featuredmedia":[{"embeddable":true,"href":"https:\/\/gundem44.com.tr\/index.php?rest_route=\/wp\/v2\/media\/594"}],"wp:attachment":[{"href":"https:\/\/gundem44.com.tr\/index.php?rest_route=%2Fwp%2Fv2%2Fmedia&parent=593"}],"wp:term":[{"taxonomy":"category","embeddable":true,"href":"https:\/\/gundem44.com.tr\/index.php?rest_route=%2Fwp%2Fv2%2Fcategories&post=593"},{"taxonomy":"post_tag","embeddable":true,"href":"https:\/\/gundem44.com.tr\/index.php?rest_route=%2Fwp%2Fv2%2Ftags&post=593"}],"curies":[{"name":"wp","href":"https:\/\/api.w.org\/{rel}","templated":true}]}}