{"id":568,"date":"2026-06-12T01:05:47","date_gmt":"2026-06-12T01:05:47","guid":{"rendered":"https:\/\/gundem44.com.tr\/?p=568"},"modified":"2026-06-12T01:05:47","modified_gmt":"2026-06-12T01:05:47","slug":"turkiye-gures-federasyonu-hatira-ormani-malatyada-torenle-acildi","status":"publish","type":"post","link":"https:\/\/gundem44.com.tr\/?p=568","title":{"rendered":"T\u00fcrkiye G\u00fcre\u015f Federasyonu Hat\u0131ra Orman\u0131 Malatya&#8217;da t\u00f6renle a\u00e7\u0131ld\u0131"},"content":{"rendered":"\n<p class=\"wp-block-paragraph\">T\u00fcrkiye G\u00fcre\u015f Federasyonu taraf\u0131ndan &#8216;Gelece\u011fe Nefes, Malatya&#8217;ya Umut&#8217; temas\u0131yla olu\u015fturulan hat\u0131ra orman\u0131, d\u00fczenlenen t\u00f6renle a\u00e7\u0131ld\u0131. A\u00e7\u0131l\u0131\u015fa Taha Akg\u00fcl, milli sporcular ve protokol \u00fcyeleri kat\u0131ld\u0131.<\/p>\n\n\n\n<p class=\"wp-block-paragraph\">T\u00fcrkiye G\u00fcre\u015f Federasyonu taraf\u0131ndan &#8220;Gelece\u011fe Nefes,&nbsp;<a href=\"https:\/\/www.sondakika.com\/malatya\/\">Malatya<\/a>&#8216;ya Umut&#8221; temas\u0131yla olu\u015fturulan T\u00fcrkiye G\u00fcre\u015f Federasyonu Hat\u0131ra Orman\u0131 d\u00fczenlenen t\u00f6renle a\u00e7\u0131ld\u0131.<\/p>\n\n\n\n<p class=\"wp-block-paragraph\">Tar\u0131m ve Orman Bakanl\u0131\u011f\u0131, K\u00fclt\u00fcr ve Turizm Bakanl\u0131\u011f\u0131, Gen\u00e7lik ve&nbsp;<a href=\"https:\/\/www.sondakika.com\/Spor\/\">Spor<\/a>&nbsp;Bakanl\u0131\u011f\u0131, Malatya Valili\u011fi, Malatya B\u00fcy\u00fck\u015fehir Belediyesi, T\u00fcrkiye G\u00fcre\u015f Federasyonu ve Levent Kanyonu Spor Kul\u00fcb\u00fc i\u015f birli\u011fiyle hayata ge\u00e7irilen hat\u0131ra orman\u0131n\u0131n a\u00e7\u0131l\u0131\u015f\u0131na Malatya Vali Yard\u0131mc\u0131s\u0131 Talat Tabur, T\u00fcrkiye G\u00fcre\u015f Federasyonu Ba\u015fkan\u0131&nbsp;<a href=\"https:\/\/www.sondakika.com\/taha-akgul\/\">Taha Akg\u00fcl<\/a>, milli sporcular, kurum temsilcileri ve davetliler kat\u0131ld\u0131.<\/p>\n\n\n\n<p class=\"wp-block-paragraph\">Program\u0131n a\u00e7\u0131l\u0131\u015f\u0131nda konu\u015fan Levent Kanyonu Spor Kul\u00fcb\u00fc Ba\u015fkan\u0131 \u0130lker \u00c7ark\u00e7\u0131, kul\u00fcb\u00fcn Malatya&#8217;n\u0131n tan\u0131t\u0131m\u0131na katk\u0131 sunmak amac\u0131yla kuruldu\u011funu belirterek, Levent Kanyonu&#8217;nun bilinirli\u011fini art\u0131rmak i\u00e7in \u00e7e\u015fitli \u00e7al\u0131\u015fmalar y\u00fcr\u00fctt\u00fcklerini s\u00f6yledi. \u00c7ark\u00e7\u0131, projeye destek veren Malatya Valili\u011fi, B\u00fcy\u00fck\u015fehir Belediyesi ve T\u00fcrkiye G\u00fcre\u015f Federasyonu&#8217;na te\u015fekk\u00fcr etti. Malatya \u0130l K\u00fclt\u00fcr ve Turizm M\u00fcd\u00fcr\u00fc Yener Oba ise T\u00fcrkiye Y\u00fczy\u0131l\u0131 vizyonu do\u011frultusunda k\u00fclt\u00fcrel de\u011ferlerin ya\u015fat\u0131lmas\u0131 ve gelecek nesillere aktar\u0131lmas\u0131 ad\u0131na bu t\u00fcr organizasyonlar\u0131n \u00f6nemli katk\u0131lar sundu\u011funu ifade etti.<\/p>\n\n\n\n<p class=\"wp-block-paragraph\">Malatya Gen\u00e7lik ve Spor \u0130l M\u00fcd\u00fcr\u00fc Ebubekir Kayhan da sporun birle\u015ftirici g\u00fcc\u00fcne dikkat \u00e7ekerek, gen\u00e7lere rol model olan sporcular\u0131n kat\u0131l\u0131m\u0131yla ger\u00e7ekle\u015ftirilen etkinli\u011fin anlaml\u0131 oldu\u011funu belirtti. T\u00fcrkiye G\u00fcre\u015f Federasyonu Ba\u015fkan\u0131 Taha Akg\u00fcl ise federasyon olarak uzun s\u00fcredir bir hat\u0131ra orman\u0131 olu\u015fturmay\u0131 planlad\u0131klar\u0131n\u0131 ifade ederek, do\u011fayla i\u00e7 i\u00e7e yeti\u015fen sporcular olarak a\u011fa\u00e7lar\u0131n ve \u00e7evrenin korunmas\u0131na b\u00fcy\u00fck \u00f6nem verdiklerini s\u00f6yledi. Akg\u00fcl, federasyonun sosyal sorumluluk projelerine devam edece\u011fini kaydetti.<\/p>\n\n\n\n<p class=\"wp-block-paragraph\">Malatya Vali Yard\u0131mc\u0131s\u0131 Talat Tabur da 6 \u015eubat depremlerinin ard\u0131ndan Malatya&#8217;n\u0131n yeniden aya\u011fa kalkma s\u00fcrecini s\u00fcrd\u00fcrd\u00fc\u011f\u00fcn\u00fc belirterek, olu\u015fturulan hat\u0131ra orman\u0131n\u0131n \u015fehrin \u00e7evre vizyonuna katk\u0131 sa\u011flayaca\u011f\u0131n\u0131 ifade etti. Konu\u015fmalar\u0131n ard\u0131ndan T\u00fcrkiye G\u00fcre\u015f Federasyonu Hat\u0131ra Orman\u0131&#8217;n\u0131n a\u00e7\u0131l\u0131\u015f\u0131 ger\u00e7ekle\u015ftirildi. Program sonunda fidanlar toprakla bulu\u015fturuldu. &#8211; MALATYA<\/p>\n","protected":false},"excerpt":{"rendered":"<p>T\u00fcrkiye G\u00fcre\u015f Federasyonu taraf\u0131ndan &#8216;Gelece\u011fe Nefes, Malatya&#8217;ya Umut&#8217; temas\u0131yla olu\u015fturulan hat\u0131ra orman\u0131, d\u00fczenlenen t\u00f6renle a\u00e7\u0131ld\u0131&#8230;.<\/p>\n","protected":false},"author":1,"featured_media":569,"comment_status":"open","ping_status":"open","sticky":false,"template":"","format":"standard","meta":{"footnotes":""},"categories":[1],"tags":[],"class_list":["post-568","post","type-post","status-publish","format-standard","has-post-thumbnail","hentry","category-malatya-gundemi"],"_links":{"self":[{"href":"https:\/\/gundem44.com.tr\/index.php?rest_route=\/wp\/v2\/posts\/568","targetHints":{"allow":["GET"]}}],"collection":[{"href":"https:\/\/gundem44.com.tr\/index.php?rest_route=\/wp\/v2\/posts"}],"about":[{"href":"https:\/\/gundem44.com.tr\/index.php?rest_route=\/wp\/v2\/types\/post"}],"author":[{"embeddable":true,"href":"https:\/\/gundem44.com.tr\/index.php?rest_route=\/wp\/v2\/users\/1"}],"replies":[{"embeddable":true,"href":"https:\/\/gundem44.com.tr\/index.php?rest_route=%2Fwp%2Fv2%2Fcomments&post=568"}],"version-history":[{"count":1,"href":"https:\/\/gundem44.com.tr\/index.php?rest_route=\/wp\/v2\/posts\/568\/revisions"}],"predecessor-version":[{"id":570,"href":"https:\/\/gundem44.com.tr\/index.php?rest_route=\/wp\/v2\/posts\/568\/revisions\/570"}],"wp:featuredmedia":[{"embeddable":true,"href":"https:\/\/gundem44.com.tr\/index.php?rest_route=\/wp\/v2\/media\/569"}],"wp:attachment":[{"href":"https:\/\/gundem44.com.tr\/index.php?rest_route=%2Fwp%2Fv2%2Fmedia&parent=568"}],"wp:term":[{"taxonomy":"category","embeddable":true,"href":"https:\/\/gundem44.com.tr\/index.php?rest_route=%2Fwp%2Fv2%2Fcategories&post=568"},{"taxonomy":"post_tag","embeddable":true,"href":"https:\/\/gundem44.com.tr\/index.php?rest_route=%2Fwp%2Fv2%2Ftags&post=568"}],"curies":[{"name":"wp","href":"https:\/\/api.w.org\/{rel}","templated":true}]}}