{"id":562,"date":"2026-06-12T01:00:32","date_gmt":"2026-06-12T01:00:32","guid":{"rendered":"https:\/\/gundem44.com.tr\/?p=562"},"modified":"2026-06-12T01:00:32","modified_gmt":"2026-06-12T01:00:32","slug":"akcadaga-hastane-ek-bina-mujdesi","status":"publish","type":"post","link":"https:\/\/gundem44.com.tr\/?p=562","title":{"rendered":"Ak\u00e7ada\u011f&#8217;a hastane ek bina m\u00fcjdesi"},"content":{"rendered":"\n<p class=\"wp-block-paragraph\">Malatya Ak\u00e7ada\u011f Belediye Ba\u015fkan\u0131 Hasan Uluta\u015f, Sa\u011fl\u0131k Yat\u0131r\u0131mlar\u0131 Genel M\u00fcd\u00fcr Yard\u0131mc\u0131s\u0131&#8217;n\u0131 ziyaret ederek il\u00e7edeki sa\u011fl\u0131k yat\u0131r\u0131mlar\u0131n\u0131 g\u00f6r\u00fc\u015ft\u00fc. Ak\u00e7ada\u011f Devlet Hastanesi Ek Binas\u0131 Projesi&#8217;nin yap\u0131m onay s\u00fcrecinin tamamland\u0131\u011f\u0131 a\u00e7\u0131kland\u0131.<\/p>\n\n\n\n<p class=\"wp-block-paragraph\"><a href=\"https:\/\/www.sondakika.com\/malatya\/\">Malatya<\/a>&#8216;n\u0131n&nbsp;<a href=\"https:\/\/www.sondakika.com\/akcadag\/\">Ak\u00e7ada\u011f<\/a>&nbsp;Belediye Ba\u015fkan\u0131&nbsp;<a href=\"https:\/\/www.sondakika.com\/hasan-ulutas\/\">Hasan Uluta\u015f<\/a>,&nbsp;<a href=\"https:\/\/www.sondakika.com\/saglik\/\">Sa\u011fl\u0131k<\/a>&nbsp;Yat\u0131r\u0131mlar\u0131 Genel M\u00fcd\u00fcr Yard\u0131mc\u0131s\u0131 Dr. M\u00fch. \u0130brahim S\u00f6yler&#8217;i ziyaret ederek il\u00e7edeki sa\u011fl\u0131k yat\u0131r\u0131mlar\u0131na ili\u015fkin g\u00f6r\u00fc\u015f al\u0131\u015fveri\u015finde bulundu. G\u00f6r\u00fc\u015fmede, Ak\u00e7ada\u011f&nbsp;<a href=\"https:\/\/www.sondakika.com\/devlet-hastanesi\/\">Devlet Hastanesi<\/a>&nbsp;Ek Binas\u0131 Projesi&#8217;nin yap\u0131m onay s\u00fcrecinin tamamland\u0131\u011f\u0131 a\u00e7\u0131kland\u0131.<\/p>\n\n\n\n<p class=\"wp-block-paragraph\">Ankara&#8217;da ger\u00e7ekle\u015ftirilen ziyarette il\u00e7enin sa\u011fl\u0131k alan\u0131ndaki ihtiya\u00e7lar\u0131 ve planlanan yat\u0131r\u0131mlar ele al\u0131nd\u0131. Ba\u015fkan Hasan Uluta\u015f, g\u00f6reve geldikleri g\u00fcnden bu yana yak\u0131ndan takip ettikleri hastane ek bina projesinde \u00f6nemli bir a\u015faman\u0131n geride b\u0131rak\u0131ld\u0131\u011f\u0131n\u0131 belirterek, yap\u0131m onay\u0131n\u0131n tamamland\u0131\u011f\u0131n\u0131 memnuniyetle \u00f6\u011frendiklerini ifade etti. Projenin ihale s\u00fcrecine ge\u00e7ebilmesi i\u00e7in gerekli \u00f6dene\u011fin temin edilmesi noktas\u0131nda milletvekilleriyle birlikte \u00e7al\u0131\u015fmalar\u0131n\u0131 s\u00fcrd\u00fcreceklerini kaydeden Uluta\u015f, yat\u0131r\u0131m\u0131 Ak\u00e7ada\u011f&#8217;a kazand\u0131rmak i\u00e7in s\u00fcrecin takip\u00e7isi olacaklar\u0131n\u0131 s\u00f6yledi.<\/p>\n\n\n\n<p class=\"wp-block-paragraph\">Hastane ek bina projesinin hayata ge\u00e7irilmesiyle birlikte il\u00e7edeki sa\u011fl\u0131k hizmetlerinin kapasitesinin art\u0131r\u0131lmas\u0131 hedeflenirken, Ba\u015fkan Uluta\u015f yat\u0131r\u0131m\u0131n Ak\u00e7ada\u011fl\u0131 vatanda\u015flara hay\u0131rl\u0131 olmas\u0131n\u0131 diledi. &#8211; MALATYA<\/p>\n","protected":false},"excerpt":{"rendered":"<p>Malatya Ak\u00e7ada\u011f Belediye Ba\u015fkan\u0131 Hasan Uluta\u015f, Sa\u011fl\u0131k Yat\u0131r\u0131mlar\u0131 Genel M\u00fcd\u00fcr Yard\u0131mc\u0131s\u0131&#8217;n\u0131 ziyaret ederek il\u00e7edeki sa\u011fl\u0131k&#8230;<\/p>\n","protected":false},"author":1,"featured_media":563,"comment_status":"open","ping_status":"open","sticky":false,"template":"","format":"standard","meta":{"footnotes":""},"categories":[23],"tags":[],"class_list":["post-562","post","type-post","status-publish","format-standard","has-post-thumbnail","hentry","category-akcadag"],"_links":{"self":[{"href":"https:\/\/gundem44.com.tr\/index.php?rest_route=\/wp\/v2\/posts\/562","targetHints":{"allow":["GET"]}}],"collection":[{"href":"https:\/\/gundem44.com.tr\/index.php?rest_route=\/wp\/v2\/posts"}],"about":[{"href":"https:\/\/gundem44.com.tr\/index.php?rest_route=\/wp\/v2\/types\/post"}],"author":[{"embeddable":true,"href":"https:\/\/gundem44.com.tr\/index.php?rest_route=\/wp\/v2\/users\/1"}],"replies":[{"embeddable":true,"href":"https:\/\/gundem44.com.tr\/index.php?rest_route=%2Fwp%2Fv2%2Fcomments&post=562"}],"version-history":[{"count":1,"href":"https:\/\/gundem44.com.tr\/index.php?rest_route=\/wp\/v2\/posts\/562\/revisions"}],"predecessor-version":[{"id":564,"href":"https:\/\/gundem44.com.tr\/index.php?rest_route=\/wp\/v2\/posts\/562\/revisions\/564"}],"wp:featuredmedia":[{"embeddable":true,"href":"https:\/\/gundem44.com.tr\/index.php?rest_route=\/wp\/v2\/media\/563"}],"wp:attachment":[{"href":"https:\/\/gundem44.com.tr\/index.php?rest_route=%2Fwp%2Fv2%2Fmedia&parent=562"}],"wp:term":[{"taxonomy":"category","embeddable":true,"href":"https:\/\/gundem44.com.tr\/index.php?rest_route=%2Fwp%2Fv2%2Fcategories&post=562"},{"taxonomy":"post_tag","embeddable":true,"href":"https:\/\/gundem44.com.tr\/index.php?rest_route=%2Fwp%2Fv2%2Ftags&post=562"}],"curies":[{"name":"wp","href":"https:\/\/api.w.org\/{rel}","templated":true}]}}