{"id":550,"date":"2026-06-12T00:43:52","date_gmt":"2026-06-12T00:43:52","guid":{"rendered":"https:\/\/gundem44.com.tr\/?p=550"},"modified":"2026-06-12T00:43:52","modified_gmt":"2026-06-12T00:43:52","slug":"gorevden-uzaklastirilan-keskin-belediye-baskanin-hesaplarindaki-para-trafigi-dikkat-cekti","status":"publish","type":"post","link":"https:\/\/gundem44.com.tr\/?p=550","title":{"rendered":"G\u00f6revden uzakla\u015ft\u0131r\u0131lan Keskin Belediye Ba\u015fkan\u0131n hesaplar\u0131ndaki para trafi\u011fi dikkat \u00e7ekti"},"content":{"rendered":"\n<p class=\"wp-block-paragraph\">Keskin Belediye Ba\u015fkan\u0131 Ekmel C\u00f6nger&#8217;in g\u00f6revden uzakla\u015ft\u0131r\u0131lmas\u0131na ili\u015fkin soru\u015fturman\u0131n ayr\u0131nt\u0131lar\u0131 netle\u015fti. Belediyenin yapt\u0131\u011f\u0131 mal al\u0131mlar\u0131nda ihale mevzuat\u0131na ayk\u0131r\u0131l\u0131klar tespit edilirken, y\u00fcklenici firma yetkilisinin C\u00f6nger&#8217;in hesab\u0131na toplam 1 milyon 203 bin TL aktard\u0131\u011f\u0131 belirlendi. R\u00fc\u015fvet su\u00e7undan 5 y\u0131l 2 ay 15 g\u00fcn hapis cezas\u0131 alan C\u00f6nger, \u0130\u00e7i\u015fleri Bakanl\u0131\u011f\u0131 karar\u0131yla g\u00f6revden uzakla\u015ft\u0131r\u0131ld\u0131.<\/p>\n\n\n\n<p class=\"wp-block-paragraph\"><a href=\"https:\/\/www.sondakika.com\/keskin\/\">Keskin<\/a>&nbsp;Belediye Ba\u015fkan\u0131 Ekmel C\u00f6nger&#8217;in g\u00f6revden uzakla\u015ft\u0131r\u0131lmas\u0131na neden olan soru\u015fturman\u0131n detaylar\u0131 ortaya \u00e7\u0131kt\u0131. Keskin Belediyesi taraf\u0131ndan 2024 y\u0131l\u0131 i\u00e7erisinde ger\u00e7ekle\u015ftirilen baz\u0131 mal al\u0131mlar\u0131nda ihale mevzuat\u0131na ayk\u0131r\u0131l\u0131klar tespit edilirken, y\u00fcklenici firma yetkilisinden Ba\u015fkan C\u00f6nger&#8217;in hesab\u0131na toplam 1 milyon 203 bin lira para transferi yap\u0131ld\u0131\u011f\u0131 belirlendi.<\/p>\n\n\n\n<p class=\"wp-block-paragraph\">Keskin Cumhuriyet Ba\u015fsavc\u0131l\u0131\u011f\u0131 taraf\u0131ndan y\u00fcr\u00fct\u00fclen soru\u015fturmada, belediyenin YTS isimli in\u015faat firmas\u0131ndan yapt\u0131\u011f\u0131 al\u0131mlar mercek alt\u0131na al\u0131nd\u0131. \u0130ncelemelerde, s\u00f6z konusu al\u0131mlarda ihale mevzuat\u0131na ayk\u0131r\u0131 i\u015flemler bulundu\u011fu ve firma yetkilisinin Belediye Ba\u015fkan\u0131 Ekmel C\u00f6nger&#8217;in banka hesab\u0131na toplam 1 milyon 203 bin TL g\u00f6nderdi\u011fi tespit edildi.<\/p>\n\n\n\n<h3 class=\"wp-block-heading\">5 YILDAN FAZLA HAP\u0130S CEZASI<\/h3>\n\n\n\n<p class=\"wp-block-paragraph\">Soru\u015fturman\u0131n ard\u0131ndan C\u00f6nger hakk\u0131nda &#8220;r\u00fc\u015fvet almak&#8221; su\u00e7undan kamu davas\u0131 a\u00e7\u0131ld\u0131. K\u0131r\u0131kkale 1. A\u011f\u0131r Ceza Mahkemesi&#8217;nde g\u00f6r\u00fclen davada mahkeme, 8 Haziran 2026 tarihinde verdi\u011fi kararla Ekmel C\u00f6nger&#8217;i T\u00fcrk Ceza Kanunu&#8217;nun 252\/2-1 maddesi kapsam\u0131nda 5 y\u0131l 2 ay 15 g\u00fcn hapis cezas\u0131na \u00e7arpt\u0131rd\u0131.<\/p>\n\n\n\n<h3 class=\"wp-block-heading\">BAKANLIK G\u00d6REVDEN UZAKLA\u015eTIRDI<\/h3>\n\n\n\n<p class=\"wp-block-paragraph\">Karar\u0131n ard\u0131ndan&nbsp;<a href=\"https:\/\/www.sondakika.com\/icisleri-bakanligi\/\">\u0130\u00e7i\u015fleri Bakanl\u0131\u011f\u0131<\/a>&nbsp;da harekete ge\u00e7ti. Bakanl\u0131k, Anayasa&#8217;n\u0131n 127&#8217;nci maddesi ile 5393 say\u0131l\u0131 Belediye Kanunu&#8217;nun 47&#8217;nci maddesi uyar\u0131nca Ekmel C\u00f6nger&#8217;i ge\u00e7ici tedbir olarak g\u00f6revinden uzakla\u015ft\u0131rd\u0131.<\/p>\n\n\n\n<p class=\"wp-block-paragraph\">B\u00f6ylece Keskin Belediye Ba\u015fkan\u0131&#8217;n\u0131n g\u00f6revden uzakla\u015ft\u0131r\u0131lmas\u0131n\u0131n temel gerek\u00e7esi olarak, ihale s\u00fcrecindeki usuls\u00fczl\u00fck iddialar\u0131 ve hesab\u0131na aktar\u0131ld\u0131\u011f\u0131 belirlenen 1 milyon 203 bin liral\u0131k para trafi\u011fi g\u00f6sterildi.<\/p>\n","protected":false},"excerpt":{"rendered":"<p>Keskin Belediye Ba\u015fkan\u0131 Ekmel C\u00f6nger&#8217;in g\u00f6revden uzakla\u015ft\u0131r\u0131lmas\u0131na ili\u015fkin soru\u015fturman\u0131n ayr\u0131nt\u0131lar\u0131 netle\u015fti. Belediyenin yapt\u0131\u011f\u0131 mal al\u0131mlar\u0131nda&#8230;<\/p>\n","protected":false},"author":1,"featured_media":551,"comment_status":"open","ping_status":"open","sticky":false,"template":"","format":"standard","meta":{"footnotes":""},"categories":[17],"tags":[],"class_list":["post-550","post","type-post","status-publish","format-standard","has-post-thumbnail","hentry","category-ulusal-haberler"],"_links":{"self":[{"href":"https:\/\/gundem44.com.tr\/index.php?rest_route=\/wp\/v2\/posts\/550","targetHints":{"allow":["GET"]}}],"collection":[{"href":"https:\/\/gundem44.com.tr\/index.php?rest_route=\/wp\/v2\/posts"}],"about":[{"href":"https:\/\/gundem44.com.tr\/index.php?rest_route=\/wp\/v2\/types\/post"}],"author":[{"embeddable":true,"href":"https:\/\/gundem44.com.tr\/index.php?rest_route=\/wp\/v2\/users\/1"}],"replies":[{"embeddable":true,"href":"https:\/\/gundem44.com.tr\/index.php?rest_route=%2Fwp%2Fv2%2Fcomments&post=550"}],"version-history":[{"count":1,"href":"https:\/\/gundem44.com.tr\/index.php?rest_route=\/wp\/v2\/posts\/550\/revisions"}],"predecessor-version":[{"id":552,"href":"https:\/\/gundem44.com.tr\/index.php?rest_route=\/wp\/v2\/posts\/550\/revisions\/552"}],"wp:featuredmedia":[{"embeddable":true,"href":"https:\/\/gundem44.com.tr\/index.php?rest_route=\/wp\/v2\/media\/551"}],"wp:attachment":[{"href":"https:\/\/gundem44.com.tr\/index.php?rest_route=%2Fwp%2Fv2%2Fmedia&parent=550"}],"wp:term":[{"taxonomy":"category","embeddable":true,"href":"https:\/\/gundem44.com.tr\/index.php?rest_route=%2Fwp%2Fv2%2Fcategories&post=550"},{"taxonomy":"post_tag","embeddable":true,"href":"https:\/\/gundem44.com.tr\/index.php?rest_route=%2Fwp%2Fv2%2Ftags&post=550"}],"curies":[{"name":"wp","href":"https:\/\/api.w.org\/{rel}","templated":true}]}}