{"id":541,"date":"2026-06-11T23:23:23","date_gmt":"2026-06-11T23:23:23","guid":{"rendered":"https:\/\/gundem44.com.tr\/?p=541"},"modified":"2026-06-11T23:23:24","modified_gmt":"2026-06-11T23:23:24","slug":"iste-erden-timurun-tahliye-oldugu-anlar-ve-ilk-sozleri","status":"publish","type":"post","link":"https:\/\/gundem44.com.tr\/?p=541","title":{"rendered":"\u0130\u015fte Erden Timur&#8217;un tahliye oldu\u011fu anlar ve ilk s\u00f6zleri"},"content":{"rendered":"\n<p class=\"wp-block-paragraph\">Futbolda yasa d\u0131\u015f\u0131 bahis soru\u015fturmas\u0131 kapsam\u0131nda g\u00f6zalt\u0131na al\u0131n\u0131p &#8216;su\u00e7tan kaynaklanan malvarl\u0131\u011f\u0131 de\u011ferlerini aklama&#8217; su\u00e7lamas\u0131yla tutuklanan eski&nbsp;<a href=\"https:\/\/www.sondakika.com\/galatasaray\/\">Galatasaray<\/a>&nbsp;Sportif A\u015e Ba\u015fkan Vekili&nbsp;<a href=\"https:\/\/www.sondakika.com\/erden-timur\/\">Erden Timur<\/a>&nbsp;ile ilgili yeni bir geli\u015fme ya\u015fand\u0131.<\/p>\n\n\n\n<h3 class=\"wp-block-heading\">ERDEN T\u0130MUR TAHL\u0130YE ED\u0130LD\u0130<\/h3>\n\n\n\n<p class=\"wp-block-paragraph\">\u0130stanbul Cumhuriyet Ba\u015fsavc\u0131l\u0131\u011f\u0131\u2019nca futbolda yasa d\u0131\u015f\u0131 bahis soru\u015fturmas\u0131na y\u00fcr\u00fct\u00fclen soru\u015fturma kapsam\u0131nda g\u00f6zalt\u0131na al\u0131nan ancak 29 Aral\u0131k 2025 tarihinde &#8216;su\u00e7tan kaynaklanan malvarl\u0131\u011f\u0131 de\u011ferlerini aklama&#8217; su\u00e7lamas\u0131yla tutuklanan eski&nbsp;<a href=\"https:\/\/www.sondakika.com\/galatasaray-spor-kulubu\/\">Galatasaray Spor Kul\u00fcb\u00fc<\/a>&nbsp;y\u00f6neticisi Erden Timur, Silivri\u2019deki&nbsp;<a href=\"https:\/\/www.sondakika.com\/marmara\/\">Marmara<\/a>&nbsp;Kapal\u0131 Cezaevi\u2019nden ak\u015fam saatlerinde tahliye edildi.&nbsp;<\/p>\n\n\n\n<figure class=\"wp-block-image\"><img decoding=\"async\" src=\"https:\/\/foto.sondakika.com\/haber\/2026\/06\/11\/iste-erden-timurun-tahliye-old-27014273-2532_1_m.jpg\" alt=\"\u0130\u015fte Erden Timur'un tahliye oldu\u011fu anlar ve ilk s\u00f6zleri\"\/><\/figure>\n\n\n\n<h3 class=\"wp-block-heading\">&#8221;ERDEN T\u0130MUR OLEY!&#8221; SLOGANLARI<\/h3>\n\n\n\n<p class=\"wp-block-paragraph\">Cezaevi \u00f6n\u00fcnde Timur\u2019u kar\u015f\u0131layan yak\u0131nlar\u0131 ve dostlar\u0131 \u201cErden Timur oley!\u201d slogan\u0131 att\u0131.&nbsp;Sevenleriyle sar\u0131larak hasret gideren Timur, ANKA Haber Ajans\u0131\u2019na konu\u015ftu.&nbsp;<\/p>\n\n\n\n<figure class=\"wp-block-image\"><img decoding=\"async\" src=\"https:\/\/foto.sondakika.com\/haber\/2026\/06\/11\/iste-erden-timurun-tahliye-old-24460670-6066_1_m.jpg\" alt=\"\u0130\u015fte Erden Timur'un tahliye oldu\u011fu anlar ve ilk s\u00f6zleri\"\/><\/figure>\n\n\n\n<h3 class=\"wp-block-heading\">&#8221;\u0130FT\u0130RA EDENLERE, HEPS\u0130NE ALLAH RAZI OLSUN D\u0130YORUM&#8221;<\/h3>\n\n\n\n<p class=\"wp-block-paragraph\">Tahliye olmas\u0131n\u0131n ard\u0131ndan ANKA Haber Ajans\u0131&#8217;na konu\u015fan Erden Timur\u2019un ilk s\u00f6zleri &#8221;\u00c7ok \u015f\u00fck\u00fcr. G\u00fczel bir deneyimdi desem insanlar farkl\u0131 anlayacaklar herhalde. \u00c7ok \u015f\u00fck\u00fcr, buradan \u00e7ok g\u00fczel \u015feylerle ayr\u0131l\u0131yorum. Allah her \u015feyin i\u00e7inde muhakkak bir cevher veriyor. Zorluk da de\u011fil asl\u0131nda. Bunlar\u0131n i\u00e7inde \u00f6nemli olan cevheri bulmak. Ben de beni buraya g\u00f6nderenlere, iftira edenlere, hepsine Allah raz\u0131 olsun diyorum. \u00c7\u00fcnk\u00fc burada ya\u015fad\u0131\u011f\u0131m\u0131z \u015feyler \u00e7ok g\u00fczeldi ancak onu diyebilirim. Allah b\u00fcy\u00fck&#8221; oldu.<\/p>\n\n\n\n<figure class=\"wp-block-image\"><img decoding=\"async\" src=\"https:\/\/foto.sondakika.com\/haber\/2026\/06\/11\/iste-erden-timurun-tahliye-old-24335450-9428_1_m.jpg\" alt=\"\u0130\u015fte Erden Timur'un tahliye oldu\u011fu anlar ve ilk s\u00f6zleri\"\/><\/figure>\n","protected":false},"excerpt":{"rendered":"<p>Futbolda yasa d\u0131\u015f\u0131 bahis soru\u015fturmas\u0131 kapsam\u0131nda g\u00f6zalt\u0131na al\u0131n\u0131p &#8216;su\u00e7tan kaynaklanan malvarl\u0131\u011f\u0131 de\u011ferlerini aklama&#8217; su\u00e7lamas\u0131yla tutuklanan&#8230;<\/p>\n","protected":false},"author":1,"featured_media":542,"comment_status":"open","ping_status":"open","sticky":false,"template":"","format":"standard","meta":{"footnotes":""},"categories":[17],"tags":[],"class_list":["post-541","post","type-post","status-publish","format-standard","has-post-thumbnail","hentry","category-ulusal-haberler"],"_links":{"self":[{"href":"https:\/\/gundem44.com.tr\/index.php?rest_route=\/wp\/v2\/posts\/541","targetHints":{"allow":["GET"]}}],"collection":[{"href":"https:\/\/gundem44.com.tr\/index.php?rest_route=\/wp\/v2\/posts"}],"about":[{"href":"https:\/\/gundem44.com.tr\/index.php?rest_route=\/wp\/v2\/types\/post"}],"author":[{"embeddable":true,"href":"https:\/\/gundem44.com.tr\/index.php?rest_route=\/wp\/v2\/users\/1"}],"replies":[{"embeddable":true,"href":"https:\/\/gundem44.com.tr\/index.php?rest_route=%2Fwp%2Fv2%2Fcomments&post=541"}],"version-history":[{"count":1,"href":"https:\/\/gundem44.com.tr\/index.php?rest_route=\/wp\/v2\/posts\/541\/revisions"}],"predecessor-version":[{"id":543,"href":"https:\/\/gundem44.com.tr\/index.php?rest_route=\/wp\/v2\/posts\/541\/revisions\/543"}],"wp:featuredmedia":[{"embeddable":true,"href":"https:\/\/gundem44.com.tr\/index.php?rest_route=\/wp\/v2\/media\/542"}],"wp:attachment":[{"href":"https:\/\/gundem44.com.tr\/index.php?rest_route=%2Fwp%2Fv2%2Fmedia&parent=541"}],"wp:term":[{"taxonomy":"category","embeddable":true,"href":"https:\/\/gundem44.com.tr\/index.php?rest_route=%2Fwp%2Fv2%2Fcategories&post=541"},{"taxonomy":"post_tag","embeddable":true,"href":"https:\/\/gundem44.com.tr\/index.php?rest_route=%2Fwp%2Fv2%2Ftags&post=541"}],"curies":[{"name":"wp","href":"https:\/\/api.w.org\/{rel}","templated":true}]}}