{"id":54,"date":"2026-06-02T10:26:37","date_gmt":"2026-06-02T10:26:37","guid":{"rendered":"https:\/\/gundem44.com.tr\/?p=54"},"modified":"2026-06-02T10:26:37","modified_gmt":"2026-06-02T10:26:37","slug":"malatyada-silahli-saldiri-1-yarali","status":"publish","type":"post","link":"https:\/\/gundem44.com.tr\/?p=54","title":{"rendered":"Malatya&#8217;da Silahl\u0131 Sald\u0131r\u0131: 1 Yaral\u0131"},"content":{"rendered":"\n<p class=\"wp-block-paragraph\">Battalgazi&#8217;de motosikletli sald\u0131rganlar taraf\u0131ndan yaralanan B.A. hastaneye kald\u0131r\u0131ld\u0131, 3 \u015f\u00fcpheli g\u00f6zalt\u0131nda.<\/p>\n\n\n\n<p class=\"wp-block-paragraph\"><a href=\"https:\/\/www.sondakika.com\/malatya\/\">Malatya<\/a>&#8216;n\u0131n merkez Battalgazi il\u00e7esinde silahl\u0131 sald\u0131r\u0131ya u\u011frayan ki\u015fi yaraland\u0131.<\/p>\n\n\n\n<p class=\"wp-block-paragraph\">Hac\u0131 Abdi Mahallesi&#8217;nde B.A, motosikletli ki\u015filer taraf\u0131ndan silahla yaraland\u0131.<\/p>\n\n\n\n<p class=\"wp-block-paragraph\">\u0130hbar \u00fczerine olay yerine polis ve sa\u011fl\u0131k ekipleri sevk edildi.<\/p>\n\n\n\n<p class=\"wp-block-paragraph\">Hastaneye kald\u0131r\u0131lan B.A&#8217;n\u0131n hayati tehlikesinin bulunmad\u0131\u011f\u0131 belirtildi.<\/p>\n\n\n\n<p class=\"wp-block-paragraph\">\u00c7al\u0131\u015fma ba\u015flatan \u0130l Emniyet M\u00fcd\u00fcrl\u00fc\u011f\u00fc Asayi\u015f \u015eube M\u00fcd\u00fcrl\u00fc\u011f\u00fc ekipleri, olay\u0131 ger\u00e7ekle\u015ftirenlerin E.U., S.C.K. ve M.M.\u00d6. oldu\u011funu belirledi.<\/p>\n\n\n\n<p class=\"wp-block-paragraph\">\u015e\u00fcpheli \u015fah\u0131slar ile B.A. ve beraberindeki E.\u00c7, A.D, M.A.A. ve \u0130.S.K. aras\u0131nda ayn\u0131 g\u00fcn kavga \u00e7\u0131kt\u0131\u011f\u0131n\u0131 tespit eden polis ekipleri, yaral\u0131 d\u0131\u015f\u0131ndaki t\u00fcm taraflar\u0131 g\u00f6zalt\u0131na ald\u0131.<\/p>\n\n\n\n<p class=\"wp-block-paragraph\">Olayda kullan\u0131lan 1 ruhsats\u0131z tabanca, 1 ruhsats\u0131z t\u00fcfek, 7 fi\u015fek ve 1 motosiklet ele ge\u00e7irildi.<\/p>\n","protected":false},"excerpt":{"rendered":"<p>Battalgazi&#8217;de motosikletli sald\u0131rganlar taraf\u0131ndan yaralanan B.A. hastaneye kald\u0131r\u0131ld\u0131, 3 \u015f\u00fcpheli g\u00f6zalt\u0131nda. Malatya&#8216;n\u0131n merkez Battalgazi il\u00e7esinde&#8230;<\/p>\n","protected":false},"author":1,"featured_media":52,"comment_status":"open","ping_status":"open","sticky":false,"template":"","format":"standard","meta":{"footnotes":""},"categories":[14],"tags":[],"class_list":["post-54","post","type-post","status-publish","format-standard","has-post-thumbnail","hentry","category-son-dakika"],"_links":{"self":[{"href":"https:\/\/gundem44.com.tr\/index.php?rest_route=\/wp\/v2\/posts\/54","targetHints":{"allow":["GET"]}}],"collection":[{"href":"https:\/\/gundem44.com.tr\/index.php?rest_route=\/wp\/v2\/posts"}],"about":[{"href":"https:\/\/gundem44.com.tr\/index.php?rest_route=\/wp\/v2\/types\/post"}],"author":[{"embeddable":true,"href":"https:\/\/gundem44.com.tr\/index.php?rest_route=\/wp\/v2\/users\/1"}],"replies":[{"embeddable":true,"href":"https:\/\/gundem44.com.tr\/index.php?rest_route=%2Fwp%2Fv2%2Fcomments&post=54"}],"version-history":[{"count":1,"href":"https:\/\/gundem44.com.tr\/index.php?rest_route=\/wp\/v2\/posts\/54\/revisions"}],"predecessor-version":[{"id":56,"href":"https:\/\/gundem44.com.tr\/index.php?rest_route=\/wp\/v2\/posts\/54\/revisions\/56"}],"wp:featuredmedia":[{"embeddable":true,"href":"https:\/\/gundem44.com.tr\/index.php?rest_route=\/wp\/v2\/media\/52"}],"wp:attachment":[{"href":"https:\/\/gundem44.com.tr\/index.php?rest_route=%2Fwp%2Fv2%2Fmedia&parent=54"}],"wp:term":[{"taxonomy":"category","embeddable":true,"href":"https:\/\/gundem44.com.tr\/index.php?rest_route=%2Fwp%2Fv2%2Fcategories&post=54"},{"taxonomy":"post_tag","embeddable":true,"href":"https:\/\/gundem44.com.tr\/index.php?rest_route=%2Fwp%2Fv2%2Ftags&post=54"}],"curies":[{"name":"wp","href":"https:\/\/api.w.org\/{rel}","templated":true}]}}