{"id":535,"date":"2026-06-11T23:07:21","date_gmt":"2026-06-11T23:07:21","guid":{"rendered":"https:\/\/gundem44.com.tr\/?p=535"},"modified":"2026-06-11T23:07:21","modified_gmt":"2026-06-11T23:07:21","slug":"tahliye-edilen-sener-erginin-davasi","status":"publish","type":"post","link":"https:\/\/gundem44.com.tr\/?p=535","title":{"rendered":"Tahliye Edilen \u015eener Ergin&#8217;in Davas\u0131"},"content":{"rendered":"\n<p class=\"wp-block-paragraph\">Yalova&#8217;da 14 ayl\u0131k bebe\u011fiyle darbedilen Muhammet Baca&#8217;n\u0131n kom\u015fusu \u015eener Ergin tahliye edildi.<\/p>\n\n\n\n<p class=\"wp-block-paragraph\">Yalova\u2019da kuca\u011f\u0131ndaki 14 ayl\u0131k k\u0131z\u0131 \u0130kra Medine ile birlikte kom\u015fusunun sopal\u0131 sald\u0131r\u0131s\u0131na u\u011frayan ve burnu k\u0131r\u0131lan Muhammet Baca davas\u0131nda \u015fok bir geli\u015fme ya\u015fand\u0131. Minik bebe\u011fin kafas\u0131nda 3 \u00e7atlak olu\u015fmas\u0131na neden olan ve 36 y\u0131la kadar hapsi istenen tutuklu san\u0131k \u015eener Ergin, adli kontrol \u015fart\u0131yla serbest b\u0131rak\u0131ld\u0131. Karara isyan eden ac\u0131l\u0131 baba, &#8221;&nbsp;<a href=\"https:\/\/www.sondakika.com\/adalet-bakanligi\/\">Adalet Bakanl\u0131\u011f\u0131<\/a>&#8216;n\u0131n \u00f6n\u00fcne gidece\u011fim, k\u0131z\u0131m\u0131n hakk\u0131n\u0131 sonuna kadar arayaca\u011f\u0131m&#8221; dedi.<\/p>\n\n\n\n<h3 class=\"wp-block-heading\">SEGB\u0130S ARACILI\u011eI \u0130LE KATILDI&nbsp;<\/h3>\n\n\n\n<p class=\"wp-block-paragraph\">&nbsp;Yalova&#8217;n\u0131n \u00c7\u0131narc\u0131k il\u00e7esine ba\u011fl\u0131 Esenk\u00f6y beldesinde, yakla\u015f\u0131k bir y\u0131l \u00f6nce ta\u015f\u0131nd\u0131klar\u0131 evde kom\u015fular\u0131yla &#8220;g\u00fcr\u00fclt\u00fc&#8221; nedeniyle husumet ya\u015fayan 4 \u00e7ocuklu Baca ailesinin u\u011frad\u0131\u011f\u0131 vah\u015fi sald\u0131r\u0131ya ili\u015fkin davan\u0131n ikinci duru\u015fmas\u0131 g\u00f6r\u00fcld\u00fc. Yalova 2&#8217;nci Asliye Ceza Mahkemesi\u2019nde g\u00f6r\u00fclen davaya, tutuklu san\u0131k \u015eener Ergin SEGB\u0130S arac\u0131l\u0131\u011f\u0131yla kat\u0131ld\u0131. Taraf avukatlar\u0131 ve jandarma personelleri de duru\u015fma salonunda haz\u0131r bulundu.<\/p>\n\n\n\n<h3 class=\"wp-block-heading\">JANDARMA \u0130FADES\u0130: VURMA ANINI G\u00d6RMED\u0130K<\/h3>\n\n\n\n<p class=\"wp-block-paragraph\">Duru\u015fmada, olay g\u00fcn\u00fc ihbar \u00fczerine b\u00f6lgeye giden jandarma personelleri tan\u0131k olarak dinlendi. Tan\u0131k jandarma K.K., olay yerine gittiklerinde taraflar aras\u0131nda tart\u0131\u015fma \u00e7\u0131kt\u0131\u011f\u0131n\u0131, kad\u0131nlar\u0131n iti\u015fmeye ba\u015flad\u0131\u011f\u0131n\u0131 belirterek, &#8220;Muhammet Baca&#8217;n\u0131n &#8216;\u00c7ocu\u011fa geldi&#8217; dedi\u011fini duydum ancak vurma an\u0131n\u0131 g\u00f6rmedim&#8221; dedi.<\/p>\n\n\n\n<p class=\"wp-block-paragraph\">Di\u011fer tan\u0131k jandarma M.\u00c7. ise olay an\u0131nda arkas\u0131n\u0131n d\u00f6n\u00fck oldu\u011funu ifade ederek \u015funlar\u0131 s\u00f6yledi:<\/p>\n\n\n\n<p class=\"wp-block-paragraph\">&#8220;&#8216;\u00c7at&#8217; diye bir ses duydum. D\u00f6nd\u00fc\u011f\u00fcmde san\u0131k \u015eener Ergin&#8217;in elinde plastik skuter par\u00e7as\u0131n\u0131 g\u00f6rd\u00fcm. Onu g\u00f6r\u00fcnce \u015eener&#8217;e y\u00f6nelerek uzakla\u015ft\u0131rd\u0131m. S\u0131rt\u0131m Baca&#8217;ya d\u00f6n\u00fck oldu\u011fu i\u00e7in vurma an\u0131n\u0131 g\u00f6rmedim.&#8221;<\/p>\n\n\n\n<p class=\"wp-block-paragraph\">M.\u00c7., binan\u0131n \u00f6n\u00fcn\u00fc net g\u00f6ren kameran\u0131n \u00e7al\u0131\u015fmad\u0131\u011f\u0131n\u0131n s\u00f6ylendi\u011fini belirtirken; aile avukat\u0131, g\u00f6revli 3 jandarma personelinin de vurma an\u0131n\u0131 g\u00f6rmemesinin hayat\u0131n ola\u011fan ak\u0131\u015f\u0131na ayk\u0131r\u0131 oldu\u011funu, delillerin karart\u0131lmaya \u00e7al\u0131\u015f\u0131ld\u0131\u011f\u0131n\u0131 savundu. Avukat, san\u0131\u011f\u0131n &#8220;Kasten \u00f6ld\u00fcrmeye te\u015febb\u00fcs&#8221; su\u00e7undan A\u011f\u0131r Ceza Mahkemesi&#8217;nde yarg\u0131lanmas\u0131 gerekti\u011fini belirterek g\u00f6revsizlik karar\u0131 talep etti.<\/p>\n\n\n\n<h3 class=\"wp-block-heading\">MAHKEMEDEN TAHL\u0130YE KARARI, BABADAN ADALET Y\u00dcR\u00dcY\u00dc\u015e\u00dc<\/h3>\n\n\n\n<p class=\"wp-block-paragraph\">Savc\u0131l\u0131\u011f\u0131n tutukluluk halinin devam\u0131n\u0131 talep etmesine ra\u011fmen mahkeme heyeti, davan\u0131n A\u011f\u0131r Ceza&#8217;ya ta\u015f\u0131nmas\u0131 talebini reddetti. Mahkeme, binan\u0131n \u00f6n\u00fcn\u00fc g\u00f6ren kameralar\u0131n incelenmesine karar vererek, san\u0131k \u015eener Ergin\u2019i yurt d\u0131\u015f\u0131 yasa\u011f\u0131 ve haftada iki g\u00fcn imza \u015fart\u0131yla tahliye etti.<\/p>\n\n\n\n<p class=\"wp-block-paragraph\">Mahkemenin dosyay\u0131 A\u011f\u0131r Ceza\u2019ya g\u00f6ndermeyi reddetmesi \u00fczerine duru\u015fma salonunu terk eden ve karara isyan eden baba Muhammet Baca, adliye \u00e7\u0131k\u0131\u015f\u0131nda e\u015fi ve darbedilen minik k\u0131z\u0131 \u0130kra ile birlikte gazetecilere a\u00e7\u0131klamalarda bulundu:<\/p>\n\n\n\n<p class=\"wp-block-paragraph\">&#8220;Ben \u0130kra bebe\u011fin babas\u0131y\u0131m. Benim k\u0131z\u0131m 14 ayl\u0131kken orada vah\u015fice, kafas\u0131nda 3 tane k\u0131r\u0131kla darbedildi, beyin kanamas\u0131 ge\u00e7irdi. Bir baba olarak hala bunun m\u00fccadelesini veriyorum. \u015eimdi duru\u015fma salonundan \u00e7\u0131kt\u0131m,&nbsp;<a href=\"https:\/\/www.sondakika.com\/ankara\/\">Ankara<\/a>&#8216;ya, Adalet Bakanl\u0131\u011f\u0131 \u00f6n\u00fcne gidece\u011fim. K\u0131z\u0131m\u0131n hakk\u0131n\u0131 arayaca\u011f\u0131m.<\/p>\n\n\n\n<p class=\"wp-block-paragraph\">\u0130ki g\u00fcn \u00f6nce motosikletliler taraf\u0131ndan takip edildim, tehdit ediliyorum. D\u00f6rt ayd\u0131r \u00e7ocuklar\u0131m\u0131n psikolojisi bozuldu, ev d\u00fczenimiz kalmad\u0131. Evimi zorla satt\u0131rd\u0131lar, oray\u0131 terk ettim. Ma\u011fdurum ve hukuk \u00f6n\u00fcnde sonuna kadar hakk\u0131m\u0131 arayaca\u011f\u0131m. Bu k\u0131z\u0131 kimse bu hale getiremez, herkes hesap verecek.&#8221;<\/p>\n","protected":false},"excerpt":{"rendered":"<p>Yalova&#8217;da 14 ayl\u0131k bebe\u011fiyle darbedilen Muhammet Baca&#8217;n\u0131n kom\u015fusu \u015eener Ergin tahliye edildi. Yalova\u2019da kuca\u011f\u0131ndaki 14&#8230;<\/p>\n","protected":false},"author":1,"featured_media":536,"comment_status":"open","ping_status":"open","sticky":false,"template":"","format":"standard","meta":{"footnotes":""},"categories":[17],"tags":[],"class_list":["post-535","post","type-post","status-publish","format-standard","has-post-thumbnail","hentry","category-ulusal-haberler"],"_links":{"self":[{"href":"https:\/\/gundem44.com.tr\/index.php?rest_route=\/wp\/v2\/posts\/535","targetHints":{"allow":["GET"]}}],"collection":[{"href":"https:\/\/gundem44.com.tr\/index.php?rest_route=\/wp\/v2\/posts"}],"about":[{"href":"https:\/\/gundem44.com.tr\/index.php?rest_route=\/wp\/v2\/types\/post"}],"author":[{"embeddable":true,"href":"https:\/\/gundem44.com.tr\/index.php?rest_route=\/wp\/v2\/users\/1"}],"replies":[{"embeddable":true,"href":"https:\/\/gundem44.com.tr\/index.php?rest_route=%2Fwp%2Fv2%2Fcomments&post=535"}],"version-history":[{"count":1,"href":"https:\/\/gundem44.com.tr\/index.php?rest_route=\/wp\/v2\/posts\/535\/revisions"}],"predecessor-version":[{"id":537,"href":"https:\/\/gundem44.com.tr\/index.php?rest_route=\/wp\/v2\/posts\/535\/revisions\/537"}],"wp:featuredmedia":[{"embeddable":true,"href":"https:\/\/gundem44.com.tr\/index.php?rest_route=\/wp\/v2\/media\/536"}],"wp:attachment":[{"href":"https:\/\/gundem44.com.tr\/index.php?rest_route=%2Fwp%2Fv2%2Fmedia&parent=535"}],"wp:term":[{"taxonomy":"category","embeddable":true,"href":"https:\/\/gundem44.com.tr\/index.php?rest_route=%2Fwp%2Fv2%2Fcategories&post=535"},{"taxonomy":"post_tag","embeddable":true,"href":"https:\/\/gundem44.com.tr\/index.php?rest_route=%2Fwp%2Fv2%2Ftags&post=535"}],"curies":[{"name":"wp","href":"https:\/\/api.w.org\/{rel}","templated":true}]}}