{"id":529,"date":"2026-06-11T22:55:26","date_gmt":"2026-06-11T22:55:26","guid":{"rendered":"https:\/\/gundem44.com.tr\/?p=529"},"modified":"2026-06-11T22:55:26","modified_gmt":"2026-06-11T22:55:26","slug":"chpden-ayrilacaklar-mi-ozgur-ozelden-net-yanit-geldi","status":"publish","type":"post","link":"https:\/\/gundem44.com.tr\/?p=529","title":{"rendered":"CHP&#8217;den ayr\u0131lacaklar m\u0131? \u00d6zg\u00fcr \u00d6zel&#8217;den net yan\u0131t geldi"},"content":{"rendered":"\n<p class=\"wp-block-paragraph\">Mahkemenin mutlak butlan karar\u0131yla Kemal K\u0131l\u0131\u00e7daro\u011flu&#8217;nun genel ba\u015fkanl\u0131\u011f\u0131 d\u00f6nd\u00fc\u011f\u00fc CHP&#8217;de sular kaynarken, \u00d6zg\u00fcr \u00d6zel kat\u0131ld\u0131\u011f\u0131 televizyon program\u0131nda dikkat \u00e7eken a\u00e7\u0131klamalarda bulundu. &#8220;Partiden ayr\u0131lacak m\u0131s\u0131n\u0131z?&#8221; sorusuna yan\u0131t veren \u00d6zel, &#8220;\u00c7aresiz kald\u0131\u011f\u0131m\u0131z noktada yapmam\u0131z gerekeni yapar\u0131z ama temel motivasyonumuz bir parti kurmak de\u011fil. Temel motivasyonumuz partimizi ve \u00fclkemizi geri almak.&#8221; dedi.<\/p>\n\n\n\n<p class=\"wp-block-paragraph\">Mahkemenin &#8220;mutlak butlan&#8221; karar\u0131yla&nbsp;<a href=\"https:\/\/www.sondakika.com\/kemal-kilicdaroglu\/\">Kemal K\u0131l\u0131\u00e7daro\u011flu<\/a>&#8216;nun yeniden genel ba\u015fkanl\u0131\u011fa d\u00f6nd\u00fc\u011f\u00fc CHP&#8217;de k\u0131l\u0131\u00e7lar iyice \u00e7ekildi. Halk Tv canl\u0131 yay\u0131n\u0131nda g\u00fcndemi de\u011ferlendiren&nbsp;<a href=\"https:\/\/www.sondakika.com\/ozgur-ozel\/\">\u00d6zg\u00fcr \u00d6zel<\/a>, gelecekteki siyasi yol haritas\u0131na dair dikkat \u00e7eken a\u00e7\u0131klamalarda bulundu.<\/p>\n\n\n\n<h3 class=\"wp-block-heading\">&#8220;BU PART\u0130 KOLAY KOLAY TERK ED\u0130LECEK B\u0130R PART\u0130 DE\u011e\u0130L&#8221;<\/h3>\n\n\n\n<p class=\"wp-block-paragraph\">Kendisine y\u00f6neltilen &#8220;Partiden ayr\u0131lacak m\u0131s\u0131n\u0131z?&#8221; sorusunu net bir dille yan\u0131tlayan \u00d6zel, yeni bir parti kurma niyetlerinin olmad\u0131\u011f\u0131n\u0131 vurgulad\u0131. Siyasi m\u00fccadelelerini CHP \u00e7at\u0131s\u0131 alt\u0131nda s\u00fcrd\u00fcreceklerini belirten \u00d6zel, \u015fu ifadeleri kulland\u0131: &#8220;Bahsetti\u011fimiz partinin ilk kongresi Sivas Kongresi kabul edilen bir parti. Bu parti kolay kolay terk edilecek, b\u0131rak\u0131lacak bir parti de\u011fil. Bize kar\u015f\u0131 yap\u0131lanlar T\u00fcrkiye&#8217;de bir se\u00e7im sistemi var.<\/p>\n\n\n\n<h3 class=\"wp-block-heading\">&#8220;TEMEL MOT\u0130VASYONUMUZ PART\u0130M\u0130Z\u0130 GER\u0130 ALMAK&#8221;<\/h3>\n\n\n\n<p class=\"wp-block-paragraph\">T\u00fcm d\u00fcnyadaki gibi itiraz ve kesinle\u015fme \u00fczerine kurulu. 3 y\u0131l \u00f6nce yap\u0131lm\u0131\u015f kurultay\u0131 yok say\u0131p 6 y\u0131l \u00f6ncesine \u0131\u015f\u0131nlayan ve ge\u00e7en y\u0131l zaman\u0131 geldi\u011fi i\u00e7in tekrar \u00f6rg\u00fctlenip yap\u0131lan kurultay\u0131 da yok sayan bir istinaf karar\u0131 var. Bunun hi\u00e7bir me\u015frulu\u011fu yok. Kendisine verilen talimatla tedbir karar\u0131 alarak i\u015fi \u00e7\u00f6z\u00fcms\u00fcz bir noktaya getiriyorlar. Buradakiler de bunlardan buldu\u011fu y\u00fczle &#8216;kurultay yapmayaca\u011f\u0131z&#8217; diyerek, bizi partiyi b\u0131rak\u0131p gitmeye zorluyorlar s\u00f6z\u00fcm ona. Siz bu partide se\u00e7imde yenilmi\u015fsiniz, sonra d\u00f6n\u00fcp hi\u00e7bir giri\u015fimde bulunmam\u0131\u015fs\u0131n\u0131z, siz 1 Nisanc\u0131 olarak an\u0131l\u0131yorsunuz.<\/p>\n\n\n\n<p class=\"wp-block-paragraph\">\u00c7aresiz kald\u0131\u011f\u0131m\u0131z noktada yapmam\u0131z gerekeni yapar\u0131z ama temel motivasyonumuz bir parti kurmak de\u011fil. Temel motivasyonumuz partimizi ve \u00fclkemizi geri almak.<\/p>\n\n\n\n<p class=\"wp-block-paragraph\">Ne kadar b\u00fcy\u00fck bir hukuksuzlu\u011fun, ne kadar b\u00fcy\u00fck bir hukuk tan\u0131mazl\u0131\u011f\u0131n i\u00e7inde oldu\u011funu g\u00f6rmek a\u00e7\u0131s\u0131ndan \u015funu g\u00f6rmek laz\u0131m. Benim ve ekibimin su\u00e7u se\u00e7im kazanmak, Ak Parti&#8217;ye tehdit olu\u015fturmak. ABD ve \u0130srail&#8217;in b\u00f6lgede planlad\u0131\u011f\u0131 nizama uyum g\u00f6sterecek makul bir akt\u00f6r olmay\u0131 reddetmek. Onlar\u0131n tarif etti\u011fi d\u00fczenin i\u00e7inde yer almayaca\u011f\u0131m\u0131z\u0131 s\u00f6ylemek.&#8221;<\/p>\n","protected":false},"excerpt":{"rendered":"<p>Mahkemenin mutlak butlan karar\u0131yla Kemal K\u0131l\u0131\u00e7daro\u011flu&#8217;nun genel ba\u015fkanl\u0131\u011f\u0131 d\u00f6nd\u00fc\u011f\u00fc CHP&#8217;de sular kaynarken, \u00d6zg\u00fcr \u00d6zel kat\u0131ld\u0131\u011f\u0131&#8230;<\/p>\n","protected":false},"author":1,"featured_media":530,"comment_status":"open","ping_status":"open","sticky":false,"template":"","format":"standard","meta":{"footnotes":""},"categories":[16],"tags":[],"class_list":["post-529","post","type-post","status-publish","format-standard","has-post-thumbnail","hentry","category-politika"],"_links":{"self":[{"href":"https:\/\/gundem44.com.tr\/index.php?rest_route=\/wp\/v2\/posts\/529","targetHints":{"allow":["GET"]}}],"collection":[{"href":"https:\/\/gundem44.com.tr\/index.php?rest_route=\/wp\/v2\/posts"}],"about":[{"href":"https:\/\/gundem44.com.tr\/index.php?rest_route=\/wp\/v2\/types\/post"}],"author":[{"embeddable":true,"href":"https:\/\/gundem44.com.tr\/index.php?rest_route=\/wp\/v2\/users\/1"}],"replies":[{"embeddable":true,"href":"https:\/\/gundem44.com.tr\/index.php?rest_route=%2Fwp%2Fv2%2Fcomments&post=529"}],"version-history":[{"count":1,"href":"https:\/\/gundem44.com.tr\/index.php?rest_route=\/wp\/v2\/posts\/529\/revisions"}],"predecessor-version":[{"id":531,"href":"https:\/\/gundem44.com.tr\/index.php?rest_route=\/wp\/v2\/posts\/529\/revisions\/531"}],"wp:featuredmedia":[{"embeddable":true,"href":"https:\/\/gundem44.com.tr\/index.php?rest_route=\/wp\/v2\/media\/530"}],"wp:attachment":[{"href":"https:\/\/gundem44.com.tr\/index.php?rest_route=%2Fwp%2Fv2%2Fmedia&parent=529"}],"wp:term":[{"taxonomy":"category","embeddable":true,"href":"https:\/\/gundem44.com.tr\/index.php?rest_route=%2Fwp%2Fv2%2Fcategories&post=529"},{"taxonomy":"post_tag","embeddable":true,"href":"https:\/\/gundem44.com.tr\/index.php?rest_route=%2Fwp%2Fv2%2Ftags&post=529"}],"curies":[{"name":"wp","href":"https:\/\/api.w.org\/{rel}","templated":true}]}}