{"id":523,"date":"2026-06-10T21:07:46","date_gmt":"2026-06-10T21:07:46","guid":{"rendered":"https:\/\/gundem44.com.tr\/?p=523"},"modified":"2026-06-10T21:07:46","modified_gmt":"2026-06-10T21:07:46","slug":"israilli-gazeteciden-skandal-soru-trump-tuzaga-dusmedi-erdogana-laf-ettirmedi","status":"publish","type":"post","link":"https:\/\/gundem44.com.tr\/?p=523","title":{"rendered":"\u0130srailli gazeteciden skandal soru! Trump tuza\u011fa d\u00fc\u015fmedi, Erdo\u011fan&#8217;a laf ettirmedi"},"content":{"rendered":"\n<p class=\"wp-block-paragraph\">ABD Ba\u015fkan\u0131 Donald Trump, \u0130srailli bir gazetecinin &#8220;T\u00fcrkiye Cumhurba\u015fkan\u0131 Erdo\u011fan \u0130srail\u2019i tehdit etmeyi s\u00fcrd\u00fcr\u00fcyor. Sizce \u0130srail ile T\u00fcrkiye aras\u0131nda bir \u00e7at\u0131\u015fma \u00e7\u0131kma ihtimali var m\u0131? Ayr\u0131ca T\u00fcrkiye\u2019ye F-35 satacak m\u0131s\u0131n\u0131z?\u201d \u015feklindeki sorusuna net yan\u0131t verdi. Trump, \u201cErdo\u011fan benim \u00e7ok iyi bir dostum ve birlikte \u00e7ok iyi \u00e7al\u0131\u015ft\u0131k. Kendisini \u00e7ok severim. O ola\u011fan\u00fcst\u00fc bir lider ve g\u00fc\u00e7l\u00fc bir insan, \u00e7ok g\u00fc\u00e7l\u00fc bir insan&#8221; dedi.<\/p>\n\n\n\n<p class=\"wp-block-paragraph\">H\u00fcrm\u00fcz Bo\u011faz\u0131 \u00fczerinde devriye g\u00f6revi y\u00fcr\u00fcten ABD ordusuna ait bir Apache helikopterinin d\u00fc\u015f\u00fcr\u00fclmesinin ard\u0131ndan Orta Do\u011fu&#8217;da sular yeniden \u0131s\u0131nd\u0131.<\/p>\n\n\n\n<p class=\"wp-block-paragraph\">ABD Merkez Kuvvetler Komutanl\u0131\u011f\u0131 (CENTCOM), Ba\u015fkan&nbsp;<a href=\"https:\/\/www.sondakika.com\/donald-trump\/\">Donald Trump<\/a>&#8216;\u0131n emriyle&nbsp;<a href=\"https:\/\/www.sondakika.com\/iran\/\">\u0130ran<\/a>&#8216;a y\u00f6nelik \u2018kar\u015f\u0131 sald\u0131r\u0131\u2019 ba\u015flatt\u0131.&nbsp;Tamamlanan bu sald\u0131r\u0131lar\u0131n ard\u0131ndan Oval Ofis\u2019te bas\u0131n mensuplar\u0131n\u0131n sorular\u0131n\u0131 yan\u0131tlayan Trump, sald\u0131r\u0131lar\u0131n devam edece\u011finin sinyalini vererek &#8220;\u0130ran&#8217;\u0131 bug\u00fcn de \u00e7ok sert bir \u015fekilde vuraca\u011f\u0131z. \u0130ran&#8217;\u0131n art\u0131k anla\u015fmay\u0131 imzalamas\u0131 gerekiyor&#8221; dedi.<\/p>\n\n\n\n<h3 class=\"wp-block-heading\">\u0130SRA\u0130LL\u0130 GAZETEC\u0130DEN SKANDAL SORU<\/h3>\n\n\n\n<p class=\"wp-block-paragraph\">\u00d6te yandan Trump, \u0130srailli bir gazetecinin T\u00fcrkiye\u2019yi ve Cumhurba\u015fkan\u0131 Recep Tayyip Erdo\u011fan\u2019\u0131 hedef alan bir sorusuna da yan\u0131t verdi. \u201cT\u00fcrk Cumhurba\u015fkan\u0131 Erdo\u011fan \u0130srail\u2019i tehdit etmeyi s\u00fcrd\u00fcr\u00fcyor. Sizce \u0130srail ile T\u00fcrkiye aras\u0131nda bir \u00e7at\u0131\u015fma \u00e7\u0131kma ihtimali var m\u0131? Ayr\u0131ca T\u00fcrkiye\u2019ye F-35 satacak m\u0131s\u0131n\u0131z?\u201d \u015feklindeki skandal soruya kar\u015f\u0131 Trump, Cumhurba\u015fkan\u0131 Erdo\u011fan&#8217;\u0131 \u00f6ven ve aralar\u0131ndaki dostlu\u011fa vurgu yapan bir dil kulland\u0131.<\/p>\n\n\n\n<h3 class=\"wp-block-heading\">&#8220;ERDO\u011eAN OLA\u011eAN\u00dcST\u00dc B\u0130R L\u0130DER VE G\u00dc\u00c7L\u00dc B\u0130R \u0130NSAN, \u00c7OK G\u00dc\u00c7L\u00dc B\u0130R \u0130NSAN\u201d<\/h3>\n\n\n\n<p class=\"wp-block-paragraph\">Erdo\u011fan ile ge\u00e7mi\u015fte \u00e7ok iyi \u00e7al\u0131\u015ft\u0131klar\u0131n\u0131 belirten Trump, \u015fu ifadeleri kulland\u0131: &#8220;Erdo\u011fan benim \u00e7ok iyi bir dostum ve birlikte \u00e7ok iyi \u00e7al\u0131\u015ft\u0131k. Kendisini \u00e7ok severim. Bunu s\u00f6ylememem gerekiyor \u00e7\u00fcnk\u00fc bas\u0131n hemen \u2018Aa, Erdo\u011fan\u2019\u0131 seviyor\u2019 diyecek. Ama o ola\u011fan\u00fcst\u00fc bir lider ve g\u00fc\u00e7l\u00fc bir insan, \u00e7ok g\u00fc\u00e7l\u00fc bir insan.&#8221;<\/p>\n\n\n\n<h3 class=\"wp-block-heading\">\u201cO BANA SAYGI DUYUYOR, BEN DE ONA SAYGI DUYUYORUM\u201d<\/h3>\n\n\n\n<p class=\"wp-block-paragraph\">\u0130ki \u00fclke aras\u0131nda bir \u00e7at\u0131\u015fma ihtimaline kesinlikle inanmad\u0131\u011f\u0131n\u0131 belirten Trump, \u0130srailli gazetecinin iddialar\u0131n\u0131 duymad\u0131\u011f\u0131n\u0131 s\u00f6yledi ve ekledi: &#8220;B\u00f6yle bir \u015fey duymad\u0131m. E\u011fer duysayd\u0131m onu arard\u0131m ve her \u015feyin yolunda oldu\u011fundan emin olurdum. T\u00fcrkiye ile b\u00f6yle bir \u015feyin ya\u015fanaca\u011f\u0131n\u0131 sanm\u0131yorum; en az\u0131ndan ben ba\u015fkanken olmaz. \u00c7\u00fcnk\u00fc o bana sayg\u0131 duyuyor, ben de ona sayg\u0131 duyuyorum. Bunun \u00f6tesinde, aram\u0131zda iyi bir dostluk var.&#8221;<\/p>\n","protected":false},"excerpt":{"rendered":"<p>ABD Ba\u015fkan\u0131 Donald Trump, \u0130srailli bir gazetecinin &#8220;T\u00fcrkiye Cumhurba\u015fkan\u0131 Erdo\u011fan \u0130srail\u2019i tehdit etmeyi s\u00fcrd\u00fcr\u00fcyor. Sizce&#8230;<\/p>\n","protected":false},"author":1,"featured_media":524,"comment_status":"open","ping_status":"open","sticky":false,"template":"","format":"standard","meta":{"footnotes":""},"categories":[40],"tags":[],"class_list":["post-523","post","type-post","status-publish","format-standard","has-post-thumbnail","hentry","category-dunya"],"_links":{"self":[{"href":"https:\/\/gundem44.com.tr\/index.php?rest_route=\/wp\/v2\/posts\/523","targetHints":{"allow":["GET"]}}],"collection":[{"href":"https:\/\/gundem44.com.tr\/index.php?rest_route=\/wp\/v2\/posts"}],"about":[{"href":"https:\/\/gundem44.com.tr\/index.php?rest_route=\/wp\/v2\/types\/post"}],"author":[{"embeddable":true,"href":"https:\/\/gundem44.com.tr\/index.php?rest_route=\/wp\/v2\/users\/1"}],"replies":[{"embeddable":true,"href":"https:\/\/gundem44.com.tr\/index.php?rest_route=%2Fwp%2Fv2%2Fcomments&post=523"}],"version-history":[{"count":1,"href":"https:\/\/gundem44.com.tr\/index.php?rest_route=\/wp\/v2\/posts\/523\/revisions"}],"predecessor-version":[{"id":525,"href":"https:\/\/gundem44.com.tr\/index.php?rest_route=\/wp\/v2\/posts\/523\/revisions\/525"}],"wp:featuredmedia":[{"embeddable":true,"href":"https:\/\/gundem44.com.tr\/index.php?rest_route=\/wp\/v2\/media\/524"}],"wp:attachment":[{"href":"https:\/\/gundem44.com.tr\/index.php?rest_route=%2Fwp%2Fv2%2Fmedia&parent=523"}],"wp:term":[{"taxonomy":"category","embeddable":true,"href":"https:\/\/gundem44.com.tr\/index.php?rest_route=%2Fwp%2Fv2%2Fcategories&post=523"},{"taxonomy":"post_tag","embeddable":true,"href":"https:\/\/gundem44.com.tr\/index.php?rest_route=%2Fwp%2Fv2%2Ftags&post=523"}],"curies":[{"name":"wp","href":"https:\/\/api.w.org\/{rel}","templated":true}]}}