{"id":520,"date":"2026-06-10T21:03:10","date_gmt":"2026-06-10T21:03:10","guid":{"rendered":"https:\/\/gundem44.com.tr\/?p=520"},"modified":"2026-06-10T21:03:11","modified_gmt":"2026-06-10T21:03:11","slug":"dsoden-korkutan-ebola-itirafi-virusu-kontrol-edemiyoruz","status":"publish","type":"post","link":"https:\/\/gundem44.com.tr\/?p=520","title":{"rendered":"DS\u00d6&#8217;den korkutan Ebola itiraf\u0131: Vir\u00fcs\u00fc kontrol edemiyoruz"},"content":{"rendered":"\n<p class=\"wp-block-paragraph\">D\u00fcnya Sa\u011fl\u0131k \u00d6rg\u00fct\u00fcn\u00fcn Sa\u011fl\u0131k Acil Durum Uyar\u0131lar\u0131 ve M\u00fcdahale Operasyonlar\u0131 Direkt\u00f6r\u00fc Abdirahman Mahamud, Kongo Demokratik Cumhuriyeti&#8217;nde g\u00f6r\u00fclen Ebola salg\u0131n\u0131nda kontrol e\u011frisinin \u00e7ok gerisinde olduklar\u0131n\u0131 bildirerek, test ve temas takibi \u00e7al\u0131\u015fmalar\u0131n\u0131n artmas\u0131na ra\u011fmen bir\u00e7ok zorlu\u011funun s\u00fcrd\u00fc\u011f\u00fcn\u00fc kaydetti.<\/p>\n\n\n\n<p class=\"wp-block-paragraph\"><a href=\"https:\/\/www.sondakika.com\/dunya\/\">D\u00fcnya<\/a>&nbsp;<a href=\"https:\/\/www.sondakika.com\/saglik\/\">Sa\u011fl\u0131k<\/a>&nbsp;\u00d6rg\u00fct\u00fcn\u00fcn (DS\u00d6) Sa\u011fl\u0131k Acil Durum Uyar\u0131lar\u0131 ve M\u00fcdahale Operasyonlar\u0131 Direkt\u00f6r\u00fc&nbsp;Abdirahman&nbsp;Mahamud, Birle\u015fmi\u015f Milletler (BM) Cenevre Ofisi&#8217;nin haftal\u0131k bas\u0131n toplant\u0131s\u0131na \u00e7evrim i\u00e7i kat\u0131larak Ebola salg\u0131n\u0131n g\u00f6r\u00fcld\u00fc\u011f\u00fc Kongo Demokratik Cumhuriyeti&#8217;nde (KDC) ve Uganda&#8217;daki duruma ili\u015fkin de\u011ferlendirmelerde bulundu.<\/p>\n\n\n\n<h3 class=\"wp-block-heading\">\u201cSALGININ KONTROL E\u011eR\u0130S\u0130N\u0130N GER\u0130S\u0130NDEY\u0130Z\u201d<\/h3>\n\n\n\n<p class=\"wp-block-paragraph\">KDC&#8217;de Bundibugyo vir\u00fcs\u00fcn\u00fcn neden oldu\u011fu Ebola salg\u0131n\u0131n\u0131n \u00fc\u00e7 haftadan uzun s\u00fcredir devam etti\u011fini hat\u0131rlatan&nbsp;Mahamud, 15 g\u00fcnd\u00fcr bulundu\u011fu KDC&#8217;nin Bunia b\u00f6lgesinde b\u00fcy\u00fck m\u00fcdahale \u00e7abalar\u0131na tan\u0131k oldu\u011funu belirtti.<\/p>\n\n\n\n<p class=\"wp-block-paragraph\">Mahamud, &#8220;KDC&#8217;de 8 Haziran itibar\u0131yla 550 do\u011frulanm\u0131\u015f vaka, 101 \u00f6l\u00fcm ve toplam 19 iyile\u015fme bildirildi. Salg\u0131n, do\u011frulanm\u0131\u015f vakalar\u0131n y\u00fczde 94&#8217;\u00fcn\u00fc (487) olu\u015fturan Ituri eyaletinde yo\u011funla\u015fm\u0131\u015f durumda. Do\u011frulanan vakalardaki bu art\u0131\u015f, test ve temas takibi faaliyetlerinin art\u0131r\u0131lmas\u0131ndan kaynaklan\u0131yor ve bu, iyi bir haber. Ancak salg\u0131n\u0131n kontrol e\u011frisinin gerisindeyiz ve bir\u00e7ok zorluk devam ediyor. Yakla\u015f\u0131k 100 \u015f\u00fcpheli vakay\u0131 do\u011frulamak veya reddetmek i\u00e7in de devam eden soru\u015fturmalar\u0131m\u0131z var.&#8221; ifadeleri kullan\u0131ld\u0131.<\/p>\n\n\n\n<p class=\"wp-block-paragraph\">Uganda&#8217;da ise 19 do\u011frulanm\u0131\u015f vakan\u0131n, 2 \u00f6l\u00fcm\u00fcn ve bir muhtemel \u00f6l\u00fcm\u00fcn kayda ge\u00e7ti\u011fini belirten&nbsp;Mahamud, Uganda&#8217;da topluluk i\u00e7i bula\u015fmaya dair bir kan\u0131t olmad\u0131\u011f\u0131n\u0131 s\u00f6yledi.<\/p>\n\n\n\n<p class=\"wp-block-paragraph\">Mahamud, DS\u00d6&#8217;n\u00fcn KDC&#8217;de yerel yetkilileri ve sa\u011fl\u0131k ortaklar\u0131n\u0131 desteklemeye devam etti\u011fini dile getirdi.<\/p>\n\n\n\n<h3 class=\"wp-block-heading\">EBOLA SALGINI<\/h3>\n\n\n\n<p class=\"wp-block-paragraph\">KDC&#8217;nin do\u011fusundaki Ituri eyaletinde a\u00e7\u0131klanan 246 \u015f\u00fcpheli vaka ve 65 \u00f6l\u00fcm\u00fcn ard\u0131ndan 15 May\u0131s&#8217;ta \u00fclkede salg\u0131n ilan edilmi\u015fti.<\/p>\n\n\n\n<p class=\"wp-block-paragraph\">DS\u00d6, 17 May\u0131s&#8217;ta yeniden ortaya \u00e7\u0131kan Ebola salg\u0131n\u0131 nedeniyle uluslararas\u0131 halk sa\u011fl\u0131\u011f\u0131 acil durumu ilan etmi\u015fti.<\/p>\n\n\n\n<p class=\"wp-block-paragraph\">Sa\u011fl\u0131k yetkililerine g\u00f6re, mevcut salg\u0131n, nadir bir Ebola varyant\u0131 olan &#8220;Bundibugyo&#8221; vir\u00fcs\u00fcnden kaynaklan\u0131yor ve onaylanm\u0131\u015f tedavisi veya a\u015f\u0131s\u0131 bulunmuyor.<\/p>\n\n\n\n<p class=\"wp-block-paragraph\">S\u00f6z konusu salg\u0131nda vaka say\u0131s\u0131n\u0131n 1000&#8217;i a\u015ft\u0131\u011f\u0131 bildiriliyor.<\/p>\n","protected":false},"excerpt":{"rendered":"<p>D\u00fcnya Sa\u011fl\u0131k \u00d6rg\u00fct\u00fcn\u00fcn Sa\u011fl\u0131k Acil Durum Uyar\u0131lar\u0131 ve M\u00fcdahale Operasyonlar\u0131 Direkt\u00f6r\u00fc Abdirahman Mahamud, Kongo Demokratik&#8230;<\/p>\n","protected":false},"author":1,"featured_media":521,"comment_status":"open","ping_status":"open","sticky":false,"template":"","format":"standard","meta":{"footnotes":""},"categories":[40],"tags":[],"class_list":["post-520","post","type-post","status-publish","format-standard","has-post-thumbnail","hentry","category-dunya"],"_links":{"self":[{"href":"https:\/\/gundem44.com.tr\/index.php?rest_route=\/wp\/v2\/posts\/520","targetHints":{"allow":["GET"]}}],"collection":[{"href":"https:\/\/gundem44.com.tr\/index.php?rest_route=\/wp\/v2\/posts"}],"about":[{"href":"https:\/\/gundem44.com.tr\/index.php?rest_route=\/wp\/v2\/types\/post"}],"author":[{"embeddable":true,"href":"https:\/\/gundem44.com.tr\/index.php?rest_route=\/wp\/v2\/users\/1"}],"replies":[{"embeddable":true,"href":"https:\/\/gundem44.com.tr\/index.php?rest_route=%2Fwp%2Fv2%2Fcomments&post=520"}],"version-history":[{"count":1,"href":"https:\/\/gundem44.com.tr\/index.php?rest_route=\/wp\/v2\/posts\/520\/revisions"}],"predecessor-version":[{"id":522,"href":"https:\/\/gundem44.com.tr\/index.php?rest_route=\/wp\/v2\/posts\/520\/revisions\/522"}],"wp:featuredmedia":[{"embeddable":true,"href":"https:\/\/gundem44.com.tr\/index.php?rest_route=\/wp\/v2\/media\/521"}],"wp:attachment":[{"href":"https:\/\/gundem44.com.tr\/index.php?rest_route=%2Fwp%2Fv2%2Fmedia&parent=520"}],"wp:term":[{"taxonomy":"category","embeddable":true,"href":"https:\/\/gundem44.com.tr\/index.php?rest_route=%2Fwp%2Fv2%2Fcategories&post=520"},{"taxonomy":"post_tag","embeddable":true,"href":"https:\/\/gundem44.com.tr\/index.php?rest_route=%2Fwp%2Fv2%2Ftags&post=520"}],"curies":[{"name":"wp","href":"https:\/\/api.w.org\/{rel}","templated":true}]}}