{"id":512,"date":"2026-06-10T20:45:03","date_gmt":"2026-06-10T20:45:03","guid":{"rendered":"https:\/\/gundem44.com.tr\/?p=512"},"modified":"2026-06-10T20:45:03","modified_gmt":"2026-06-10T20:45:03","slug":"chpde-ihraclar-9-kisiyle-sinirli-kalmayacak-iste-siradaki-isimler","status":"publish","type":"post","link":"https:\/\/gundem44.com.tr\/?p=512","title":{"rendered":"CHP&#8217;de ihra\u00e7lar 9 ki\u015fiyle s\u0131n\u0131rl\u0131 kalmayacak! \u0130\u015fte s\u0131radaki isimler"},"content":{"rendered":"\n<p class=\"wp-block-paragraph\">CHP&#8217;de \u00d6zg\u00fcr \u00d6zel&#8217;in A tak\u0131m\u0131ndan 9 isim kesin ihra\u00e7 talebiyle disipline sevk dilirken, ihra\u00e7 dalgas\u0131n\u0131n bununla s\u0131n\u0131rl\u0131 olmayaca\u011f\u0131 iddia edildi. Kulislerde konu\u015fulan iddiaya g\u00f6re ikinci ihra\u00e7 listesinde Adnan Beker, Cemal Enginyurt, Mahmut Tanal, \u00dcmit Dikbay\u0131r ve G\u00f6khan Zeybek yer al\u0131yor.<\/p>\n\n\n\n<p class=\"wp-block-paragraph\">CHP Merkez Y\u00f6netim Kurulu (MYK), parti genel merkezinde Genel Ba\u015fkan&nbsp;<a href=\"https:\/\/www.sondakika.com\/kemal-kilicdaroglu\/\">Kemal K\u0131l\u0131\u00e7daro\u011flu<\/a>&nbsp;ba\u015fkanl\u0131\u011f\u0131nda topland\u0131. CHP Genel Ba\u015fkan Yard\u0131mc\u0131s\u0131 ve Parti S\u00f6zc\u00fcs\u00fc M\u00fcslim Sar\u0131, 4 saat s\u00fcren MYK toplant\u0131s\u0131 g\u00fcndemine ili\u015fkin a\u00e7\u0131klama yapt\u0131. Sar\u0131, mutlak butlan karar\u0131 sonras\u0131 iyi niyetli bir tak\u0131m giri\u015fimlerde bulunduklar\u0131n\u0131 fakat bu \u00e7al\u0131\u015fmalar\u0131n sonu\u00e7 vermedi\u011fini s\u00f6yledi.<\/p>\n\n\n\n<h3 class=\"wp-block-heading\">CHP&#8217;DE 9 \u0130SME \u0130HRA\u00c7 TALEB\u0130<\/h3>\n\n\n\n<p class=\"wp-block-paragraph\">Sar\u0131, parti \u00fcyelikleri ask\u0131ya al\u0131narak kesin ihra\u00e7 talebiyle disipline sevk edilen isimleri a\u00e7\u0131klad\u0131. Sar\u0131 \u015fu ifadeleri kulland\u0131: &#8220;Bal\u0131kesir Milletvekilimiz Ensar Aytekin, Mersin Milletvekilimiz Ali Mahir Ba\u015far\u0131r, \u0130stanbul Milletvekilimiz G\u00f6khan G\u00fcnayd\u0131n, Bursa Milletvekilimiz Nurhayat Altaca Kay\u0131\u015fo\u011flu, \u0130stanbul Milletvekilimiz \u00d6zg\u00fcr Karabat, Ankara Milletvekilimiz Umut Akdo\u011fan, Malatya Milletvekilimiz Veli A\u011fbaba, \u0130stanbul Milletvekilimiz Turan Ta\u015fk\u0131n \u00d6zer ve Adana Milletvekilimiz Burhanettin Bulut.<\/p>\n\n\n\n<p class=\"wp-block-paragraph\">Bu arkada\u015flar\u0131m\u0131z iddianamelerde yer alan dolay\u0131s\u0131yla bizim temiz siyaset anlay\u0131\u015f\u0131m\u0131z \u00e7er\u00e7evesi i\u00e7erisinde de ar\u0131nma siyasetimizin olu\u015fmas\u0131 a\u00e7\u0131s\u0131ndan, buraya katk\u0131 sa\u011flamak a\u00e7\u0131s\u0131ndan alm\u0131\u015f oldu\u011fumuz bir karara muhatap oldular. Yarg\u0131 s\u00fcreci i\u015fliyor ku\u015fkusuz. Ceza davalar\u0131 devam ediyor, \u00f6n\u00fcm\u00fczdeki s\u00fcre\u00e7te bu arkada\u015flar\u0131m\u0131z da kendilerini ispat etmek durumunda kalacaklar ve kendilerinin yarg\u0131 kar\u015f\u0131s\u0131nda savunmak durumunda kalacaklar. Aklan\u0131p gelecekler. Bizim akland\u0131ktan sonra b\u00fct\u00fcn bu arkada\u015flar\u0131m\u0131za da kap\u0131m\u0131z a\u00e7\u0131k, kalmaya devam edecekler.&#8221;<\/p>\n\n\n\n<h3 class=\"wp-block-heading\">5 \u0130S\u0130M DAHA \u0130HRA\u00c7 ED\u0130LECEK<\/h3>\n\n\n\n<p class=\"wp-block-paragraph\">\u0130hrac\u0131 istenen isimlerden pe\u015f pe\u015fe sert tepkiler gelirken, gazeteci Sinan Burhan \u00e7ok konu\u015fulacak bir iddiay\u0131 g\u00fcndeme getirdi. Beng\u00fc T\u00fcrk Tv canl\u0131 yay\u0131n\u0131nda konu\u015fan Burhan, ihra\u00e7lar\u0131n 9 isimle s\u0131n\u0131rl\u0131 kalmayaca\u011f\u0131n\u0131 iddia etti. Burhan,&nbsp;<a href=\"https:\/\/www.sondakika.com\/adnan-beker\/\">Adnan Beker<\/a>,&nbsp;<a href=\"https:\/\/www.sondakika.com\/cemal-enginyurt\/\">Cemal Enginyurt<\/a>,&nbsp;<a href=\"https:\/\/www.sondakika.com\/mahmut-tanal\/\">Mahmut Tanal<\/a>,&nbsp;<a href=\"https:\/\/www.sondakika.com\/umit-dikbayir\/\">\u00dcmit Dikbay\u0131r<\/a>&nbsp;ve&nbsp;<a href=\"https:\/\/www.sondakika.com\/gokhan-zeybek\/\">G\u00f6khan Zeybek<\/a>&#8216;in ikinci dalgada ihra\u00e7 edilecek isimler oldu\u011funu \u00f6ne s\u00fcrd\u00fc. Burhan,&nbsp;<a href=\"https:\/\/www.sondakika.com\/ozgur-ozel\/\">\u00d6zg\u00fcr \u00d6zel<\/a>&#8216;in de yar\u0131n istifa edebilece\u011fini ileri s\u00fcrd\u00fc.<\/p>\n","protected":false},"excerpt":{"rendered":"<p>CHP&#8217;de \u00d6zg\u00fcr \u00d6zel&#8217;in A tak\u0131m\u0131ndan 9 isim kesin ihra\u00e7 talebiyle disipline sevk dilirken, ihra\u00e7 dalgas\u0131n\u0131n&#8230;<\/p>\n","protected":false},"author":1,"featured_media":504,"comment_status":"open","ping_status":"open","sticky":false,"template":"","format":"standard","meta":{"footnotes":""},"categories":[16],"tags":[],"class_list":["post-512","post","type-post","status-publish","format-standard","has-post-thumbnail","hentry","category-politika"],"_links":{"self":[{"href":"https:\/\/gundem44.com.tr\/index.php?rest_route=\/wp\/v2\/posts\/512","targetHints":{"allow":["GET"]}}],"collection":[{"href":"https:\/\/gundem44.com.tr\/index.php?rest_route=\/wp\/v2\/posts"}],"about":[{"href":"https:\/\/gundem44.com.tr\/index.php?rest_route=\/wp\/v2\/types\/post"}],"author":[{"embeddable":true,"href":"https:\/\/gundem44.com.tr\/index.php?rest_route=\/wp\/v2\/users\/1"}],"replies":[{"embeddable":true,"href":"https:\/\/gundem44.com.tr\/index.php?rest_route=%2Fwp%2Fv2%2Fcomments&post=512"}],"version-history":[{"count":1,"href":"https:\/\/gundem44.com.tr\/index.php?rest_route=\/wp\/v2\/posts\/512\/revisions"}],"predecessor-version":[{"id":513,"href":"https:\/\/gundem44.com.tr\/index.php?rest_route=\/wp\/v2\/posts\/512\/revisions\/513"}],"wp:featuredmedia":[{"embeddable":true,"href":"https:\/\/gundem44.com.tr\/index.php?rest_route=\/wp\/v2\/media\/504"}],"wp:attachment":[{"href":"https:\/\/gundem44.com.tr\/index.php?rest_route=%2Fwp%2Fv2%2Fmedia&parent=512"}],"wp:term":[{"taxonomy":"category","embeddable":true,"href":"https:\/\/gundem44.com.tr\/index.php?rest_route=%2Fwp%2Fv2%2Fcategories&post=512"},{"taxonomy":"post_tag","embeddable":true,"href":"https:\/\/gundem44.com.tr\/index.php?rest_route=%2Fwp%2Fv2%2Ftags&post=512"}],"curies":[{"name":"wp","href":"https:\/\/api.w.org\/{rel}","templated":true}]}}