{"id":509,"date":"2026-06-10T20:40:57","date_gmt":"2026-06-10T20:40:57","guid":{"rendered":"https:\/\/gundem44.com.tr\/?p=509"},"modified":"2026-06-10T20:40:58","modified_gmt":"2026-06-10T20:40:58","slug":"chpli-9-milletvekili-icin-ihrac-talebine-ozgur-ozelden-ilk-yorum","status":"publish","type":"post","link":"https:\/\/gundem44.com.tr\/?p=509","title":{"rendered":"CHP&#8217;li 9 milletvekili i\u00e7in ihra\u00e7 talebine \u00d6zg\u00fcr \u00d6zel&#8217;den ilk yorum"},"content":{"rendered":"\n<p class=\"wp-block-paragraph\">\u00d6zg\u00fcr \u00d6zel, 9 milletvekilinin parti \u00fcyelikleri ask\u0131ya al\u0131n\u0131p kesin ihra\u00e7 talebiyle disipline sevk edilmesine sert tepki g\u00f6sterdi. \u00d6zel, &#8220;AK Parti taraf\u0131ndan \u201cButlan\u201d atanan mazbatas\u0131zlar CHP\u2019de Genel Ba\u015fkanl\u0131k yapamazlar. Milletvekillerimizi, millet se\u00e7ti ancak millet g\u00f6revden al\u0131r. Atanm\u0131\u015flar bu partide paralel CHP olu\u015fturamazlar. Bu darbe p\u00fcsk\u00fcrt\u00fclecek ve CHP\u2019yi atanm\u0131\u015flar de\u011fil se\u00e7ilmi\u015fler y\u00f6netecektir.&#8221; dedi.<\/p>\n\n\n\n<p class=\"wp-block-paragraph\"><a href=\"https:\/\/www.sondakika.com\/ozgur-ozel\/\">\u00d6zg\u00fcr \u00d6zel<\/a>, mahkemenin mutlak butlan karar\u0131yla CHP Genel Ba\u015fkanl\u0131\u011f\u0131 koltu\u011funa yeniden oturan&nbsp;<a href=\"https:\/\/www.sondakika.com\/kemal-kilicdaroglu\/\">Kemal K\u0131l\u0131\u00e7daro\u011flu<\/a>&nbsp;y\u00f6netiminin ihra\u00e7 taleplerine sert tepki g\u00f6sterdi. Kendisine yak\u0131n 9 milletvekilinin kesin ihra\u00e7 istemiyle disipline sevk edilmesinin hukuksuz oldu\u011funu belirten \u00d6zel, milletvekillerini halk\u0131n se\u00e7ti\u011fini s\u00f6yledi.<\/p>\n\n\n\n<h3 class=\"wp-block-heading\">&#8220;BUTLAN Y\u00d6NET\u0130M\u0130N\u0130N, 9 M\u0130LLETVEK\u0130L\u0130M\u0130Z\u0130 HUKUKSUZ \u015eEK\u0130L\u0130DE D\u0130S\u0130PL\u0130NE SEVK ETMEK \u0130STEMEKTED\u0130R&#8221;<\/h3>\n\n\n\n<p class=\"wp-block-paragraph\">\u00d6zel a\u00e7\u0131klamas\u0131nda \u015fu ifadeleri kulland\u0131: &#8220;Ak Parti taraf\u0131ndan \u201cButlan\u201d atanan mazbatas\u0131zlar CHP\u2019de Genel Ba\u015fkanl\u0131k yapamazlar\u2026&nbsp;Erdo\u011fan iktidar\u0131n\u0131n devam\u0131 i\u00e7in g\u00f6revlendirilen butlan y\u00f6netimi, 9 milletvekilimizi hukuksuz bir \u015fekilde disipline sevk etmek istemektedir.<\/p>\n\n\n\n<p class=\"wp-block-paragraph\">Cumhuriyet Halk Partisi\u2019nin onurlu ve m\u00fccadeleci tarihinde, demokrasiye ve \u00f6rg\u00fct iradesine sahip \u00e7\u0131kanlar gururla an\u0131lacakt\u0131r. \u0130radeyi gasp edenler, korkuyla ve bask\u0131yla yol y\u00fcr\u00fcyenler ise utan\u00e7la hat\u0131rlanacakt\u0131r.&nbsp;Bizler, baba oca\u011f\u0131n\u0131 teslim almaya \u00e7al\u0131\u015fanlara kar\u015f\u0131 \u00f6rg\u00fct\u00fcn sesini, \u00fcyelerimizin iradesini savunmaya devam edece\u011fiz. CHP, Saraydan icazet alan, Saraya payanda olanlar\u0131n de\u011fil; bedel \u00f6deyerek m\u00fccadele edenlerin partisidir.<\/p>\n\n\n\n<h3 class=\"wp-block-heading\">&#8220;M\u0130LLETVEK\u0130L\u0130M\u0130Z\u0130 M\u0130LLET SE\u00c7T\u0130, M\u0130LLET G\u00d6REVDEN ALIR&#8221;<\/h3>\n\n\n\n<p class=\"wp-block-paragraph\">Milletvekillerimizi, millet se\u00e7ti ancak millet g\u00f6revden al\u0131r. Atanm\u0131\u015flar bu partide paralel CHP olu\u015fturamazlar.&nbsp;Bu darbe p\u00fcsk\u00fcrt\u00fclecek ve CHP\u2019yi atanm\u0131\u015flar de\u011fil se\u00e7ilmi\u015fler y\u00f6netecektir.&#8221;<\/p>\n\n\n\n<h3 class=\"wp-block-heading\">9 \u0130S\u0130M \u0130\u00c7\u0130N \u0130HRA\u00c7 TALEB\u0130<\/h3>\n\n\n\n<p class=\"wp-block-paragraph\">\u00d6te yandan CHP Genel Ba\u015fkan Yard\u0131mc\u0131s\u0131 ve Parti S\u00f6zc\u00fcs\u00fc M\u00fcslim Sar\u0131, ihra\u00e7 talebiyle disipline sevk edilen milletvekilleri \u015fu \u015fekilde a\u00e7\u0131klad\u0131: &#8220;Bal\u0131kesir Milletvekilimiz Ensar Aytekin, Mersin Milletvekilimiz Ali Mahir Ba\u015far\u0131r, \u0130stanbul Milletvekilimiz G\u00f6khan G\u00fcnayd\u0131n, Bursa Milletvekilimiz Nurhayat Altaca Kay\u0131\u015fo\u011flu, \u0130stanbul Milletvekilimiz \u00d6zg\u00fcr Karabat, Ankara Milletvekilimiz Umut Akdo\u011fan, Malatya Milletvekilimiz Veli A\u011fbaba, \u0130stanbul Milletvekilimiz Turan Ta\u015fk\u0131n \u00d6zer ve Adana Milletvekilimiz Burhanettin Bulut. Bu arkada\u015flar\u0131m\u0131z iddianamelerde yer alan, bizim temiz siyaset anlay\u0131\u015f\u0131m\u0131z i\u00e7erisinde ar\u0131nma siyasetimizin olu\u015fmas\u0131 a\u00e7\u0131s\u0131ndan alm\u0131\u015f oldu\u011fumuz bir karara muhatap oldular. Yarg\u0131 s\u00fcreci i\u015fliyor, ceza davalar\u0131 devam ediyor. \u00d6n\u00fcm\u00fczdeki d\u00f6nemde bu arkada\u015flar\u0131m\u0131z kendilerini yarg\u0131 kar\u015f\u0131s\u0131nda savunma durumunda kalacaklar. Aklan\u0131p gelecekler. Akland\u0131ktan sonra arkada\u015flar\u0131m\u0131za kap\u0131m\u0131z a\u00e7\u0131k kalmaya devam edecek.&#8221;<\/p>\n","protected":false},"excerpt":{"rendered":"<p>\u00d6zg\u00fcr \u00d6zel, 9 milletvekilinin parti \u00fcyelikleri ask\u0131ya al\u0131n\u0131p kesin ihra\u00e7 talebiyle disipline sevk edilmesine sert&#8230;<\/p>\n","protected":false},"author":1,"featured_media":510,"comment_status":"open","ping_status":"open","sticky":false,"template":"","format":"standard","meta":{"footnotes":""},"categories":[16],"tags":[],"class_list":["post-509","post","type-post","status-publish","format-standard","has-post-thumbnail","hentry","category-politika"],"_links":{"self":[{"href":"https:\/\/gundem44.com.tr\/index.php?rest_route=\/wp\/v2\/posts\/509","targetHints":{"allow":["GET"]}}],"collection":[{"href":"https:\/\/gundem44.com.tr\/index.php?rest_route=\/wp\/v2\/posts"}],"about":[{"href":"https:\/\/gundem44.com.tr\/index.php?rest_route=\/wp\/v2\/types\/post"}],"author":[{"embeddable":true,"href":"https:\/\/gundem44.com.tr\/index.php?rest_route=\/wp\/v2\/users\/1"}],"replies":[{"embeddable":true,"href":"https:\/\/gundem44.com.tr\/index.php?rest_route=%2Fwp%2Fv2%2Fcomments&post=509"}],"version-history":[{"count":1,"href":"https:\/\/gundem44.com.tr\/index.php?rest_route=\/wp\/v2\/posts\/509\/revisions"}],"predecessor-version":[{"id":511,"href":"https:\/\/gundem44.com.tr\/index.php?rest_route=\/wp\/v2\/posts\/509\/revisions\/511"}],"wp:featuredmedia":[{"embeddable":true,"href":"https:\/\/gundem44.com.tr\/index.php?rest_route=\/wp\/v2\/media\/510"}],"wp:attachment":[{"href":"https:\/\/gundem44.com.tr\/index.php?rest_route=%2Fwp%2Fv2%2Fmedia&parent=509"}],"wp:term":[{"taxonomy":"category","embeddable":true,"href":"https:\/\/gundem44.com.tr\/index.php?rest_route=%2Fwp%2Fv2%2Fcategories&post=509"},{"taxonomy":"post_tag","embeddable":true,"href":"https:\/\/gundem44.com.tr\/index.php?rest_route=%2Fwp%2Fv2%2Ftags&post=509"}],"curies":[{"name":"wp","href":"https:\/\/api.w.org\/{rel}","templated":true}]}}