{"id":506,"date":"2026-06-10T20:36:51","date_gmt":"2026-06-10T20:36:51","guid":{"rendered":"https:\/\/gundem44.com.tr\/?p=506"},"modified":"2026-06-10T20:36:51","modified_gmt":"2026-06-10T20:36:51","slug":"irandan-dunya-kupasi-oncesi-olay-tehdit-teknik-direktorumuz-maci-durdurur","status":"publish","type":"post","link":"https:\/\/gundem44.com.tr\/?p=506","title":{"rendered":"\u0130ran&#8217;dan D\u00fcnya Kupas\u0131 \u00f6ncesi olay tehdit: Teknik direkt\u00f6r\u00fcm\u00fcz ma\u00e7\u0131 durdurur"},"content":{"rendered":"\n<p class=\"wp-block-paragraph\">\u0130ran Spor Bakan\u0131 Ahmed D\u00fcnyamali, D\u00fcnya Kupas\u0131n\u0131n ba\u015flamas\u0131na saatler kala FIFA&#8217;ya uyar\u0131da bulunarak D\u00fcnya Kupas\u0131&#8217;nda h\u00fck\u00fcmet kar\u015f\u0131t\u0131 protestolara veya gayriresmi sembollerin a\u00e7\u0131lmas\u0131na izin vermeyeceklerini, aksi halde sahadan \u00e7ekileceklerini belirtti.<\/p>\n\n\n\n<p class=\"wp-block-paragraph\"><a href=\"https:\/\/www.sondakika.com\/dunya-kupasi\/\">D\u00fcnya Kupas\u0131<\/a>&nbsp;heyecan\u0131 ba\u015flamak \u00fczereyken&nbsp;<a href=\"https:\/\/www.sondakika.com\/iran\/\">\u0130ran<\/a>&nbsp;cephesinden turnuvaya damga vuracak radikal bir \u00e7\u0131k\u0131\u015f geldi.&nbsp;<\/p>\n\n\n\n<h3 class=\"wp-block-heading\">\u0130RAN&#8217;DAN FIFA&#8217;YA KR\u0130T\u0130K UYARI<\/h3>\n\n\n\n<p class=\"wp-block-paragraph\">\u0130ran&nbsp;<a href=\"https:\/\/www.sondakika.com\/Spor\/\">Spor<\/a>&nbsp;Bakan\u0131 Ahmed D\u00fcnyamali, turnuva esnas\u0131nda trib\u00fcnlerde h\u00fck\u00fcmet kar\u015f\u0131t\u0131 protestolara veya gayriresmi sembollerin a\u00e7\u0131lmas\u0131na izin vermeyeceklerini belirterek FIFA&#8217;y\u0131 uyard\u0131.<\/p>\n\n\n\n<h3 class=\"wp-block-heading\">&#8221;TEKN\u0130K D\u0130REKT\u00d6R\u00dcM\u00dcZ SAHADAN \u00c7EK\u0130LMEKLE Y\u00dcK\u00dcML\u00dc&#8221;<\/h3>\n\n\n\n<p class=\"wp-block-paragraph\">Milli tak\u0131m\u0131n turnuvaya kat\u0131l\u0131m\u0131na y\u00f6nelik ele\u015ftirilerin ard\u0131ndan bas\u0131na a\u00e7\u0131klamalarda bulunan Bakan D\u00fcnyamali, ald\u0131klar\u0131 karar\u0131 resmi olarak FIFA&#8217;ya ilettiklerini duyurdu. D\u00fcnyamali, &#8220;FIFA\u2019ya net bir mesaj verdik: \u0130ran\u2019\u0131n oynayaca\u011f\u0131 m\u00fcsabakalarda trib\u00fcnlerde resmi olmayan bayraklar (muhaliflerin kulland\u0131\u011f\u0131 aslan ve g\u00fcne\u015f semboll\u00fc eski bayraklar) a\u00e7\u0131l\u0131r ya da milli tak\u0131m\u0131m\u0131z aleyhine tezah\u00fcrat yap\u0131l\u0131rsa, teknik direkt\u00f6r\u00fcm\u00fcz hi\u00e7 d\u00fc\u015f\u00fcnmeden ma\u00e7\u0131 durdurmakla y\u00fck\u00fcml\u00fcd\u00fcr&#8221; diyerek rest \u00e7ekti.&nbsp;Grup a\u015famas\u0131ndaki rakiplerinden M\u0131s\u0131r ile yapacaklar\u0131 ma\u00e7a da de\u011finen Bakan, stadyumda herhangi bir provokasyon veya huzursuzluk ya\u015fanmayaca\u011f\u0131na dair kendilerine g\u00fcvence verildi\u011fini ekledi.<\/p>\n\n\n\n<h3 class=\"wp-block-heading\">\u0130RAN&#8217;IN D\u00dcNYA KUPASI YOLCULU\u011eU KR\u0130ZLERLE BA\u015eLADI&nbsp;<\/h3>\n\n\n\n<p class=\"wp-block-paragraph\">Turnuva \u00f6ncesi haz\u0131rl\u0131k s\u00fcrecinde \u0130ran cephesinde organizasyon ve vize krizleri ba\u015f g\u00f6sterdi. \u0130ran&nbsp;<a href=\"https:\/\/www.sondakika.com\/futbol\/\">Futbol<\/a>&nbsp;Federasyonu, turnuvan\u0131n ba\u015flamas\u0131na say\u0131l\u0131 g\u00fcnler kala kendilerine ayr\u0131lan taraftar bilet kontenjan\u0131n\u0131n iptal edildi\u011fini duyurdu. Bu karar, seyahat planlar\u0131n\u0131 aylar \u00f6ncesinden yapan binlerce \u0130ranl\u0131 taraftar\u0131n trib\u00fcn hakk\u0131n\u0131 elinden ald\u0131.<\/p>\n\n\n\n<p class=\"wp-block-paragraph\">Di\u011fer yandan haz\u0131rl\u0131k kamp\u0131n\u0131 Meksika&#8217;n\u0131n Tijuana kentinde s\u00fcrd\u00fcren \u0130ran Milli Tak\u0131m\u0131&#8217;na y\u00f6nelik ABD \u0130\u00e7 G\u00fcvenlik Bakanl\u0131\u011f\u0131&#8217;ndan da k\u0131s\u0131tlama geldi. Al\u0131nan karara g\u00f6re, \u0130ranl\u0131 futbolcular ve teknik heyet, her kar\u015f\u0131la\u015fmadan yaln\u0131zca bir g\u00fcn \u00f6nce Amerika Birle\u015fik Devletleri&#8217;ne giri\u015f yapabilecek.<\/p>\n\n\n\n<h3 class=\"wp-block-heading\">MA\u00c7 F\u0130KST\u00dcR\u00dc<\/h3>\n\n\n\n<p class=\"wp-block-paragraph\">G Grubu&#8217;nda yer alan \u0130ran, turnuvadaki ilk ma\u00e7\u0131n\u0131 15 Haziran&#8217;da Los Angeles&#8217;ta Yeni Zelanda&#8217;ya kar\u015f\u0131 oynayacak. Ard\u0131ndan 21 Haziran&#8217;da yine ayn\u0131 stadyumda Bel\u00e7ika ile kar\u015f\u0131la\u015facak olan \u0130ran, grubun son ma\u00e7\u0131nda ise 26 Haziran&#8217;da Seattle&#8217;da M\u0131s\u0131r kar\u015f\u0131s\u0131na \u00e7\u0131kacak.<\/p>\n","protected":false},"excerpt":{"rendered":"<p>\u0130ran Spor Bakan\u0131 Ahmed D\u00fcnyamali, D\u00fcnya Kupas\u0131n\u0131n ba\u015flamas\u0131na saatler kala FIFA&#8217;ya uyar\u0131da bulunarak D\u00fcnya Kupas\u0131&#8217;nda&#8230;<\/p>\n","protected":false},"author":1,"featured_media":507,"comment_status":"open","ping_status":"open","sticky":false,"template":"","format":"standard","meta":{"footnotes":""},"categories":[40],"tags":[],"class_list":["post-506","post","type-post","status-publish","format-standard","has-post-thumbnail","hentry","category-dunya"],"_links":{"self":[{"href":"https:\/\/gundem44.com.tr\/index.php?rest_route=\/wp\/v2\/posts\/506","targetHints":{"allow":["GET"]}}],"collection":[{"href":"https:\/\/gundem44.com.tr\/index.php?rest_route=\/wp\/v2\/posts"}],"about":[{"href":"https:\/\/gundem44.com.tr\/index.php?rest_route=\/wp\/v2\/types\/post"}],"author":[{"embeddable":true,"href":"https:\/\/gundem44.com.tr\/index.php?rest_route=\/wp\/v2\/users\/1"}],"replies":[{"embeddable":true,"href":"https:\/\/gundem44.com.tr\/index.php?rest_route=%2Fwp%2Fv2%2Fcomments&post=506"}],"version-history":[{"count":1,"href":"https:\/\/gundem44.com.tr\/index.php?rest_route=\/wp\/v2\/posts\/506\/revisions"}],"predecessor-version":[{"id":508,"href":"https:\/\/gundem44.com.tr\/index.php?rest_route=\/wp\/v2\/posts\/506\/revisions\/508"}],"wp:featuredmedia":[{"embeddable":true,"href":"https:\/\/gundem44.com.tr\/index.php?rest_route=\/wp\/v2\/media\/507"}],"wp:attachment":[{"href":"https:\/\/gundem44.com.tr\/index.php?rest_route=%2Fwp%2Fv2%2Fmedia&parent=506"}],"wp:term":[{"taxonomy":"category","embeddable":true,"href":"https:\/\/gundem44.com.tr\/index.php?rest_route=%2Fwp%2Fv2%2Fcategories&post=506"},{"taxonomy":"post_tag","embeddable":true,"href":"https:\/\/gundem44.com.tr\/index.php?rest_route=%2Fwp%2Fv2%2Ftags&post=506"}],"curies":[{"name":"wp","href":"https:\/\/api.w.org\/{rel}","templated":true}]}}