{"id":497,"date":"2026-06-10T16:01:31","date_gmt":"2026-06-10T16:01:31","guid":{"rendered":"https:\/\/gundem44.com.tr\/?p=497"},"modified":"2026-06-10T16:01:31","modified_gmt":"2026-06-10T16:01:31","slug":"malatyada-2-bin-kisilik-yurt-projesi","status":"publish","type":"post","link":"https:\/\/gundem44.com.tr\/?p=497","title":{"rendered":"Malatya&#8217;da 2 Bin Ki\u015filik Yurt Projesi"},"content":{"rendered":"\n<p class=\"wp-block-paragraph\">Gen\u00e7lik ve Spor Bakanl\u0131\u011f\u0131, Malatya&#8217;da 2 bin kapasiteli \u00f6\u011frenci yurt projesini hayata ge\u00e7iriyor.<\/p>\n\n\n\n<p class=\"wp-block-paragraph\"><a href=\"https:\/\/www.sondakika.com\/genclik\/\">Gen\u00e7lik<\/a>&nbsp;ve&nbsp;<a href=\"https:\/\/www.sondakika.com\/Spor\/\">Spor<\/a>&nbsp;Bakanl\u0131\u011f\u0131 taraf\u0131ndan&nbsp;<a href=\"https:\/\/www.sondakika.com\/malatya\/\">Malatya<\/a>&#8216;da y\u00fcksek\u00f6\u011frenim \u00f6\u011frencilerinin bar\u0131nma ihtiyac\u0131n\u0131 kar\u015f\u0131lamak amac\u0131yla 2 bin \u00f6\u011frenci kapasiteli yurt projesi hayata ge\u00e7iriliyor. Malatya Turgut \u00d6zal \u00dcniversitesi Yak\u0131nca Yerle\u015fkesi&#8217;nde in\u015fa edilecek proje ile \u00f6\u011frencilere g\u00fcvenli, konforlu ve modern ya\u015fam alanlar\u0131 sunulmas\u0131 hedefleniyor.<\/p>\n\n\n\n<p class=\"wp-block-paragraph\">Toplam bin k\u0131z ve bin erkek \u00f6\u011frenci kapasitesine sahip olarak planlanan proje, son deprem y\u00f6netmeli\u011fine uygun \u015fekilde t\u00fcnel kal\u0131p sistemiyle in\u015fa edilecek. K\u0131z ve erkek \u00f6\u011frenci yurtlar\u0131 birbirinden ba\u011f\u0131ms\u0131z olarak tasarlan\u0131rken, her iki yerle\u015fkede de iki\u015fer yatakhane blo\u011fu ile sosyal tesis binas\u0131 yer alacak. \u00d6\u011frencilerin sosyal, k\u00fclt\u00fcrel ve sportif geli\u015fimlerine katk\u0131 sunacak \u015fekilde planlanan sosyal tesislerde 200 metrekare fitness salonu, 580 metrekare spor salonu, sahneli konferans salonu, mescit ve 5 adet \u00e7ok ama\u00e7l\u0131 at\u00f6lye bulunacak.<\/p>\n\n\n\n<p class=\"wp-block-paragraph\">Yerle\u015fke i\u00e7erisinde \u00f6\u011frencilerin a\u00e7\u0131k alanda spor yapabilmelerine imkan sa\u011flayacak \u00e7e\u015fitli tesisler de yer alacak. Erkek \u00f6\u011frenci yurdu yerle\u015fkesinde a\u00e7\u0131k hal\u0131 saha, k\u0131z \u00f6\u011frenci yurdu yerle\u015fkesinde ise a\u00e7\u0131k basketbol ve voleybol sahalar\u0131 hizmet verecek. Proje kapsam\u0131nda ayr\u0131ca \u00f6\u011frencilerin sosyal ya\u015famlar\u0131n\u0131 zenginle\u015ftirecek kamelyalar, a\u00e7\u0131k hava spor aletleri ile y\u00fcr\u00fcy\u00fc\u015f ve ko\u015fu yollar\u0131 da in\u015fa edilecek.<\/p>\n\n\n\n<p class=\"wp-block-paragraph\">Modern mimarisi, y\u00fcksek g\u00fcvenlik standartlar\u0131 ve geni\u015f sosyal donat\u0131 alanlar\u0131yla dikkat \u00e7eken projenin, Malatya&#8217;n\u0131n y\u00fcksek\u00f6\u011frenim altyap\u0131s\u0131na \u00f6nemli katk\u0131 sa\u011flamas\u0131 ve \u00f6\u011frencilere \u00e7a\u011fda\u015f bir ya\u015fam ve e\u011fitim ortam\u0131 sunmas\u0131 bekleniyor. &#8211; MALATYA<\/p>\n","protected":false},"excerpt":{"rendered":"<p>Gen\u00e7lik ve Spor Bakanl\u0131\u011f\u0131, Malatya&#8217;da 2 bin kapasiteli \u00f6\u011frenci yurt projesini hayata ge\u00e7iriyor. Gen\u00e7lik&nbsp;ve&nbsp;Spor&nbsp;Bakanl\u0131\u011f\u0131 taraf\u0131ndan&nbsp;Malatya&#8216;da&#8230;<\/p>\n","protected":false},"author":1,"featured_media":498,"comment_status":"open","ping_status":"open","sticky":false,"template":"","format":"standard","meta":{"footnotes":""},"categories":[1],"tags":[],"class_list":["post-497","post","type-post","status-publish","format-standard","has-post-thumbnail","hentry","category-malatya-gundemi"],"_links":{"self":[{"href":"https:\/\/gundem44.com.tr\/index.php?rest_route=\/wp\/v2\/posts\/497","targetHints":{"allow":["GET"]}}],"collection":[{"href":"https:\/\/gundem44.com.tr\/index.php?rest_route=\/wp\/v2\/posts"}],"about":[{"href":"https:\/\/gundem44.com.tr\/index.php?rest_route=\/wp\/v2\/types\/post"}],"author":[{"embeddable":true,"href":"https:\/\/gundem44.com.tr\/index.php?rest_route=\/wp\/v2\/users\/1"}],"replies":[{"embeddable":true,"href":"https:\/\/gundem44.com.tr\/index.php?rest_route=%2Fwp%2Fv2%2Fcomments&post=497"}],"version-history":[{"count":1,"href":"https:\/\/gundem44.com.tr\/index.php?rest_route=\/wp\/v2\/posts\/497\/revisions"}],"predecessor-version":[{"id":499,"href":"https:\/\/gundem44.com.tr\/index.php?rest_route=\/wp\/v2\/posts\/497\/revisions\/499"}],"wp:featuredmedia":[{"embeddable":true,"href":"https:\/\/gundem44.com.tr\/index.php?rest_route=\/wp\/v2\/media\/498"}],"wp:attachment":[{"href":"https:\/\/gundem44.com.tr\/index.php?rest_route=%2Fwp%2Fv2%2Fmedia&parent=497"}],"wp:term":[{"taxonomy":"category","embeddable":true,"href":"https:\/\/gundem44.com.tr\/index.php?rest_route=%2Fwp%2Fv2%2Fcategories&post=497"},{"taxonomy":"post_tag","embeddable":true,"href":"https:\/\/gundem44.com.tr\/index.php?rest_route=%2Fwp%2Fv2%2Ftags&post=497"}],"curies":[{"name":"wp","href":"https:\/\/api.w.org\/{rel}","templated":true}]}}