{"id":494,"date":"2026-06-10T16:00:25","date_gmt":"2026-06-10T16:00:25","guid":{"rendered":"https:\/\/gundem44.com.tr\/?p=494"},"modified":"2026-06-10T16:00:25","modified_gmt":"2026-06-10T16:00:25","slug":"malatyada-taki-sergisi-acildi","status":"publish","type":"post","link":"https:\/\/gundem44.com.tr\/?p=494","title":{"rendered":"Malatya&#8217;da Tak\u0131 Sergisi A\u00e7\u0131ld\u0131"},"content":{"rendered":"\n<p class=\"wp-block-paragraph\">Malatya&#8217;daki Arslantepe Kar\u015f\u0131lama Merkezi&#8217;nde &#8216;Melid&#8217;in S\u00fcsleri&#8217; tak\u0131 sergisi 15 Haziran&#8217;a kadar a\u00e7\u0131k.<\/p>\n\n\n\n<p class=\"wp-block-paragraph\"><a href=\"https:\/\/www.sondakika.com\/malatya\/\">Malatya<\/a>&#8216;da UNESCO D\u00fcnya Miras\u0131 Listesi&#8217;nde yer alan Arslantepe H\u00f6y\u00fc\u011f\u00fc \u00f6n\u00fcndeki Arslantepe Kar\u015f\u0131lama Merkezi&#8217;nde, 18 May\u0131s&#8217;ta a\u00e7\u0131lan &#8220;Melid&#8217;in S\u00fcsleri&#8221; tak\u0131 sergisi ziyaret\u00e7ilerini a\u011f\u0131rlamay\u0131 s\u00fcrd\u00fcr\u00fcyor.<\/p>\n\n\n\n<p class=\"wp-block-paragraph\">Malatya M\u00fcze M\u00fcd\u00fcrl\u00fc\u011f\u00fcnce M\u00fczeler Haftas\u0131 kapsam\u0131nda a\u00e7\u0131lan sergide, b\u00f6lgede yap\u0131lan kaz\u0131larda bulunan, sat\u0131n alma yoluyla m\u00fczeye kazand\u0131r\u0131lan ve g\u00fcvenlik birimlerince teslim edilen eserler yer al\u0131yor.<\/p>\n\n\n\n<p class=\"wp-block-paragraph\">Sergide, Tun\u00e7 \u00c7a\u011f\u0131&#8217;ndan&nbsp;<a href=\"https:\/\/www.sondakika.com\/roma\/\">Roma<\/a>&nbsp;D\u00f6nemi&#8217;ne kadar farkl\u0131 d\u00f6nemlere ait y\u00fcz\u00fck, bileklik, tarak ve ayna gibi tak\u0131lar ile s\u00fcs e\u015fyalar\u0131 sergileniyor.<\/p>\n\n\n\n<p class=\"wp-block-paragraph\">Malatya M\u00fcze M\u00fcd\u00fcr\u00fc Murat Ata, AA muhabirine, sergide \u00f6zellikle Darende&#8217;deki Ma\u015fattepe T\u00fcm\u00fcl\u00fcs\u00fc&#8217;nde bulunan ve Roma D\u00f6nemi&#8217;ne tarihlenen eserlerin ziyaret\u00e7ilerin ilgisini \u00e7ekti\u011fini s\u00f6yledi.<\/p>\n\n\n\n<p class=\"wp-block-paragraph\">Ata, kad\u0131n ve erkek y\u00fcz\u00fckleri, taraklar ve aynalar\u0131n d\u00f6nemin estetik anlay\u0131\u015f\u0131n\u0131 yans\u0131tt\u0131\u011f\u0131n\u0131 belirterek, Urartu D\u00f6nemi&#8217;ne ait aslan ve ejderha ba\u015fl\u0131 bilekliklerin de sergide yer ald\u0131\u011f\u0131n\u0131 ifade etti.<\/p>\n\n\n\n<p class=\"wp-block-paragraph\">Sergi 15 Haziran&#8217;a kadar a\u00e7\u0131k kalacak.<\/p>\n","protected":false},"excerpt":{"rendered":"<p>Malatya&#8217;daki Arslantepe Kar\u015f\u0131lama Merkezi&#8217;nde &#8216;Melid&#8217;in S\u00fcsleri&#8217; tak\u0131 sergisi 15 Haziran&#8217;a kadar a\u00e7\u0131k. Malatya&#8216;da UNESCO D\u00fcnya&#8230;<\/p>\n","protected":false},"author":1,"featured_media":495,"comment_status":"open","ping_status":"open","sticky":false,"template":"","format":"standard","meta":{"footnotes":""},"categories":[1],"tags":[],"class_list":["post-494","post","type-post","status-publish","format-standard","has-post-thumbnail","hentry","category-malatya-gundemi"],"_links":{"self":[{"href":"https:\/\/gundem44.com.tr\/index.php?rest_route=\/wp\/v2\/posts\/494","targetHints":{"allow":["GET"]}}],"collection":[{"href":"https:\/\/gundem44.com.tr\/index.php?rest_route=\/wp\/v2\/posts"}],"about":[{"href":"https:\/\/gundem44.com.tr\/index.php?rest_route=\/wp\/v2\/types\/post"}],"author":[{"embeddable":true,"href":"https:\/\/gundem44.com.tr\/index.php?rest_route=\/wp\/v2\/users\/1"}],"replies":[{"embeddable":true,"href":"https:\/\/gundem44.com.tr\/index.php?rest_route=%2Fwp%2Fv2%2Fcomments&post=494"}],"version-history":[{"count":1,"href":"https:\/\/gundem44.com.tr\/index.php?rest_route=\/wp\/v2\/posts\/494\/revisions"}],"predecessor-version":[{"id":496,"href":"https:\/\/gundem44.com.tr\/index.php?rest_route=\/wp\/v2\/posts\/494\/revisions\/496"}],"wp:featuredmedia":[{"embeddable":true,"href":"https:\/\/gundem44.com.tr\/index.php?rest_route=\/wp\/v2\/media\/495"}],"wp:attachment":[{"href":"https:\/\/gundem44.com.tr\/index.php?rest_route=%2Fwp%2Fv2%2Fmedia&parent=494"}],"wp:term":[{"taxonomy":"category","embeddable":true,"href":"https:\/\/gundem44.com.tr\/index.php?rest_route=%2Fwp%2Fv2%2Fcategories&post=494"},{"taxonomy":"post_tag","embeddable":true,"href":"https:\/\/gundem44.com.tr\/index.php?rest_route=%2Fwp%2Fv2%2Ftags&post=494"}],"curies":[{"name":"wp","href":"https:\/\/api.w.org\/{rel}","templated":true}]}}