{"id":491,"date":"2026-06-10T15:59:17","date_gmt":"2026-06-10T15:59:17","guid":{"rendered":"https:\/\/gundem44.com.tr\/?p=491"},"modified":"2026-06-10T15:59:17","modified_gmt":"2026-06-10T15:59:17","slug":"malatyada-trafik-kazasi-3-yarali","status":"publish","type":"post","link":"https:\/\/gundem44.com.tr\/?p=491","title":{"rendered":"Malatya&#8217;da Trafik Kazas\u0131: 3 Yaral\u0131"},"content":{"rendered":"\n<p class=\"wp-block-paragraph\">Malatya&#8217;da hafif ticari ara\u00e7lar\u0131n \u00e7arp\u0131\u015fmas\u0131 sonucu 3 ki\u015fi yaraland\u0131, inceleme ba\u015flat\u0131ld\u0131.<\/p>\n\n\n\n<p class=\"wp-block-paragraph\"><a href=\"https:\/\/www.sondakika.com\/malatya\/\">Malatya<\/a>&#8216;da iki hafif ticari arac\u0131n \u00e7arp\u0131\u015fmas\u0131 sonucu meydana gelen trafik kazas\u0131nda 3 ki\u015fi yaraland\u0131.<\/p>\n\n\n\n<p class=\"wp-block-paragraph\">Kaza, saat 14.30 s\u0131ralar\u0131nda Malatya-&nbsp;<a href=\"https:\/\/www.sondakika.com\/sivas\/\">Sivas<\/a>&nbsp;Karayolu \u00fczerindeki Altay K\u0131\u015flas\u0131 Yeni Sanayi Sitesi mevkiinde meydana geldi. Edinilen bilgilere g\u00f6re, b\u00f6lgede seyir halinde olan 23 AEZ 349 plakal\u0131 hafif ticari ara\u00e7 ile 01 BAH 387 plakal\u0131 hafif ticari ara\u00e7 \u00e7arp\u0131\u015ft\u0131. Ara\u00e7lardan birinin ref\u00fcje \u00e7\u0131kt\u0131\u011f\u0131 kazada 3 ki\u015fi yaraland\u0131. \u0130hbar \u00fczerine olay yerine polis, sa\u011fl\u0131k ve itfaiye ekipleri sevk edildi. Yaral\u0131lar ekiplerin m\u00fcdahalesiyle ara\u00e7lardan \u00e7\u0131kar\u0131larak ilk m\u00fcdahalelerinin ard\u0131ndan ambulanslarla kentteki \u00e7e\u015fitli hastanelere kald\u0131r\u0131larak tedavi alt\u0131na al\u0131nd\u0131.<\/p>\n\n\n\n<p class=\"wp-block-paragraph\">Kazayla ilgili inceleme ba\u015flat\u0131ld\u0131. &#8211; MALATYA<\/p>\n","protected":false},"excerpt":{"rendered":"<p>Malatya&#8217;da hafif ticari ara\u00e7lar\u0131n \u00e7arp\u0131\u015fmas\u0131 sonucu 3 ki\u015fi yaraland\u0131, inceleme ba\u015flat\u0131ld\u0131. Malatya&#8216;da iki hafif ticari&#8230;<\/p>\n","protected":false},"author":1,"featured_media":492,"comment_status":"open","ping_status":"open","sticky":false,"template":"","format":"standard","meta":{"footnotes":""},"categories":[14],"tags":[],"class_list":["post-491","post","type-post","status-publish","format-standard","has-post-thumbnail","hentry","category-son-dakika"],"_links":{"self":[{"href":"https:\/\/gundem44.com.tr\/index.php?rest_route=\/wp\/v2\/posts\/491","targetHints":{"allow":["GET"]}}],"collection":[{"href":"https:\/\/gundem44.com.tr\/index.php?rest_route=\/wp\/v2\/posts"}],"about":[{"href":"https:\/\/gundem44.com.tr\/index.php?rest_route=\/wp\/v2\/types\/post"}],"author":[{"embeddable":true,"href":"https:\/\/gundem44.com.tr\/index.php?rest_route=\/wp\/v2\/users\/1"}],"replies":[{"embeddable":true,"href":"https:\/\/gundem44.com.tr\/index.php?rest_route=%2Fwp%2Fv2%2Fcomments&post=491"}],"version-history":[{"count":1,"href":"https:\/\/gundem44.com.tr\/index.php?rest_route=\/wp\/v2\/posts\/491\/revisions"}],"predecessor-version":[{"id":493,"href":"https:\/\/gundem44.com.tr\/index.php?rest_route=\/wp\/v2\/posts\/491\/revisions\/493"}],"wp:featuredmedia":[{"embeddable":true,"href":"https:\/\/gundem44.com.tr\/index.php?rest_route=\/wp\/v2\/media\/492"}],"wp:attachment":[{"href":"https:\/\/gundem44.com.tr\/index.php?rest_route=%2Fwp%2Fv2%2Fmedia&parent=491"}],"wp:term":[{"taxonomy":"category","embeddable":true,"href":"https:\/\/gundem44.com.tr\/index.php?rest_route=%2Fwp%2Fv2%2Fcategories&post=491"},{"taxonomy":"post_tag","embeddable":true,"href":"https:\/\/gundem44.com.tr\/index.php?rest_route=%2Fwp%2Fv2%2Ftags&post=491"}],"curies":[{"name":"wp","href":"https:\/\/api.w.org\/{rel}","templated":true}]}}