{"id":488,"date":"2026-06-10T15:17:54","date_gmt":"2026-06-10T15:17:54","guid":{"rendered":"https:\/\/gundem44.com.tr\/?p=488"},"modified":"2026-06-10T15:17:54","modified_gmt":"2026-06-10T15:17:54","slug":"kilicdaroglunun-sadece-onu-affetmem-dedigi-ali-mahir-basarir-da-disipline-sevk-edildi","status":"publish","type":"post","link":"https:\/\/gundem44.com.tr\/?p=488","title":{"rendered":"K\u0131l\u0131\u00e7daro\u011flu&#8217;nun &#8220;Sadece onu affetmem&#8221; dedi\u011fi Ali Mahir Ba\u015far\u0131r da disipline sevk edildi"},"content":{"rendered":"\n<p class=\"wp-block-paragraph\">Disiplin s\u00fcrecini ba\u015flatan CHP Genel Ba\u015fkan\u0131 Kemal K\u0131l\u0131\u00e7daro\u011flu, \u00d6zg\u00fcr \u00d6zel&#8217;e yak\u0131n 9 ismin parti \u00fcyeliklerini ask\u0131ya al\u0131n\u0131p kesin ihra\u00e7 talebiyle disipline sevk ederken, o isimler aras\u0131nda Ali Mahir Ba\u015far\u0131r da yer ald\u0131. Ba\u015far\u0131r K\u0131l\u0131\u00e7daro\u011flu i\u00e7in, &#8220;Y\u0131llarca kendisiyle omuz omuza y\u00fcr\u00fcd\u00fc\u011f\u00fc arkada\u015flar\u0131n\u0131 d\u00f6vd\u00fcrecekse, \u00f6ld\u00fcrtecekse Allah onun belas\u0131n\u0131 versin. Bu millet onu affetmeyecek&#8221; \u015feklinde sert ifadeler kullanm\u0131\u015f, K\u0131l\u0131\u00e7daro\u011flu da, &#8220;Sadece onu affetmem&#8221; demi\u015fti.<\/p>\n\n\n\n<p class=\"wp-block-paragraph\">Mahkemenin mutlak bbutlan karar\u0131n\u0131n ard\u0131ndan yeniden CHP Genel Ba\u015fkan\u0131 olan&nbsp;<a href=\"https:\/\/www.sondakika.com\/kemal-kilicdaroglu\/\">Kemal K\u0131l\u0131\u00e7daro\u011flu<\/a>, disiplin s\u00fcrecini ba\u015flatt\u0131. MYK toplant\u0131s\u0131n\u0131n ard\u0131ndan kameralar kar\u015f\u0131s\u0131na ge\u00e7en CHP S\u00f6zc\u00fcs\u00fc M\u00fcslim Sar\u0131, disipline sevk edilen isimleri a\u00e7\u0131klad\u0131.<\/p>\n\n\n\n<h3 class=\"wp-block-heading\">\u0130HRACI \u0130STENENLER ARASINDA BA\u015eARIR DA VAR<\/h3>\n\n\n\n<p class=\"wp-block-paragraph\">Sar\u0131, Enser Aytekin,&nbsp;<a href=\"https:\/\/www.sondakika.com\/ali-mahir-basarir\/\">Ali Mahir Ba\u015far\u0131r<\/a>, G\u00f6khan G\u00fcnayd\u0131n, Nurhayat Altaca, \u00d6zg\u00fcr Karabat, Umut Akdo\u011fan, Veli A\u011fbaba, Turan Ta\u015fk\u0131n \u00d6zer ve Burhanettin Bulut&#8217;un parti \u00fcyeliklerinin ask\u0131ya al\u0131nd\u0131\u011f\u0131n\u0131, kesin ihra\u00e7 talebiyle disipline sevk edildi\u011fini belirtti.<\/p>\n\n\n\n<p class=\"wp-block-paragraph\">\u0130hrac\u0131 istenenler aras\u0131nda bir ki\u015fi dikkat \u00e7ekti. Mutlak butlan karar\u0131n\u0131n ard\u0131ndan K\u0131l\u0131\u00e7daro\u011flu i\u00e7in sert ifadeler kullanan, CHP Genel Ba\u015fkan\u0131&#8217;n\u0131n da, &#8220;Sadece onu affetmem&#8221; dedi\u011fi CHP Grup Ba\u015fkanvekili Ali Mahir Ba\u015far\u0131r da ihra\u00e7 talebiyle disipline sevk edildi.<\/p>\n\n\n\n<h3 class=\"wp-block-heading\">&#8220;ALLAH ONUN BELASINI VERS\u0130N&#8221;<\/h3>\n\n\n\n<p class=\"wp-block-paragraph\">24 May\u0131s sabah\u0131 K\u0131l\u0131\u00e7daro\u011flu\u2019nu destekleyen kalabal\u0131k grup baz\u0131 CHP\u2019li milletvekilleri ve avukatlarla birlikte CHP Genel Merkezi \u00f6n\u00fcnde toplanm\u0131\u015ft\u0131. Ya\u015fanan arbedenin ard\u0131ndan CHP Grup Ba\u015fkanvekili Ali Mahir Ba\u015far\u0131r\u2019\u0131n, \u201cY\u0131llarca kendisiyle omuz omuza y\u00fcr\u00fcd\u00fc\u011f\u00fc arkada\u015flar\u0131n\u0131 d\u00f6vd\u00fcrecekse, \u00f6ld\u00fcrtecekse Allah onun belas\u0131n\u0131 versin. Bu millet onu affetmeyecek. Tarih onu affetmeyecek\u201d s\u00f6zleri g\u00fcndem olmu\u015ftu.<\/p>\n\n\n\n<p class=\"wp-block-paragraph\">K\u0131l\u0131\u00e7daro\u011flu\u2019nun bu a\u00e7\u0131klamalara b\u00fcy\u00fck tepki g\u00f6sterdi\u011fi \u00f6\u011frenilirken, Ali Mahir Ba\u015far\u0131r\u2019\u0131n kesin ihra\u00e7 istemiyle disipline sevk edilmesi i\u00e7in haz\u0131rl\u0131k ba\u015flat\u0131lm\u0131\u015ft\u0131.<\/p>\n","protected":false},"excerpt":{"rendered":"<p>Disiplin s\u00fcrecini ba\u015flatan CHP Genel Ba\u015fkan\u0131 Kemal K\u0131l\u0131\u00e7daro\u011flu, \u00d6zg\u00fcr \u00d6zel&#8217;e yak\u0131n 9 ismin parti \u00fcyeliklerini&#8230;<\/p>\n","protected":false},"author":1,"featured_media":489,"comment_status":"open","ping_status":"open","sticky":false,"template":"","format":"standard","meta":{"footnotes":""},"categories":[16],"tags":[],"class_list":["post-488","post","type-post","status-publish","format-standard","has-post-thumbnail","hentry","category-politika"],"_links":{"self":[{"href":"https:\/\/gundem44.com.tr\/index.php?rest_route=\/wp\/v2\/posts\/488","targetHints":{"allow":["GET"]}}],"collection":[{"href":"https:\/\/gundem44.com.tr\/index.php?rest_route=\/wp\/v2\/posts"}],"about":[{"href":"https:\/\/gundem44.com.tr\/index.php?rest_route=\/wp\/v2\/types\/post"}],"author":[{"embeddable":true,"href":"https:\/\/gundem44.com.tr\/index.php?rest_route=\/wp\/v2\/users\/1"}],"replies":[{"embeddable":true,"href":"https:\/\/gundem44.com.tr\/index.php?rest_route=%2Fwp%2Fv2%2Fcomments&post=488"}],"version-history":[{"count":1,"href":"https:\/\/gundem44.com.tr\/index.php?rest_route=\/wp\/v2\/posts\/488\/revisions"}],"predecessor-version":[{"id":490,"href":"https:\/\/gundem44.com.tr\/index.php?rest_route=\/wp\/v2\/posts\/488\/revisions\/490"}],"wp:featuredmedia":[{"embeddable":true,"href":"https:\/\/gundem44.com.tr\/index.php?rest_route=\/wp\/v2\/media\/489"}],"wp:attachment":[{"href":"https:\/\/gundem44.com.tr\/index.php?rest_route=%2Fwp%2Fv2%2Fmedia&parent=488"}],"wp:term":[{"taxonomy":"category","embeddable":true,"href":"https:\/\/gundem44.com.tr\/index.php?rest_route=%2Fwp%2Fv2%2Fcategories&post=488"},{"taxonomy":"post_tag","embeddable":true,"href":"https:\/\/gundem44.com.tr\/index.php?rest_route=%2Fwp%2Fv2%2Ftags&post=488"}],"curies":[{"name":"wp","href":"https:\/\/api.w.org\/{rel}","templated":true}]}}