{"id":483,"date":"2026-06-10T15:09:03","date_gmt":"2026-06-10T15:09:03","guid":{"rendered":"https:\/\/gundem44.com.tr\/?p=483"},"modified":"2026-06-10T15:09:03","modified_gmt":"2026-06-10T15:09:03","slug":"irmak-ogretmen-gorev-yaptigi-sinifini-resmen-bastan-yaratmis","status":"publish","type":"post","link":"https:\/\/gundem44.com.tr\/?p=483","title":{"rendered":"Irmak \u00f6\u011fretmen, g\u00f6rev yapt\u0131\u011f\u0131 s\u0131n\u0131f\u0131n\u0131 resmen ba\u015ftan yaratm\u0131\u015f"},"content":{"rendered":"\n<p class=\"wp-block-paragraph\">A\u011fr\u0131&#8217;n\u0131n Hamur il\u00e7esinde \u015f\u00fcpheli \u015fekilde hayat\u0131n\u0131 kaybeden anas\u0131n\u0131f\u0131 \u00f6\u011fretmeni Irmak Ay\u015fe Koparan&#8217;\u0131n g\u00f6rev yapt\u0131\u011f\u0131 anaokulunda ge\u00e7en sene yeniledi\u011fi s\u0131n\u0131fa ait g\u00f6r\u00fcnt\u00fcler ortaya \u00e7\u0131kt\u0131.<\/p>\n\n\n\n<p class=\"wp-block-paragraph\"><a href=\"https:\/\/www.sondakika.com\/agri\/\">A\u011fr\u0131<\/a>&#8216;n\u0131n&nbsp;<a href=\"https:\/\/www.sondakika.com\/hamur\/\">Hamur<\/a>&nbsp;il\u00e7esine ba\u011fl\u0131 So\u011fanl\u0131tepe \u0130lkokulu&#8217;nda \u015fubat ay\u0131nda anas\u0131n\u0131f\u0131 \u00f6\u011fretmeni olarak g\u00f6reve ba\u015flayan Irmak Ay\u015fe Koparan&#8217;dan haber alamayan arkada\u015flar\u0131, durumu 112 Acil \u00c7a\u011fr\u0131 Merkezi&#8217;ne bildirdi. \u0130hbar \u00fczerine Koparan&#8217;\u0131n ya\u015fad\u0131\u011f\u0131 Abide Mahallesi Bey Sitesi&#8217;nE polis ve sa\u011fl\u0131k ekipleri sevk edildi.<\/p>\n\n\n\n<h3 class=\"wp-block-heading\">IRMAK \u00d6\u011eRETMEN\u0130N EV\u0130NDE CANSIZ BEDEN\u0130 BULUNDU<\/h3>\n\n\n\n<p class=\"wp-block-paragraph\">Eve giren ekipler, Koparan\u2019\u0131n cans\u0131z bedeniyle kar\u015f\u0131la\u015ft\u0131. Yap\u0131lan incelemelerin ard\u0131ndan Koparan&#8217;\u0131n cenazesi, kesin \u00f6l\u00fcm nedeninin belirlenmesi amac\u0131yla otopsi yap\u0131lmak \u00fczere morga kald\u0131r\u0131ld\u0131.<\/p>\n\n\n\n<h3 class=\"wp-block-heading\">M\u00dcFETT\u0130\u015e G\u00d6REVLEND\u0130R\u0130LD\u0130<\/h3>\n\n\n\n<p class=\"wp-block-paragraph\">Olayla ilgili A\u011fr\u0131 Cumhuriyet Ba\u015fsavc\u0131l\u0131\u011f\u0131 taraf\u0131ndan soru\u015fturma ba\u015flat\u0131l\u0131rken, A\u011fr\u0131 \u0130l Milli E\u011fitim M\u00fcd\u00fcrl\u00fc\u011f\u00fc&#8217;n\u00fcn de olay\u0131n t\u00fcm y\u00f6nleriyle incelenmesi amac\u0131yla m\u00fcfetti\u015f g\u00f6revlendirdi\u011fi \u00f6\u011frenildi. Irmak Ay\u015fe Koparan\u2019\u0131n \u00f6l\u00fcm nedeni yap\u0131lacak otopsinin ard\u0131ndan netlik kazanacak.<\/p>\n\n\n\n<h3 class=\"wp-block-heading\">SINIFINI &#8220;\u00c7\u0130\u00c7EK&#8221; G\u0130B\u0130 YAPMI\u015e<\/h3>\n\n\n\n<p class=\"wp-block-paragraph\">Irmak \u00f6\u011fretmenden geriye kahreden g\u00f6r\u00fcnt\u00fcler kald\u0131. Irmak \u00f6\u011fretmenin ge\u00e7en sene g\u00f6rev yapt\u0131\u011f\u0131 s\u0131n\u0131f\u0131 sil ba\u015ftan yeniledi\u011fi g\u00f6r\u00fcnt\u00fcler kahretti.<\/p>\n","protected":false},"excerpt":{"rendered":"<p>A\u011fr\u0131&#8217;n\u0131n Hamur il\u00e7esinde \u015f\u00fcpheli \u015fekilde hayat\u0131n\u0131 kaybeden anas\u0131n\u0131f\u0131 \u00f6\u011fretmeni Irmak Ay\u015fe Koparan&#8217;\u0131n g\u00f6rev yapt\u0131\u011f\u0131 anaokulunda&#8230;<\/p>\n","protected":false},"author":1,"featured_media":399,"comment_status":"open","ping_status":"open","sticky":false,"template":"","format":"standard","meta":{"footnotes":""},"categories":[17],"tags":[],"class_list":["post-483","post","type-post","status-publish","format-standard","has-post-thumbnail","hentry","category-ulusal-haberler"],"_links":{"self":[{"href":"https:\/\/gundem44.com.tr\/index.php?rest_route=\/wp\/v2\/posts\/483","targetHints":{"allow":["GET"]}}],"collection":[{"href":"https:\/\/gundem44.com.tr\/index.php?rest_route=\/wp\/v2\/posts"}],"about":[{"href":"https:\/\/gundem44.com.tr\/index.php?rest_route=\/wp\/v2\/types\/post"}],"author":[{"embeddable":true,"href":"https:\/\/gundem44.com.tr\/index.php?rest_route=\/wp\/v2\/users\/1"}],"replies":[{"embeddable":true,"href":"https:\/\/gundem44.com.tr\/index.php?rest_route=%2Fwp%2Fv2%2Fcomments&post=483"}],"version-history":[{"count":1,"href":"https:\/\/gundem44.com.tr\/index.php?rest_route=\/wp\/v2\/posts\/483\/revisions"}],"predecessor-version":[{"id":484,"href":"https:\/\/gundem44.com.tr\/index.php?rest_route=\/wp\/v2\/posts\/483\/revisions\/484"}],"wp:featuredmedia":[{"embeddable":true,"href":"https:\/\/gundem44.com.tr\/index.php?rest_route=\/wp\/v2\/media\/399"}],"wp:attachment":[{"href":"https:\/\/gundem44.com.tr\/index.php?rest_route=%2Fwp%2Fv2%2Fmedia&parent=483"}],"wp:term":[{"taxonomy":"category","embeddable":true,"href":"https:\/\/gundem44.com.tr\/index.php?rest_route=%2Fwp%2Fv2%2Fcategories&post=483"},{"taxonomy":"post_tag","embeddable":true,"href":"https:\/\/gundem44.com.tr\/index.php?rest_route=%2Fwp%2Fv2%2Ftags&post=483"}],"curies":[{"name":"wp","href":"https:\/\/api.w.org\/{rel}","templated":true}]}}