{"id":474,"date":"2026-06-10T15:01:20","date_gmt":"2026-06-10T15:01:20","guid":{"rendered":"https:\/\/gundem44.com.tr\/?p=474"},"modified":"2026-06-10T15:01:20","modified_gmt":"2026-06-10T15:01:20","slug":"chp-tartismalarinda-sanatcilardan-pes-pese-yasak-karari-zulfu-livaneli-de-topa-girdi","status":"publish","type":"post","link":"https:\/\/gundem44.com.tr\/?p=474","title":{"rendered":"CHP tart\u0131\u015fmalar\u0131nda sanat\u00e7\u0131lardan pe\u015f pe\u015fe yasak karar\u0131: Z\u00fclf\u00fc Livaneli de topa girdi"},"content":{"rendered":"\n<p class=\"wp-block-paragraph\">CHP\u2019deki \u201cmutlak butlan\u201d tart\u0131\u015fmalar\u0131 s\u00fcrerken bir\u00e7ok sanat\u00e7\u0131 ve sanat\u00e7\u0131 yak\u0131n\u0131, eserlerinin bu s\u00fcre\u00e7le ili\u015fkilendirilen ki\u015fi ve yap\u0131lar taraf\u0131ndan kullan\u0131lmas\u0131na izin vermeyeceklerini a\u00e7\u0131klad\u0131. Z\u00fclf\u00fc Livaneli, Suavi, Selda Ba\u011fcan, Onur Ak\u0131n, Grup Yorum ve Edip Akbayram\u2019\u0131n ailesinden pe\u015f pe\u015fe gelen a\u00e7\u0131klamalarda, eserlerin izinsiz kullan\u0131m\u0131na kar\u015f\u0131 hukuki s\u00fcre\u00e7 ba\u015flat\u0131labilece\u011fi mesaj\u0131 verildi.<\/p>\n\n\n\n<p class=\"wp-block-paragraph\">CHP\u2019de \u201cmutlak butlan\u201d tart\u0131\u015fmalar\u0131 devam ederken, bir\u00e7ok sanat\u00e7\u0131 ve sanat\u00e7\u0131 yak\u0131n\u0131 eserlerinin bu s\u00fcre\u00e7le ili\u015fkilendirilen ki\u015fi ve gruplar taraf\u0131ndan kullan\u0131lmas\u0131na kar\u015f\u0131 \u00e7\u0131kt\u0131.&nbsp;<a href=\"https:\/\/www.sondakika.com\/zulfu-livaneli-2\/\">Z\u00fclf\u00fc Livaneli<\/a>,&nbsp;<a href=\"https:\/\/www.sondakika.com\/suavi\/\">Suavi<\/a>,&nbsp;<a href=\"https:\/\/www.sondakika.com\/selda-bagcan\/\">Selda Ba\u011fcan<\/a>,&nbsp;<a href=\"https:\/\/www.sondakika.com\/onur-akin-2-70\/\">Onur Ak\u0131n<\/a>,&nbsp;<a href=\"https:\/\/www.sondakika.com\/grup-yorum\/\">Grup Yorum<\/a>&nbsp;ve ge\u00e7en y\u0131l hayat\u0131n\u0131 kaybeden Edip Akbayram\u2019\u0131n ailesi art arda a\u00e7\u0131klamalar yay\u0131mlayarak eserlerinin kullan\u0131m\u0131na izin vermeyeceklerini duyurdu.<\/p>\n\n\n\n<p class=\"wp-block-paragraph\">Sanat\u00e7\u0131lar, kamuoyunda \u201cmutlak butlan\u201d olarak an\u0131lan s\u00fcrecin demokratik de\u011ferlerle ba\u011fda\u015fmad\u0131\u011f\u0131n\u0131 d\u00fc\u015f\u00fcnd\u00fcklerini belirterek, eserlerinin s\u00f6z konusu ki\u015fi, grup ve organizasyonlar taraf\u0131ndan kullan\u0131lmas\u0131n\u0131 istemediklerini a\u00e7\u0131klad\u0131.<\/p>\n\n\n\n<figure class=\"wp-block-image\"><img decoding=\"async\" src=\"https:\/\/foto.sondakika.com\/haber\/2026\/06\/10\/chp-tartismalarinda-sanatcilar-19933482-5536_1_m.jpg\" alt=\"CHP tart\u0131\u015fmalar\u0131nda sanat\u00e7\u0131lardan pe\u015f pe\u015fe yasak karar\u0131: &lt;a class='keyword-sd' href='\/zulfu-livaneli\/' title='Z\u00fclf\u00fc Livaneli'&gt;Z\u00fclf\u00fc Livaneli&lt;\/a&gt; de topa girdi\"\/><\/figure>\n\n\n\n<h3 class=\"wp-block-heading\">Z\u00dcLF\u00dc L\u0130VANEL\u0130&#8217;DEN A\u00c7IKLAMA<\/h3>\n\n\n\n<p class=\"wp-block-paragraph\">Sanat\u00e7\u0131 Z\u00fclf\u00fc Livaneli, sosyal medya hesab\u0131ndan yapt\u0131\u011f\u0131 payla\u015f\u0131mda eserlerinin kullan\u0131m\u0131na izin vermedi\u011fini belirterek \u015fu ifadeleri kulland\u0131:<\/p>\n\n\n\n<p class=\"wp-block-paragraph\">\u201cButlanla gelen \u015fu anki CHP Genel Merkezi\u2019nin bestelerimi kullanmas\u0131na iznim yoktur.\u201d<\/p>\n\n\n\n<figure class=\"wp-block-image\"><img decoding=\"async\" src=\"https:\/\/foto.sondakika.com\/haber\/2026\/06\/10\/chp-tartismalarinda-sanatcilar-19933482-8739_1_m.jpg\" alt=\"CHP tart\u0131\u015fmalar\u0131nda sanat\u00e7\u0131lardan pe\u015f pe\u015fe yasak karar\u0131: Z\u00fclf\u00fc Livaneli de topa girdi\"\/><\/figure>\n\n\n\n<h3 class=\"wp-block-heading\">SELDA BA\u011eCAN&#8217;DAN DESTEK MESAJI<\/h3>\n\n\n\n<p class=\"wp-block-paragraph\">Sanat\u00e7\u0131 Selda Ba\u011fcan da sosyal medya hesab\u0131ndan yapt\u0131\u011f\u0131 a\u00e7\u0131klamada eserlerinin kullan\u0131lmas\u0131n\u0131 istemedi\u011fini belirtti:<\/p>\n\n\n\n<p class=\"wp-block-paragraph\">\u201cButlanla gelen mevcut CHP Merkezinin; sesimi, bestelerimi ve kay\u0131tlar\u0131m\u0131 herhangi bir etkinlikte, yay\u0131nda ve siyasi \u00e7al\u0131\u015fmada kullanmas\u0131na iznim yoktur.&#8221;<\/p>\n\n\n\n<figure class=\"wp-block-image\"><img decoding=\"async\" src=\"https:\/\/foto.sondakika.com\/haber\/2026\/06\/10\/chp-tartismalarinda-sanatcilar-19933482-8020_1_m.jpg\" alt=\"CHP tart\u0131\u015fmalar\u0131nda sanat\u00e7\u0131lardan pe\u015f pe\u015fe yasak karar\u0131: Z\u00fclf\u00fc Livaneli de topa girdi\"\/><\/figure>\n\n\n\n<h3 class=\"wp-block-heading\">SUAV\u0130: &#8220;ESERLER\u0130M\u0130N KULLANILMASINI \u0130STEM\u0130YORUM&#8221;<\/h3>\n\n\n\n<p class=\"wp-block-paragraph\">Sanat\u00e7\u0131 Suavi de yapt\u0131\u011f\u0131 a\u00e7\u0131klamada, eserlerinin izinsiz kullan\u0131lmas\u0131na kar\u015f\u0131 hukuki s\u00fcre\u00e7 ba\u015flatabilece\u011fini belirterek \u015funlar\u0131 s\u00f6yledi:<\/p>\n\n\n\n<p class=\"wp-block-paragraph\">\u201cBana ait olan ve\/veya yorumcusu oldu\u011fum hi\u00e7bir eserimin-eserin butlan ile g\u00f6reve gelenler ve onun taraf\u0131 olanlar eliyle, herhangi bir ortamda kullan\u0131lmas\u0131n\u0131 istemedi\u011fimi, olas\u0131 izinsiz kullan\u0131mlara kar\u015f\u0131 s\u00fcrecin takip\u00e7isi olaca\u011f\u0131m\u0131 payla\u015fmak isterim.\u201d<\/p>\n\n\n\n<figure class=\"wp-block-image\"><img decoding=\"async\" src=\"https:\/\/foto.sondakika.com\/haber\/2026\/06\/10\/chp-tartismalarinda-sanatcilar-19933482-5144_1_m.jpg\" alt=\"CHP tart\u0131\u015fmalar\u0131nda sanat\u00e7\u0131lardan pe\u015f pe\u015fe yasak karar\u0131: Z\u00fclf\u00fc Livaneli de topa girdi\"\/><\/figure>\n\n\n\n<h3 class=\"wp-block-heading\">ED\u0130P AKBAYRAM&#8217;IN A\u0130LES\u0130NDEN ORTAK A\u00c7IKLAMA<\/h3>\n\n\n\n<p class=\"wp-block-paragraph\">Ge\u00e7ti\u011fimiz y\u0131l hayat\u0131n\u0131 kaybeden Edip Akbayram\u2019\u0131n ailesi de sosyal medya \u00fczerinden yay\u0131mlad\u0131\u011f\u0131 a\u00e7\u0131klamada, sanat\u00e7\u0131n\u0131n ya\u015fam\u0131 boyunca demokrasi, \u00f6zg\u00fcrl\u00fck, halk iradesi ve toplumsal adalet de\u011ferlerini savundu\u011funu vurgulad\u0131.<\/p>\n\n\n\n<p class=\"wp-block-paragraph\">A\u00e7\u0131klamada, kamuoyunda \u201cmutlak butlan\u201d olarak an\u0131lan s\u00fcrecin Edip Akbayram\u2019\u0131n benimsedi\u011fi demokratik anlay\u0131\u015fla \u00f6rt\u00fc\u015fmedi\u011fi belirtilerek, sanat\u00e7\u0131n\u0131n yorumlad\u0131\u011f\u0131 eserlerin bu s\u00fcrecin temsilcisi veya destek\u00e7isi olarak g\u00f6r\u00fclen ki\u015fi, grup ve organizasyonlar taraf\u0131ndan siyasi etkinliklerde kullan\u0131lmas\u0131na izin verilmeyece\u011fi ifade edildi.<\/p>\n\n\n\n<p class=\"wp-block-paragraph\">Aile a\u00e7\u0131klamas\u0131nda ayr\u0131ca \u015fu ifadelere yer verildi:<\/p>\n\n\n\n<p class=\"wp-block-paragraph\">\u201cEdip Akbayram\u2019\u0131n sanat\u0131n\u0131n ve miras\u0131n\u0131n, y\u0131llarca savundu\u011fu ilke ve de\u011ferlerle uyumlu bi\u00e7imde ya\u015fat\u0131lmas\u0131 temel hassasiyetimizdir.\u201d<\/p>\n\n\n\n<h3 class=\"wp-block-heading\">AL\u0130 ALTAY&#8217;DAN \u015eARKI TEPK\u0130S\u0130<\/h3>\n\n\n\n<p class=\"wp-block-paragraph\">Sanat\u00e7\u0131 Ali Altay da daha \u00f6nce Kemal K\u0131l\u0131\u00e7daro\u011flu\u2019na hediye etti\u011fi \u015fark\u0131n\u0131n kullan\u0131m\u0131na izin vermeyece\u011fini a\u00e7\u0131klayarak \u015fu ifadeleri kulland\u0131:<\/p>\n\n\n\n<p class=\"wp-block-paragraph\">\u201cAtat\u00fcrk\u2019ten \u00f6z\u00fcr diliyorum. Hak-Hukuk-Adalet \u015fark\u0131m\u0131 sizden geri \u00e7ekiyorum!\u201d<\/p>\n\n\n\n<figure class=\"wp-block-image\"><img decoding=\"async\" src=\"https:\/\/foto.sondakika.com\/haber\/2026\/06\/10\/chp-tartismalarinda-sanatcilar-19933482-9238_1_m.jpg\" alt=\"CHP tart\u0131\u015fmalar\u0131nda sanat\u00e7\u0131lardan pe\u015f pe\u015fe yasak karar\u0131: Z\u00fclf\u00fc Livaneli de topa girdi\"\/><\/figure>\n\n\n\n<h3 class=\"wp-block-heading\">ONUR AKIN DA KULLANIMA KAR\u015eI \u00c7IKTI<\/h3>\n\n\n\n<p class=\"wp-block-paragraph\">Sanat\u00e7\u0131&nbsp;<a href=\"https:\/\/www.sondakika.com\/onur-akin\/\">Onur Ak\u0131n<\/a>, 3 Haziran\u2019da yapt\u0131\u011f\u0131 a\u00e7\u0131klamada, CHP i\u00e7in haz\u0131rlad\u0131\u011f\u0131 ve Kemal K\u0131l\u0131\u00e7daro\u011flu\u2019nun ad\u0131n\u0131n ge\u00e7ti\u011fi eserlerinin kullan\u0131lmas\u0131n\u0131 istemedi\u011fini belirtti. Ak\u0131n, s\u00f6z konusu \u015fark\u0131lar\u0131n kullan\u0131lmaya devam edilmesi halinde yasal yollara ba\u015fvuraca\u011f\u0131n\u0131 da a\u00e7\u0131klad\u0131.<\/p>\n\n\n\n<figure class=\"wp-block-image\"><img decoding=\"async\" src=\"https:\/\/foto.sondakika.com\/haber\/2026\/06\/10\/chp-tartismalarinda-sanatcilar-19933482-7567_2_m.jpg\" alt=\"CHP tart\u0131\u015fmalar\u0131nda sanat\u00e7\u0131lardan pe\u015f pe\u015fe yasak karar\u0131: Z\u00fclf\u00fc Livaneli de topa girdi\"\/><\/figure>\n\n\n\n<p class=\"wp-block-paragraph\">Ak\u0131n, a\u00e7\u0131klamas\u0131nda ge\u00e7mi\u015fte K\u0131l\u0131\u00e7daro\u011flu\u2019nun siyasi duru\u015fundan etkilendi\u011fini ancak bug\u00fcn gelinen noktada ya\u015fanan geli\u015fmeler nedeniyle hayal k\u0131r\u0131kl\u0131\u011f\u0131 ya\u015fad\u0131\u011f\u0131n\u0131 ifade etti.<\/p>\n\n\n\n<figure class=\"wp-block-image\"><img decoding=\"async\" src=\"https:\/\/foto.sondakika.com\/haber\/2026\/06\/10\/chp-tartismalarinda-sanatcilar-19933482-1039_3_m.jpg\" alt=\"CHP tart\u0131\u015fmalar\u0131nda sanat\u00e7\u0131lardan pe\u015f pe\u015fe yasak karar\u0131: Z\u00fclf\u00fc Livaneli de topa girdi\"\/><\/figure>\n\n\n\n<h3 class=\"wp-block-heading\">GRUP YORUM&#8217;DAN SERT MESAJ<\/h3>\n\n\n\n<p class=\"wp-block-paragraph\">Grup Yorum da resmi hesaplar\u0131ndan yay\u0131mlad\u0131\u011f\u0131 a\u00e7\u0131klamada, eserlerinin siyasi ama\u00e7larla kullan\u0131lmas\u0131na kar\u015f\u0131 olduklar\u0131n\u0131 belirtti.<\/p>\n\n\n\n<p class=\"wp-block-paragraph\">\u201cHalk\u0131n T\u00fcrk\u00fclerini Kirli Siyasetinize Alet Edemezsiniz!\u201d ba\u015fl\u0131kl\u0131 a\u00e7\u0131klamada \u015fu ifadeler yer ald\u0131:<\/p>\n\n\n\n<p class=\"wp-block-paragraph\">\u201c\u015eark\u0131lar\u0131m\u0131z\u0131 mitinglerinde, konu\u015fmalar\u0131nda, videolar\u0131nda kullanmalar\u0131na ve kirletmelerine asla m\u00fcsaade etmeyece\u011fiz. Kullananlar\u0131n ikiy\u00fczl\u00fcl\u00fcklerini de bulundu\u011fumuz her yerde te\u015fhir edece\u011fiz.\u201d<\/p>\n","protected":false},"excerpt":{"rendered":"<p>CHP\u2019deki \u201cmutlak butlan\u201d tart\u0131\u015fmalar\u0131 s\u00fcrerken bir\u00e7ok sanat\u00e7\u0131 ve sanat\u00e7\u0131 yak\u0131n\u0131, eserlerinin bu s\u00fcre\u00e7le ili\u015fkilendirilen ki\u015fi&#8230;<\/p>\n","protected":false},"author":1,"featured_media":475,"comment_status":"open","ping_status":"open","sticky":false,"template":"","format":"standard","meta":{"footnotes":""},"categories":[16],"tags":[],"class_list":["post-474","post","type-post","status-publish","format-standard","has-post-thumbnail","hentry","category-politika"],"_links":{"self":[{"href":"https:\/\/gundem44.com.tr\/index.php?rest_route=\/wp\/v2\/posts\/474","targetHints":{"allow":["GET"]}}],"collection":[{"href":"https:\/\/gundem44.com.tr\/index.php?rest_route=\/wp\/v2\/posts"}],"about":[{"href":"https:\/\/gundem44.com.tr\/index.php?rest_route=\/wp\/v2\/types\/post"}],"author":[{"embeddable":true,"href":"https:\/\/gundem44.com.tr\/index.php?rest_route=\/wp\/v2\/users\/1"}],"replies":[{"embeddable":true,"href":"https:\/\/gundem44.com.tr\/index.php?rest_route=%2Fwp%2Fv2%2Fcomments&post=474"}],"version-history":[{"count":1,"href":"https:\/\/gundem44.com.tr\/index.php?rest_route=\/wp\/v2\/posts\/474\/revisions"}],"predecessor-version":[{"id":476,"href":"https:\/\/gundem44.com.tr\/index.php?rest_route=\/wp\/v2\/posts\/474\/revisions\/476"}],"wp:featuredmedia":[{"embeddable":true,"href":"https:\/\/gundem44.com.tr\/index.php?rest_route=\/wp\/v2\/media\/475"}],"wp:attachment":[{"href":"https:\/\/gundem44.com.tr\/index.php?rest_route=%2Fwp%2Fv2%2Fmedia&parent=474"}],"wp:term":[{"taxonomy":"category","embeddable":true,"href":"https:\/\/gundem44.com.tr\/index.php?rest_route=%2Fwp%2Fv2%2Fcategories&post=474"},{"taxonomy":"post_tag","embeddable":true,"href":"https:\/\/gundem44.com.tr\/index.php?rest_route=%2Fwp%2Fv2%2Ftags&post=474"}],"curies":[{"name":"wp","href":"https:\/\/api.w.org\/{rel}","templated":true}]}}