{"id":465,"date":"2026-06-10T14:53:13","date_gmt":"2026-06-10T14:53:13","guid":{"rendered":"https:\/\/gundem44.com.tr\/?p=465"},"modified":"2026-06-10T14:53:13","modified_gmt":"2026-06-10T14:53:13","slug":"lutfu-savastan-butlan-tartismasinda-yeni-aciklama-ilk-basvuruyu-ozgur-ozel-yapti","status":"publish","type":"post","link":"https:\/\/gundem44.com.tr\/?p=465","title":{"rendered":"L\u00fctf\u00fc Sava\u015f\u2019tan butlan tart\u0131\u015fmas\u0131nda yeni a\u00e7\u0131klama: \u0130lk ba\u015fvuruyu \u00d6zg\u00fcr \u00d6zel yapt\u0131"},"content":{"rendered":"\n<p class=\"wp-block-paragraph\">CHP&#8217;nin 38&#8217;inci Ola\u011fan Kurultay\u0131&#8217;na ili\u015fkin a\u00e7\u0131lan davan\u0131n ard\u0131ndan g\u00fcndeme gelen temyiz s\u00fcreciyle ilgili konu\u015fan Eski Hatay B\u00fcy\u00fck\u015fehir Belediye Ba\u015fkan\u0131 L\u00fctf\u00fc Sava\u015f, Yarg\u0131tay&#8217;a ilk ba\u015fvurunun \u00d6zg\u00fcr \u00d6zel taraf\u0131ndan yap\u0131ld\u0131\u011f\u0131n\u0131 \u00f6ne s\u00fcrd\u00fc. Partiden ihra\u00e7 edilmesine ili\u015fkin de\u011ferlendirmelerde de bulunan Sava\u015f, &#8220;Mutlak butlan karar\u0131, al\u0131nan b\u00fct\u00fcn kararlar\u0131n yok h\u00fckm\u00fcnde oldu\u011funu ifade ediyor&#8221; dedi.<\/p>\n\n\n\n<p class=\"wp-block-paragraph\">Eski Hatay B\u00fcy\u00fck\u015fehir Belediye Ba\u015fkan\u0131&nbsp;<a href=\"https:\/\/www.sondakika.com\/lutfu-savas\/\">L\u00fctf\u00fc Sava\u015f<\/a>, CHP&#8217;nin 38&#8217;inci Ola\u011fan Kurultay\u0131&#8217;na ili\u015fkin a\u00e7\u0131lan davada verilen &#8220;mutlak butlan&#8221; karar\u0131n\u0131n ard\u0131ndan ba\u015flayan temyiz s\u00fcreci hakk\u0131nda a\u00e7\u0131klamalarda bulundu. Sava\u015f,&nbsp;<a href=\"https:\/\/www.sondakika.com\/yargitay\/\">Yarg\u0131tay<\/a>&#8216;a ilk ba\u015fvurunun CHP Genel Ba\u015fkan\u0131&nbsp;<a href=\"https:\/\/www.sondakika.com\/ozgur-ozel\/\">\u00d6zg\u00fcr \u00d6zel<\/a>&nbsp;taraf\u0131ndan yap\u0131ld\u0131\u011f\u0131n\u0131 \u00f6ne s\u00fcrd\u00fc.<\/p>\n\n\n\n<h3 class=\"wp-block-heading\">KILI\u00c7DARO\u011eLU\u2019NU Z\u0130YARET ETT\u0130<\/h3>\n\n\n\n<p class=\"wp-block-paragraph\">&#8216;Mutlak butlan&#8217; karar\u0131 sonras\u0131 yeniden g\u00f6reve ba\u015flayan Kemal K\u0131l\u0131\u00e7daro\u011flu&#8217;nu ziyaret etmek \u00fczere CHP Genel Merkezi&#8217;ne gelen Sava\u015f, bas\u0131n mensuplar\u0131n\u0131n sorular\u0131n\u0131 yan\u0131tlad\u0131.<\/p>\n\n\n\n<h3 class=\"wp-block-heading\">&#8220;\u0130LK BA\u015eVURUYU \u00d6ZG\u00dcR \u00d6ZEL YAPTI&#8221;<\/h3>\n\n\n\n<p class=\"wp-block-paragraph\">Temyiz s\u00fcrecine ili\u015fkin de\u011ferlendirmelerde bulunan Sava\u015f, iki taraf aras\u0131nda uzla\u015fma ihtimalini beklediklerini belirterek \u015funlar\u0131 s\u00f6yledi:<\/p>\n\n\n\n<p class=\"wp-block-paragraph\">&#8220;Say\u0131n \u00d6zg\u00fcr \u00d6zel&#8217;in avukat\u0131 hemen an\u0131nda Yarg\u0131tay&#8217;a ba\u015fvurdu. Zannedersem biz daha d\u00fcn ba\u015fvurduk. Her iki taraf aras\u0131nda bir uzla\u015f\u0131 olur mu, bir anla\u015fma olur mu diye bekledik. Hatta ben 3 g\u00fcn \u00f6nceki demecimde de bir haber kanal\u0131na bunu anlatt\u0131m. Ama bakt\u0131k ki&nbsp;<a href=\"https:\/\/www.sondakika.com\/cumhuriyet-halk-partisi\/\">Cumhuriyet Halk Partisi<\/a>&#8216;nin \u00f6nceki y\u00f6netimi dilek\u00e7esini \u00e7ekmeyince biz de mecburen d\u00fcn dilek\u00e7e verdik. Ama \u00f6nce Yarg\u0131tay&#8217;a ba\u015fvuran Say\u0131n \u00d6zg\u00fcr \u00d6zel&#8217;dir. Hem de an\u0131nda ba\u015fvurdular. Bekledik, \u00e7ekmeyince biz de d\u00fcn bu karar kar\u015f\u0131s\u0131nda ba\u015fvurumuzu yapt\u0131k.&#8221;<\/p>\n\n\n\n<h3 class=\"wp-block-heading\">&#8220;\u0130HRA\u00c7 KARARI YOK H\u00dcKM\u00dcNDE&#8221;<\/h3>\n\n\n\n<p class=\"wp-block-paragraph\">Sava\u015f, partiden ihra\u00e7 edilmesine y\u00f6nelik bir soruya da yan\u0131t verdi. Mutlak butlan karar\u0131n\u0131n sonu\u00e7lar\u0131na dikkat \u00e7eken Sava\u015f, \u015fu ifadeleri kulland\u0131:<\/p>\n\n\n\n<p class=\"wp-block-paragraph\">&#8220;Mutlak butlan karar\u0131, al\u0131nan b\u00fct\u00fcn kararlar\u0131n yok h\u00fckm\u00fcnde oldu\u011funu ifade ediyor. En son Y\u00fcksek Disiplin Kurulu da bunu onaylad\u0131. \u015eu anda yakla\u015f\u0131k 1800 civar\u0131ndaki partiden uzakla\u015ft\u0131r\u0131lan arkada\u015flar\u0131m\u0131z\u0131n partide bulunmas\u0131n\u0131n hi\u00e7bir sak\u0131ncas\u0131 kalmad\u0131. \u015eu anda o arkada\u015flar\u0131m\u0131z\u0131n hepsi, biz de dahil \u015fu anda partideyiz.&#8221;<\/p>\n\n\n\n<figure class=\"wp-block-image\"><img decoding=\"async\" src=\"https:\/\/foto.sondakika.com\/haber\/2026\/06\/10\/lutfu-savas-tan-mutlak-butlan-aciklamasi-yarg-19933625_o.jpg\" alt=\"L\u00fctf\u00fc Sava\u015f\u2019tan butlan tart\u0131\u015fmas\u0131nda yeni a\u00e7\u0131klama: \u0130lk ba\u015fvuruyu \u00d6zg\u00fcr \u00d6zel yapt\u0131\"\/><\/figure>\n\n\n\n<h3 class=\"wp-block-heading\">&#8220;G\u00d6N\u00dcLDEN CHP&#8217;L\u0130Y\u0130Z&#8221;<\/h3>\n\n\n\n<p class=\"wp-block-paragraph\">Partiye resmi olarak d\u00f6n\u00fcp d\u00f6nmeyece\u011fi y\u00f6n\u00fcndeki soruyu da yan\u0131tlayan Sava\u015f, CHP ile ba\u011f\u0131n\u0131n yaln\u0131zca \u00fcyelik \u00fczerinden de\u011ferlendirilemeyece\u011fini s\u00f6yledi.<\/p>\n\n\n\n<p class=\"wp-block-paragraph\">Sava\u015f, a\u00e7\u0131klamas\u0131nda \u015fu ifadeleri kulland\u0131:<\/p>\n\n\n\n<p class=\"wp-block-paragraph\">&#8220;\u015eimdi, resmi \u00fcyelik d\u0131\u015f\u0131nda g\u00f6n\u00fclden \u00fcyelik diye bir \u015fey vard\u0131r, Atat\u00fcrk&#8217;\u00fcn partisinde. Bu \u00fclkede insanlar\u0131 sa\u011fc\u0131, solcu, sosyal demokrat, muhafazakar, liberal diye ay\u0131rabilirsiniz ama bu \u00fclkede en \u00e7ok taraftar\u0131 olan Gazi Mustafa Kemal Atat\u00fcrk&#8217;t\u00fcr. Y\u00fczde 85 insan\u0131m\u0131z Gazi Mustafa Kemal Atat\u00fcrk&#8217;\u00fc be\u011fenir, sayg\u0131 duyar ve sever. Onu sevenlerden bir tanesi de benim. Onun \u00e7at\u0131s\u0131 alt\u0131nda bulunmak bizim i\u00e7in onurdur ve bu onuru yaz\u0131l\u0131 bir belgeyle ta\u015f\u0131m\u0131yoruz. Ruhumuzla ta\u015f\u0131yoruz, g\u00f6nl\u00fcm\u00fczle ta\u015f\u0131yoruz. Yarg\u0131tay ne zaman sonu\u00e7lan\u0131rsa sonu\u00e7lans\u0131n bizim i\u00e7in fark etmez. Biz g\u00f6n\u00fclden Cumhuriyet Halk Partisi&#8217;ndeyiz.&#8221;<\/p>\n\n\n\n<p class=\"wp-block-paragraph\">L\u00fctf\u00fc Sava\u015f&#8217;\u0131n a\u00e7\u0131klamalar\u0131, CHP&#8217;de kurultay s\u00fcreci ve yarg\u0131 kararlar\u0131 etraf\u0131nda ya\u015fanan tart\u0131\u015fmalar\u0131n s\u00fcrd\u00fc\u011f\u00fc d\u00f6nemde yeni bir de\u011ferlendirme olarak dikkat \u00e7ekti.<\/p>\n","protected":false},"excerpt":{"rendered":"<p>CHP&#8217;nin 38&#8217;inci Ola\u011fan Kurultay\u0131&#8217;na ili\u015fkin a\u00e7\u0131lan davan\u0131n ard\u0131ndan g\u00fcndeme gelen temyiz s\u00fcreciyle ilgili konu\u015fan Eski&#8230;<\/p>\n","protected":false},"author":1,"featured_media":466,"comment_status":"open","ping_status":"open","sticky":false,"template":"","format":"standard","meta":{"footnotes":""},"categories":[16],"tags":[],"class_list":["post-465","post","type-post","status-publish","format-standard","has-post-thumbnail","hentry","category-politika"],"_links":{"self":[{"href":"https:\/\/gundem44.com.tr\/index.php?rest_route=\/wp\/v2\/posts\/465","targetHints":{"allow":["GET"]}}],"collection":[{"href":"https:\/\/gundem44.com.tr\/index.php?rest_route=\/wp\/v2\/posts"}],"about":[{"href":"https:\/\/gundem44.com.tr\/index.php?rest_route=\/wp\/v2\/types\/post"}],"author":[{"embeddable":true,"href":"https:\/\/gundem44.com.tr\/index.php?rest_route=\/wp\/v2\/users\/1"}],"replies":[{"embeddable":true,"href":"https:\/\/gundem44.com.tr\/index.php?rest_route=%2Fwp%2Fv2%2Fcomments&post=465"}],"version-history":[{"count":1,"href":"https:\/\/gundem44.com.tr\/index.php?rest_route=\/wp\/v2\/posts\/465\/revisions"}],"predecessor-version":[{"id":467,"href":"https:\/\/gundem44.com.tr\/index.php?rest_route=\/wp\/v2\/posts\/465\/revisions\/467"}],"wp:featuredmedia":[{"embeddable":true,"href":"https:\/\/gundem44.com.tr\/index.php?rest_route=\/wp\/v2\/media\/466"}],"wp:attachment":[{"href":"https:\/\/gundem44.com.tr\/index.php?rest_route=%2Fwp%2Fv2%2Fmedia&parent=465"}],"wp:term":[{"taxonomy":"category","embeddable":true,"href":"https:\/\/gundem44.com.tr\/index.php?rest_route=%2Fwp%2Fv2%2Fcategories&post=465"},{"taxonomy":"post_tag","embeddable":true,"href":"https:\/\/gundem44.com.tr\/index.php?rest_route=%2Fwp%2Fv2%2Ftags&post=465"}],"curies":[{"name":"wp","href":"https:\/\/api.w.org\/{rel}","templated":true}]}}