{"id":462,"date":"2026-06-10T14:49:59","date_gmt":"2026-06-10T14:49:59","guid":{"rendered":"https:\/\/gundem44.com.tr\/?p=462"},"modified":"2026-06-10T14:49:59","modified_gmt":"2026-06-10T14:49:59","slug":"fatos-pinar-turkerin-ciplak-arama-iddiasina-emniyetten-yalanlama","status":"publish","type":"post","link":"https:\/\/gundem44.com.tr\/?p=462","title":{"rendered":"Fato\u015f P\u0131nar T\u00fcrker&#8217;in \u00e7\u0131plak arama iddias\u0131na emniyetten yalanlama"},"content":{"rendered":"\n<p class=\"wp-block-paragraph\">Ekrem \u0130mamo\u011flu&#8217;nun da aralar\u0131nda bulundu\u011fu 414 san\u0131kl\u0131 \u0130BB Davas\u0131&#8217;n\u0131n tutuklu san\u0131klar\u0131ndan Medya A\u015e Genel M\u00fcd\u00fcr\u00fc Fato\u015f P\u0131nar T\u00fcrker, g\u00f6zalt\u0131 s\u00fcrecinde &#8220;\u00e7\u0131plak arama&#8221; yap\u0131ld\u0131\u011f\u0131 iddias\u0131na \u0130stanbul Emniyet M\u00fcd\u00fcrl\u00fc\u011f\u00fc&#8217;nden yan\u0131t geldi. A\u00e7\u0131klamada, &#8220;Bahse konu olayda da \u015fahs\u0131n g\u00f6zalt\u0131 s\u00fcreci boyunca ger\u00e7ekle\u015ftirilen i\u015flemlerde mevzuata ayk\u0131r\u0131 herhangi bir uygulama s\u00f6z konusu olmam\u0131\u015f ve iddialar ger\u00e7e\u011fi yans\u0131tmamaktad\u0131r&#8221; denildi.<\/p>\n\n\n\n<p class=\"wp-block-paragraph\">Silivri&#8217;de tutuklu bulunan ve \u0130\u00e7i\u015fleri Bakanl\u0131\u011f\u0131 taraf\u0131ndan g\u00f6revinden uzakla\u015ft\u0131r\u0131lan \u0130stanbul B\u00fcy\u00fck\u015fehir Belediye (\u0130BB) Ba\u015fkan\u0131&nbsp;<a href=\"https:\/\/www.sondakika.com\/ekrem-imamoglu\/\">Ekrem \u0130mamo\u011flu<\/a>&#8216;nun da aralar\u0131nda bulundu\u011fu 68&#8217;i tutuklu 414 san\u0131kl\u0131 &#8220;\u0130BB Yolsuzluk Davas\u0131&#8221;n\u0131n 47&#8217;nci duru\u015fmas\u0131 hareketli anlara sahne oldu.<\/p>\n\n\n\n<p class=\"wp-block-paragraph\">\u0130stanbul 40. A\u011f\u0131r Ceza Mahkemesi taraf\u0131ndan Silivri&#8217;deki Marmara Kapal\u0131 Cezaevi&#8217;nin 1 No&#8217;lu Duru\u015fma Salonunda d\u00fcn (9 Haziran Sal\u0131) ger\u00e7ekle\u015ftirilen duru\u015fmada, davan\u0131n kilit isimlerinden \u0130BB i\u015ftiraki&nbsp;<a href=\"https:\/\/www.sondakika.com\/medya\/\">Medya<\/a>&nbsp;A\u015e&#8217;nin tutuklu Genel M\u00fcd\u00fcr\u00fc Fato\u015f P\u0131nar T\u00fcrker savunmas\u0131na devam etti.<\/p>\n\n\n\n<h3 class=\"wp-block-heading\">T\u00dcRKER&#8217;DEN MAHKEMEDE G\u00d6ZYA\u015eLARI \u0130\u00c7\u0130NDE &#8216;\u00c7IPLAK ARAMA&#8217; \u0130DD\u0130ASI<\/h3>\n\n\n\n<p class=\"wp-block-paragraph\">Mahkeme salonunda g\u00f6zalt\u0131 ve cezaevine giri\u015f s\u00fcrecini g\u00f6zya\u015flar\u0131 i\u00e7inde anlatan T\u00fcrker, dikkat \u00e7eken iddialarda bulundu. Savunmas\u0131na, &#8220;Utanan varsa \u00e7\u0131kabilir&#8221; s\u00f6zleriyle ba\u015flayan T\u00fcrker, cezaevine kabul s\u00fcrecinde depo olarak kullan\u0131lan bir alanda tutuldu\u011funu ve \u00e7\u0131plak aramaya maruz b\u0131rak\u0131ld\u0131\u011f\u0131n\u0131 ileri s\u00fcrd\u00fc.<\/p>\n\n\n\n<h3 class=\"wp-block-heading\">\u0130STANBUL EMN\u0130YET\u0130NDEN A\u00c7IKLAMA<\/h3>\n\n\n\n<p class=\"wp-block-paragraph\">\u0130stanbul Emniyet M\u00fcd\u00fcrl\u00fc\u011f\u00fcnden iddialara yalanlama geldi. A\u00e7\u0131klamada \u015fu ifadelere yer verildi: &#8220;\u0130stanbul Emniyet M\u00fcd\u00fcrl\u00fc\u011f\u00fc&#8217;nce, baz\u0131 bas\u0131n-yay\u0131n organlar\u0131 ile sosyal medya platformlar\u0131nda yer alan as\u0131ls\u0131z iddialara ili\u015fkin kamuoyunun do\u011fru bilgilendirilmesi amac\u0131yla a\u00e7\u0131klama yap\u0131lmas\u0131na ihtiya\u00e7 duyulmu\u015ftur.<\/p>\n\n\n\n<p class=\"wp-block-paragraph\">S\u00f6z konusu payla\u015f\u0131mlarda, \u0130BB i\u015ftiraki Medya A.\u015e. Genel M\u00fcd\u00fcr\u00fc (tutuklu) Fato\u015f P\u0131nar T\u00fcrker&#8217;in, \u0130stanbul Emniyet M\u00fcd\u00fcrl\u00fc\u011f\u00fc&#8217;nde g\u00f6zalt\u0131nda bulundu\u011fu s\u00fcre i\u00e7erisinde maruz kald\u0131\u011f\u0131n\u0131 iddia etti\u011fi uygulamalara ili\u015fkin beyanlar\u0131na yer verilmi\u015ftir.<\/p>\n\n\n\n<h3 class=\"wp-block-heading\">&#8220;T\u00dcM \u0130\u015eLEMLER MEVZUATA UYGUN GER\u00c7EKLE\u015eT\u0130R\u0130LD\u0130&#8221;<\/h3>\n\n\n\n<p class=\"wp-block-paragraph\">\u0130stanbul Emniyet M\u00fcd\u00fcrl\u00fc\u011f\u00fc b\u00fcnyesinde ger\u00e7ekle\u015ftirilen t\u00fcm yakalama, g\u00f6zalt\u0131, \u00fcst arama ve adli i\u015flem s\u00fcre\u00e7leri; Anayasa, ilgili mevzuat h\u00fck\u00fcmleri, insan haklar\u0131 ilkeleri ve yarg\u0131sal denetime a\u00e7\u0131k usuller \u00e7er\u00e7evesinde y\u00fcr\u00fct\u00fclmektedir. G\u00f6zalt\u0131na al\u0131nan \u015fah\u0131slar\u0131n temel hak ve \u00f6zg\u00fcrl\u00fcklerinin korunmas\u0131na azami hassasiyet g\u00f6sterilmekte, t\u00fcm i\u015flemler hukuki mevzuat do\u011frultusunda yerine getirilmektedir.<\/p>\n\n\n\n<p class=\"wp-block-paragraph\">Bahse konu olayda da \u015fahs\u0131n g\u00f6zalt\u0131 s\u00fcreci boyunca ger\u00e7ekle\u015ftirilen i\u015flemlerde mevzuata ayk\u0131r\u0131 herhangi bir uygulama s\u00f6z konusu olmam\u0131\u015f ve iddialar ger\u00e7e\u011fi yans\u0131tmamaktad\u0131r.&nbsp;Kamuoyunun bilgisine sayg\u0131yla sunar\u0131z.&#8221;<\/p>\n\n\n\n<h3 class=\"wp-block-heading\">BA\u015eSAVCILIKTAN \u0130DD\u0130ALARA ANINDA YALANLAMA: TAMAMEN ASILSIZ<\/h3>\n\n\n\n<p class=\"wp-block-paragraph\">T\u00fcrker&#8217;in mahkeme salonundaki iddialar\u0131n\u0131n bas\u0131na ve sosyal medyaya yans\u0131mas\u0131n\u0131n ard\u0131ndan Bak\u0131rk\u00f6y Cumhuriyet Ba\u015fsavc\u0131l\u0131\u011f\u0131 harekete ge\u00e7erek resmi bir bas\u0131n a\u00e7\u0131klamas\u0131 yay\u0131nlad\u0131.<\/p>\n\n\n\n<p class=\"wp-block-paragraph\">R\u00fc\u015fvet almak su\u00e7lamas\u0131yla 23 Mart 2025 tarihinde tutuklanan T\u00fcrker&#8217;in ayn\u0131 g\u00fcn Marmara Kad\u0131n Kapal\u0131 Ceza \u0130nfaz Kurumu\u2019na kabul edildi\u011fi hat\u0131rlat\u0131lan a\u00e7\u0131klamada, \u00e7\u0131plak arama ve depo iddialar\u0131n\u0131n tamamen as\u0131ls\u0131z oldu\u011fu vurguland\u0131.<\/p>\n\n\n\n<h3 class=\"wp-block-heading\">&#8220;ARAMA SADECE 1 DAK\u0130KA S\u00dcRD\u00dc, KIYAFETLER\u0130 \u00c7IKARILMADI&#8221;<\/h3>\n\n\n\n<p class=\"wp-block-paragraph\">Kuruma kabul ve arama i\u015flemlerinin mevzuat\u0131n 34. maddesi h\u00fck\u00fcmleri do\u011frultusunda ger\u00e7ekle\u015ftirildi\u011fini belirten Ba\u015fsavc\u0131l\u0131k, arama an\u0131n\u0131n detaylar\u0131n\u0131 \u015fu ifadelerle payla\u015ft\u0131:<\/p>\n\n\n\n<p class=\"wp-block-paragraph\">&#8220;S\u00f6z konusu arama, d\u0131\u015far\u0131dan g\u00f6r\u00fclmesi m\u00fcmk\u00fcn olmayan ve herhangi bir g\u00f6r\u00fcnt\u00fc kayd\u0131 bulunmayan bir alanda ger\u00e7ekle\u015ftirilmi\u015f olup, iddia edildi\u011fi \u015fekilde tutuklunun k\u0131yafetlerinin \u00e7\u0131kar\u0131lmas\u0131 s\u00f6z konusu de\u011fildir. Saat 18.01\u2019de ba\u015flayan arama i\u015flemi 18.02\u2019de tamamlanm\u0131\u015ft\u0131r.&#8221;<\/p>\n\n\n\n<h3 class=\"wp-block-heading\">&#8220;\u015e\u0130KAYET\u0130M YOK&#8221; D\u0130YEREK TUTANA\u011eA \u0130MZA ATTI<\/h3>\n\n\n\n<p class=\"wp-block-paragraph\">Ba\u015fsavc\u0131l\u0131k, aramadan sonra tutulan belgede, bizzat tutuklu Fato\u015f P\u0131nar T\u00fcrker&#8217;in &#8220;herhangi bir zarar\u0131n\u0131n ya da \u015fik\u00e2yetinin bulunmad\u0131\u011f\u0131&#8221; hususunun a\u00e7\u0131k\u00e7a tespit edildi\u011fini belirtti.<\/p>\n\n\n\n<p class=\"wp-block-paragraph\">A\u00e7\u0131klaman\u0131n sonucunda, san\u0131\u011f\u0131n mahsusa ayr\u0131lm\u0131\u015f ya\u015fam alanlar\u0131 d\u0131\u015f\u0131nda bir depoda tutuldu\u011fu iddialar\u0131 da reddedilerek, cezaevine kabul ve yerle\u015ftirme i\u015flemlerinin hukuka tam uygunlukla yap\u0131ld\u0131\u011f\u0131 ifade edildi.<\/p>\n","protected":false},"excerpt":{"rendered":"<p>Ekrem \u0130mamo\u011flu&#8217;nun da aralar\u0131nda bulundu\u011fu 414 san\u0131kl\u0131 \u0130BB Davas\u0131&#8217;n\u0131n tutuklu san\u0131klar\u0131ndan Medya A\u015e Genel M\u00fcd\u00fcr\u00fc&#8230;<\/p>\n","protected":false},"author":1,"featured_media":463,"comment_status":"open","ping_status":"open","sticky":false,"template":"","format":"standard","meta":{"footnotes":""},"categories":[18],"tags":[],"class_list":["post-462","post","type-post","status-publish","format-standard","has-post-thumbnail","hentry","category-guncel"],"_links":{"self":[{"href":"https:\/\/gundem44.com.tr\/index.php?rest_route=\/wp\/v2\/posts\/462","targetHints":{"allow":["GET"]}}],"collection":[{"href":"https:\/\/gundem44.com.tr\/index.php?rest_route=\/wp\/v2\/posts"}],"about":[{"href":"https:\/\/gundem44.com.tr\/index.php?rest_route=\/wp\/v2\/types\/post"}],"author":[{"embeddable":true,"href":"https:\/\/gundem44.com.tr\/index.php?rest_route=\/wp\/v2\/users\/1"}],"replies":[{"embeddable":true,"href":"https:\/\/gundem44.com.tr\/index.php?rest_route=%2Fwp%2Fv2%2Fcomments&post=462"}],"version-history":[{"count":1,"href":"https:\/\/gundem44.com.tr\/index.php?rest_route=\/wp\/v2\/posts\/462\/revisions"}],"predecessor-version":[{"id":464,"href":"https:\/\/gundem44.com.tr\/index.php?rest_route=\/wp\/v2\/posts\/462\/revisions\/464"}],"wp:featuredmedia":[{"embeddable":true,"href":"https:\/\/gundem44.com.tr\/index.php?rest_route=\/wp\/v2\/media\/463"}],"wp:attachment":[{"href":"https:\/\/gundem44.com.tr\/index.php?rest_route=%2Fwp%2Fv2%2Fmedia&parent=462"}],"wp:term":[{"taxonomy":"category","embeddable":true,"href":"https:\/\/gundem44.com.tr\/index.php?rest_route=%2Fwp%2Fv2%2Fcategories&post=462"},{"taxonomy":"post_tag","embeddable":true,"href":"https:\/\/gundem44.com.tr\/index.php?rest_route=%2Fwp%2Fv2%2Ftags&post=462"}],"curies":[{"name":"wp","href":"https:\/\/api.w.org\/{rel}","templated":true}]}}