{"id":459,"date":"2026-06-10T14:46:17","date_gmt":"2026-06-10T14:46:17","guid":{"rendered":"https:\/\/gundem44.com.tr\/?p=459"},"modified":"2026-06-10T14:46:17","modified_gmt":"2026-06-10T14:46:17","slug":"trump-iran-anlasmayi-muzakere-etmek-icin-cok-vakit-harcadi-simdi-bedelini-odeyecekler","status":"publish","type":"post","link":"https:\/\/gundem44.com.tr\/?p=459","title":{"rendered":"Trump: \u0130ran anla\u015fmay\u0131 m\u00fczakere etmek i\u00e7in \u00e7ok vakit harcad\u0131, \u015fimdi bedelini \u00f6deyecekler"},"content":{"rendered":"\n<p class=\"wp-block-paragraph\">ABD Ba\u015fkan\u0131 Donald Trump, \u0130ran y\u00f6netimine ve ordusuna y\u00f6nelik bug\u00fcne kadarki en sert a\u00e7\u0131klamalardan birine imza att\u0131. \u0130ran ordusunun a\u011f\u0131r bir yenilgi ald\u0131\u011f\u0131n\u0131 ve tam bir karma\u015fa i\u00e7inde oldu\u011funu iddia eden Trump, &#8220;Orta Do\u011fu&#8217;nun zorbas\u0131 \u00f6ld\u00fc. Kendileri i\u00e7in harika olacak bir anla\u015fmay\u0131 m\u00fczakere etmek i\u00e7in \u00e7ok beklediler, \u015fimdi bunun bedelini \u00f6deyecekler&#8221; ifadelerini kulland\u0131.<\/p>\n\n\n\n<p class=\"wp-block-paragraph\">Amerika Birle\u015fik Devletleri cephesinden&nbsp;<a href=\"https:\/\/www.sondakika.com\/iran\/\">\u0130ran<\/a>&#8216;a y\u00f6nelik tansiyonu zirveye ta\u015f\u0131yacak yeni ve son derece sert a\u00e7\u0131klamalar geldi.&nbsp;<a href=\"https:\/\/www.sondakika.com\/abd-baskani\/\">ABD Ba\u015fkan\u0131<\/a>&nbsp;<a href=\"https:\/\/www.sondakika.com\/donald-trump\/\">Donald Trump<\/a>, yapt\u0131\u011f\u0131 son de\u011ferlendirmede Tahran y\u00f6netimini ve \u0130ran ordusunu a\u00e7\u0131k\u00e7a hedef tehditler savurdu.<\/p>\n\n\n\n<h3 class=\"wp-block-heading\">&#8220;\u0130RAN ORDUSU TAM B\u0130R KARMA\u015eA \u0130\u00c7\u0130NDE, YEN\u0130LG\u0130YE U\u011eRADILAR&#8221;<\/h3>\n\n\n\n<p class=\"wp-block-paragraph\">\u0130ran&#8217;\u0131n askeri kapasitesinin ciddi bir \u00e7\u00f6k\u00fc\u015f ya\u015fad\u0131\u011f\u0131n\u0131 iddia eden Trump, ordunun b\u00fcy\u00fck bir b\u00f6l\u00fcm\u00fcn\u00fcn i\u015flevsiz hale geldi\u011fini savundu. Geli\u015fmeleri &#8220;tam bir karma\u015fa&#8221; olarak nitelendiren Trump, \u015fu \u00e7arp\u0131c\u0131 iddialar\u0131 dile getirdi:<\/p>\n\n\n\n<p class=\"wp-block-paragraph\">&#8220;\u0130ran ordusu tam bir karma\u015fa i\u00e7inde. Donanmas\u0131 ve hava kuvvetleri gibi b\u00fcy\u00fck bir k\u0131sm\u0131 art\u0131k yok, tamamen yenilgiye u\u011frad\u0131lar.&#8221;<\/p>\n\n\n\n<h3 class=\"wp-block-heading\">&#8220;ORTA DO\u011eU&#8217;NUN ZORBASI \u00d6LD\u00dc&#8221;<\/h3>\n\n\n\n<p class=\"wp-block-paragraph\">A\u00e7\u0131klamalar\u0131nda Tahran y\u00f6netiminin d\u0131\u015f politikadaki s\u00f6ylemlerinin i\u00e7inin bo\u015f oldu\u011funu savunan Trump, \u0130ran&#8217;\u0131 eylemsizlikle su\u00e7lad\u0131. B\u00f6lgedeki g\u00fc\u00e7 dengelerinin de\u011fi\u015fti\u011fine i\u015faret eden Trump&#8217;\u0131n kulland\u0131\u011f\u0131, &#8220;\u0130ran sadece konu\u015fuyor, icraat yok.&nbsp;<a href=\"https:\/\/www.sondakika.com\/orta-dogu\/\">Orta Do\u011fu<\/a>&#8216;nun zorbas\u0131 \u00f6ld\u00fc&#8221; ifadeleri diplomatik kulislerde geni\u015f yank\u0131 uyand\u0131rd\u0131.<\/p>\n\n\n\n<h3 class=\"wp-block-heading\">&#8220;\u015e\u0130MD\u0130 BEDEL\u0130N\u0130 \u00d6DEYECEKLER&#8221;<\/h3>\n\n\n\n<p class=\"wp-block-paragraph\">Trump&#8217;\u0131n hedefindeki bir di\u011fer konu ise \u0130ran ile y\u00fcr\u00fct\u00fclen veya y\u00fcr\u00fct\u00fclmesi planlanan diplomatik anla\u015fma s\u00fcre\u00e7leri oldu. Tahran&#8217;\u0131n masada zaman kaybetti\u011fini ve f\u0131rsat\u0131 ka\u00e7\u0131rd\u0131\u011f\u0131n\u0131 belirten Trump, s\u00f6zlerini sert bir tehditle noktalad\u0131:<\/p>\n\n\n\n<p class=\"wp-block-paragraph\">&#8220;Onlar i\u00e7in harika olacak bir anla\u015fmay\u0131 m\u00fczakere etmek i\u00e7in \u00e7ok uzun s\u00fcre beklediler, \u015fimdi bedelini \u00f6deyecekler.&#8221;<\/p>\n\n\n\n<h3 class=\"wp-block-heading\">TRUMP YEN\u0130 SALDIRI EMR\u0130 VERMEYE YAKIN<\/h3>\n\n\n\n<p class=\"wp-block-paragraph\">Bu tehdidin ard\u0131ndan Fox News haber kanal\u0131, ABD Ba\u015fkan\u0131 Donald Trump&#8217;\u0131n, \u0130ran&#8217;a kar\u015f\u0131 yeni sald\u0131r\u0131 emri vermeye yakla\u015ft\u0131\u011f\u0131n\u0131 ve hedeflerin \u0130ran&#8217;\u0131n enerji santralleri ve k\u00f6pr\u00fcleri oldu\u011funu s\u00f6yledi\u011fini bildirdi.<\/p>\n","protected":false},"excerpt":{"rendered":"<p>ABD Ba\u015fkan\u0131 Donald Trump, \u0130ran y\u00f6netimine ve ordusuna y\u00f6nelik bug\u00fcne kadarki en sert a\u00e7\u0131klamalardan birine&#8230;<\/p>\n","protected":false},"author":1,"featured_media":460,"comment_status":"open","ping_status":"open","sticky":false,"template":"","format":"standard","meta":{"footnotes":""},"categories":[40],"tags":[],"class_list":["post-459","post","type-post","status-publish","format-standard","has-post-thumbnail","hentry","category-dunya"],"_links":{"self":[{"href":"https:\/\/gundem44.com.tr\/index.php?rest_route=\/wp\/v2\/posts\/459","targetHints":{"allow":["GET"]}}],"collection":[{"href":"https:\/\/gundem44.com.tr\/index.php?rest_route=\/wp\/v2\/posts"}],"about":[{"href":"https:\/\/gundem44.com.tr\/index.php?rest_route=\/wp\/v2\/types\/post"}],"author":[{"embeddable":true,"href":"https:\/\/gundem44.com.tr\/index.php?rest_route=\/wp\/v2\/users\/1"}],"replies":[{"embeddable":true,"href":"https:\/\/gundem44.com.tr\/index.php?rest_route=%2Fwp%2Fv2%2Fcomments&post=459"}],"version-history":[{"count":1,"href":"https:\/\/gundem44.com.tr\/index.php?rest_route=\/wp\/v2\/posts\/459\/revisions"}],"predecessor-version":[{"id":461,"href":"https:\/\/gundem44.com.tr\/index.php?rest_route=\/wp\/v2\/posts\/459\/revisions\/461"}],"wp:featuredmedia":[{"embeddable":true,"href":"https:\/\/gundem44.com.tr\/index.php?rest_route=\/wp\/v2\/media\/460"}],"wp:attachment":[{"href":"https:\/\/gundem44.com.tr\/index.php?rest_route=%2Fwp%2Fv2%2Fmedia&parent=459"}],"wp:term":[{"taxonomy":"category","embeddable":true,"href":"https:\/\/gundem44.com.tr\/index.php?rest_route=%2Fwp%2Fv2%2Fcategories&post=459"},{"taxonomy":"post_tag","embeddable":true,"href":"https:\/\/gundem44.com.tr\/index.php?rest_route=%2Fwp%2Fv2%2Ftags&post=459"}],"curies":[{"name":"wp","href":"https:\/\/api.w.org\/{rel}","templated":true}]}}