{"id":456,"date":"2026-06-10T14:43:42","date_gmt":"2026-06-10T14:43:42","guid":{"rendered":"https:\/\/gundem44.com.tr\/?p=456"},"modified":"2026-06-10T14:43:42","modified_gmt":"2026-06-10T14:43:42","slug":"cumhurbaskani-erdogan-kadin-gazeteciye-evli-misin-diye-sordu-sonrasi-bomba","status":"publish","type":"post","link":"https:\/\/gundem44.com.tr\/?p=456","title":{"rendered":"Cumhurba\u015fkan\u0131 Erdo\u011fan kad\u0131n gazeteciye &#8220;Evli misin?&#8221; diye sordu, sonras\u0131 bomba"},"content":{"rendered":"\n<p class=\"wp-block-paragraph\">Parti grubunun ard\u0131ndan gazetecilere a\u00e7\u0131klamalarda bulunan Cumhurba\u015fkan\u0131 Erdo\u011fan, d\u00fcnyaya gelen son torunu i\u00e7in &#8220;Allah anal\u0131-babal\u0131 b\u00fcy\u00fcts\u00fcn&#8221; diyen kad\u0131n muhabire &#8220;Sen evli misin?&#8221; diye sordu. &#8220;Hay\u0131r&#8221; cevab\u0131n\u0131 alan Erdo\u011fan, ya\u015f\u0131n\u0131 sordu\u011fu muhabire &#8220;Kap\u0131y\u0131 kapatma&#8221; tavsiyesinde bulundu.<\/p>\n\n\n\n<p class=\"wp-block-paragraph\">TBMM&#8217;deki parti grubunda g\u00fcndemdeki konulara ili\u015fkin de\u011ferlendirmelerde bulunan Cumhurba\u015fkan\u0131 Erdo\u011fan, \u00e7\u0131k\u0131\u015fta gazetecilerin sorular\u0131n\u0131 yan\u0131tlad\u0131. Bu esnada Erdo\u011fan ile &#8220;Evli misin?&#8221; sorusunu y\u00f6neltti\u011fi kad\u0131n muhabir aras\u0131nda ilgin\u00e7 bir diyalog ya\u015fand\u0131.&nbsp;<\/p>\n\n\n\n<h3 class=\"wp-block-heading\">&#8220;SEN EVL\u0130 M\u0130S\u0130N?&#8221;<\/h3>\n\n\n\n<p class=\"wp-block-paragraph\">Kad\u0131n muhabir, d\u00fcnyaya yeni gelen torunu i\u00e7in Cumhurba\u015fkan\u0131 Erdo\u011fan&#8217;a &#8220;Allah anal\u0131-babal\u0131 b\u00fcy\u00fcts\u00fcn&#8221; temennisinde bulundu. Kad\u0131n muhabire &#8220;Sen evli misin?&#8221; sorusunu y\u00f6nelten Erdo\u011fan, &#8220;Hay\u0131r&#8221; cevab\u0131n\u0131 al\u0131nca &#8220;Kap\u0131y\u0131 kapatma&#8221; tavsiyesinde bulundu.<\/p>\n","protected":false},"excerpt":{"rendered":"<p>Parti grubunun ard\u0131ndan gazetecilere a\u00e7\u0131klamalarda bulunan Cumhurba\u015fkan\u0131 Erdo\u011fan, d\u00fcnyaya gelen son torunu i\u00e7in &#8220;Allah anal\u0131-babal\u0131&#8230;<\/p>\n","protected":false},"author":1,"featured_media":457,"comment_status":"open","ping_status":"open","sticky":false,"template":"","format":"standard","meta":{"footnotes":""},"categories":[17],"tags":[],"class_list":["post-456","post","type-post","status-publish","format-standard","has-post-thumbnail","hentry","category-ulusal-haberler"],"_links":{"self":[{"href":"https:\/\/gundem44.com.tr\/index.php?rest_route=\/wp\/v2\/posts\/456","targetHints":{"allow":["GET"]}}],"collection":[{"href":"https:\/\/gundem44.com.tr\/index.php?rest_route=\/wp\/v2\/posts"}],"about":[{"href":"https:\/\/gundem44.com.tr\/index.php?rest_route=\/wp\/v2\/types\/post"}],"author":[{"embeddable":true,"href":"https:\/\/gundem44.com.tr\/index.php?rest_route=\/wp\/v2\/users\/1"}],"replies":[{"embeddable":true,"href":"https:\/\/gundem44.com.tr\/index.php?rest_route=%2Fwp%2Fv2%2Fcomments&post=456"}],"version-history":[{"count":1,"href":"https:\/\/gundem44.com.tr\/index.php?rest_route=\/wp\/v2\/posts\/456\/revisions"}],"predecessor-version":[{"id":458,"href":"https:\/\/gundem44.com.tr\/index.php?rest_route=\/wp\/v2\/posts\/456\/revisions\/458"}],"wp:featuredmedia":[{"embeddable":true,"href":"https:\/\/gundem44.com.tr\/index.php?rest_route=\/wp\/v2\/media\/457"}],"wp:attachment":[{"href":"https:\/\/gundem44.com.tr\/index.php?rest_route=%2Fwp%2Fv2%2Fmedia&parent=456"}],"wp:term":[{"taxonomy":"category","embeddable":true,"href":"https:\/\/gundem44.com.tr\/index.php?rest_route=%2Fwp%2Fv2%2Fcategories&post=456"},{"taxonomy":"post_tag","embeddable":true,"href":"https:\/\/gundem44.com.tr\/index.php?rest_route=%2Fwp%2Fv2%2Ftags&post=456"}],"curies":[{"name":"wp","href":"https:\/\/api.w.org\/{rel}","templated":true}]}}