{"id":453,"date":"2026-06-10T14:41:13","date_gmt":"2026-06-10T14:41:13","guid":{"rendered":"https:\/\/gundem44.com.tr\/?p=453"},"modified":"2026-06-10T14:41:13","modified_gmt":"2026-06-10T14:41:13","slug":"abd-enflasyon-verileri-aciklandi-iste-yatirimcisini-uzen-altinin-ilk-tepkisi","status":"publish","type":"post","link":"https:\/\/gundem44.com.tr\/?p=453","title":{"rendered":"ABD enflasyon verileri a\u00e7\u0131kland\u0131! \u0130\u015fte yat\u0131r\u0131mc\u0131s\u0131n\u0131 \u00fczen alt\u0131n\u0131n ilk tepkisi"},"content":{"rendered":"\n<p class=\"wp-block-paragraph\">ABD&#8217;de a\u00e7\u0131klanan enflasyon verileri piyasa beklentilerine paralel geldi. Y\u0131ll\u0131k T\u00dcFE y\u00fczde 4,2, \u00e7ekirdek enflasyon ise y\u00fczde 2,9 olarak ger\u00e7ekle\u015fti. Verilerin ard\u0131ndan alt\u0131n fiyatlar\u0131nda s\u0131n\u0131rl\u0131 bir y\u00fckseli\u015f g\u00f6r\u00fcl\u00fcrken, gram alt\u0131n saat 15.40 itibar\u0131yla 6 bin 190 liradan i\u015flem g\u00f6rd\u00fc. Piyasalar \u015fimdi Fed&#8217;in faiz politikas\u0131na ili\u015fkin olas\u0131 ad\u0131mlara odakland\u0131.<\/p>\n\n\n\n<p class=\"wp-block-paragraph\">K\u00fcresel piyasalar\u0131n merakla bekledi\u011fi ABD enflasyon verileri a\u00e7\u0131kland\u0131. Beklentilere b\u00fcy\u00fck \u00f6l\u00e7\u00fcde paralel gelen verilerin ard\u0131ndan alt\u0131n fiyatlar\u0131nda s\u0131n\u0131rl\u0131 da olsa yukar\u0131 y\u00f6nl\u00fc hareket g\u00f6zlendi.<\/p>\n\n\n\n<ul class=\"wp-block-list\">\n<li>ABD&#8217;de y\u0131ll\u0131k t\u00fcketici enflasyonu (T\u00dcFE) y\u00fczde 4,2 olarak a\u00e7\u0131klan\u0131rken, piyasa beklentisi de ayn\u0131 seviyedeydi. Bir \u00f6nceki veri ise y\u00fczde 3,8 olarak kaydedilmi\u015fti. Ayl\u0131k bazda T\u00dcFE y\u00fczde 0,5 art\u0131\u015f g\u00f6sterirken, bu rakam da beklentilerle uyumlu ger\u00e7ekle\u015fti.<\/li>\n\n\n\n<li>G\u0131da ve enerji fiyatlar\u0131n\u0131n hari\u00e7 tutuldu\u011fu \u00e7ekirdek enflasyon verileri de beklentilere paralel geldi. Y\u0131ll\u0131k \u00e7ekirdek T\u00dcFE y\u00fczde 2,9 olarak a\u00e7\u0131klan\u0131rken, ayl\u0131k bazda y\u00fczde 0,2 art\u0131\u015f kaydedildi. Ayl\u0131k \u00e7ekirdek enflasyonun beklentilerin alt\u0131nda kalmas\u0131 piyasalarda dikkat \u00e7eken detaylardan biri oldu.<\/li>\n\n\n\n<li>T\u00fcketici fiyat endeksi, ABD&#8217;deki enflasyon e\u011filimlerini ve t\u00fcketicilerin sat\u0131n alma g\u00fcc\u00fcndeki de\u011fi\u015fimi \u00f6l\u00e7en en \u00f6nemli ekonomik g\u00f6stergeler aras\u0131nda yer al\u0131yor. Veriler ayn\u0131 zamanda ABD Merkez Bankas\u0131&#8217;n\u0131n (Fed) para politikas\u0131 kararlar\u0131 a\u00e7\u0131s\u0131ndan da yak\u0131ndan takip ediliyor.<\/li>\n<\/ul>\n\n\n\n<h3 class=\"wp-block-heading\">ALTIN F\u0130YATLARINDA KIPIRDANMA<\/h3>\n\n\n\n<p class=\"wp-block-paragraph\">Enflasyon rakamlar\u0131n\u0131n a\u00e7\u0131klanmas\u0131n\u0131n ard\u0131ndan d\u00fc\u015f\u00fc\u015f e\u011filiminde bulunan alt\u0131n fiyatlar\u0131nda s\u0131n\u0131rl\u0131 bir toparlanma ya\u015fand\u0131. Saat 15.40 itibar\u0131yla gram alt\u0131n 6 bin 190 lira seviyesinden i\u015flem g\u00f6rd\u00fc.<\/p>\n\n\n\n<h3 class=\"wp-block-heading\">\u015e\u0130MD\u0130 G\u00d6ZLER FED&#8217;\u0130N FA\u0130Z KARARINDA&nbsp;<\/h3>\n\n\n\n<p class=\"wp-block-paragraph\">Piyasalarda g\u00f6zler \u015fimdi, a\u00e7\u0131klanan verilerin Fed&#8217;in faiz politikas\u0131 \u00fczerindeki olas\u0131 etkilerine \u00e7evrildi. \u00d6zellikle \u00f6n\u00fcm\u00fczdeki d\u00f6nemde gelecek ekonomik veriler, alt\u0131n ve di\u011fer yat\u0131r\u0131m ara\u00e7lar\u0131n\u0131n y\u00f6n\u00fc a\u00e7\u0131s\u0131ndan belirleyici olacak.<\/p>\n\n\n\n<h3 class=\"wp-block-heading\">GELENEKSEL \u0130L\u0130\u015eK\u0130 BOZULDU<\/h3>\n\n\n\n<p class=\"wp-block-paragraph\">Son g\u00fcnlerde piyasalarda dikkat \u00e7eken bir di\u011fer geli\u015fme ise petrol ve alt\u0131n fiyatlar\u0131n\u0131n ayn\u0131 y\u00f6nde hareket etmeye ba\u015flamas\u0131 oldu. Normal \u015fartlarda petrol fiyatlar\u0131 y\u00fckselirken alt\u0131n\u0131n gerilemesi beklenirken, son g\u00fcnlerde her iki emtia grubunda da sat\u0131\u015flar\u0131n h\u0131z kazand\u0131\u011f\u0131 g\u00f6r\u00fcl\u00fcyor. Hafta ba\u015f\u0131nda jeopolitik geli\u015fmelerin etkisiyle y\u00fckselen Brent petrol\u00fcn varil fiyat\u0131, son g\u00fcnlerde yeniden gerileyerek daha d\u00fc\u015f\u00fck seviyelere \u00e7ekildi. Uzmanlar, emtia piyasas\u0131nda ya\u015fanan geni\u015f \u00e7apl\u0131 sat\u0131\u015flar\u0131n petrol fiyatlar\u0131n\u0131 da bask\u0131lad\u0131\u011f\u0131n\u0131 belirtiyor.<\/p>\n\n\n\n<h3 class=\"wp-block-heading\">YATIRIMCILAR BEKLEME MODUNA GE\u00c7T\u0130<\/h3>\n\n\n\n<p class=\"wp-block-paragraph\">K\u00fcresel yat\u0131r\u0131mc\u0131lar\u0131n, merkez bankalar\u0131n\u0131n faiz politikalar\u0131na ili\u015fkin daha net sinyaller g\u00f6rmek i\u00e7in riskli varl\u0131klardan uzak durdu\u011fu ifade ediliyor. Bu nedenle borsalar, emtia piyasalar\u0131 ve kripto paralarda dalgal\u0131 ve zay\u0131f seyir \u00f6ne \u00e7\u0131karken, piyasalarda k\u0131sa vadeli ve temkinli pozisyonlanman\u0131n artt\u0131\u011f\u0131 g\u00f6zleniyor. Uzmanlara g\u00f6re y\u0131l\u0131n geri kalan b\u00f6l\u00fcm\u00fcnde de k\u00fcresel piyasalarda oynakl\u0131\u011f\u0131n y\u00fcksek kalmas\u0131 ve yat\u0131r\u0131mc\u0131lar\u0131n temkinli hareket etmeyi s\u00fcrd\u00fcrmesi bekleniyor.<\/p>\n","protected":false},"excerpt":{"rendered":"<p>ABD&#8217;de a\u00e7\u0131klanan enflasyon verileri piyasa beklentilerine paralel geldi. Y\u0131ll\u0131k T\u00dcFE y\u00fczde 4,2, \u00e7ekirdek enflasyon ise&#8230;<\/p>\n","protected":false},"author":1,"featured_media":454,"comment_status":"open","ping_status":"open","sticky":false,"template":"","format":"standard","meta":{"footnotes":""},"categories":[36],"tags":[],"class_list":["post-453","post","type-post","status-publish","format-standard","has-post-thumbnail","hentry","category-ekonomi"],"_links":{"self":[{"href":"https:\/\/gundem44.com.tr\/index.php?rest_route=\/wp\/v2\/posts\/453","targetHints":{"allow":["GET"]}}],"collection":[{"href":"https:\/\/gundem44.com.tr\/index.php?rest_route=\/wp\/v2\/posts"}],"about":[{"href":"https:\/\/gundem44.com.tr\/index.php?rest_route=\/wp\/v2\/types\/post"}],"author":[{"embeddable":true,"href":"https:\/\/gundem44.com.tr\/index.php?rest_route=\/wp\/v2\/users\/1"}],"replies":[{"embeddable":true,"href":"https:\/\/gundem44.com.tr\/index.php?rest_route=%2Fwp%2Fv2%2Fcomments&post=453"}],"version-history":[{"count":1,"href":"https:\/\/gundem44.com.tr\/index.php?rest_route=\/wp\/v2\/posts\/453\/revisions"}],"predecessor-version":[{"id":455,"href":"https:\/\/gundem44.com.tr\/index.php?rest_route=\/wp\/v2\/posts\/453\/revisions\/455"}],"wp:featuredmedia":[{"embeddable":true,"href":"https:\/\/gundem44.com.tr\/index.php?rest_route=\/wp\/v2\/media\/454"}],"wp:attachment":[{"href":"https:\/\/gundem44.com.tr\/index.php?rest_route=%2Fwp%2Fv2%2Fmedia&parent=453"}],"wp:term":[{"taxonomy":"category","embeddable":true,"href":"https:\/\/gundem44.com.tr\/index.php?rest_route=%2Fwp%2Fv2%2Fcategories&post=453"},{"taxonomy":"post_tag","embeddable":true,"href":"https:\/\/gundem44.com.tr\/index.php?rest_route=%2Fwp%2Fv2%2Ftags&post=453"}],"curies":[{"name":"wp","href":"https:\/\/api.w.org\/{rel}","templated":true}]}}