{"id":450,"date":"2026-06-10T14:36:47","date_gmt":"2026-06-10T14:36:47","guid":{"rendered":"https:\/\/gundem44.com.tr\/?p=450"},"modified":"2026-06-10T14:36:47","modified_gmt":"2026-06-10T14:36:47","slug":"netanyahudan-cumhurbaskani-erdogan-ve-turkiye-hakkinda-kustah-sozler","status":"publish","type":"post","link":"https:\/\/gundem44.com.tr\/?p=450","title":{"rendered":"Netanyahu&#8217;dan Cumhurba\u015fkan\u0131 Erdo\u011fan ve T\u00fcrkiye hakk\u0131nda k\u00fcstah s\u00f6zler"},"content":{"rendered":"\n<p class=\"wp-block-paragraph\">Parti grubunda yapt\u0131\u011f\u0131 konu\u015fmada Do\u011fu Akdeniz ve K\u0131br\u0131s&#8217;ta yeni gerilimlerin k\u00f6r\u00fcklenmek istendi\u011fini belirterek &#8220;Cevab\u0131m\u0131z \u00e7ok net olur, \u00e7ok da sert olur&#8221; mesaj\u0131n\u0131 veren Cumhurba\u015fkan\u0131 Erdo\u011fan&#8217;\u0131n s\u00f6zleri \u0130srail&#8217;de geni\u015f yank\u0131 uyand\u0131rd\u0131. Konuyla ilgili bir a\u00e7\u0131klama yapan \u0130srail Ba\u015fbakan\u0131 Binyamin Netanyahu, Cumhurba\u015fkan\u0131 Erdo\u011fan ve T\u00fcrkiye i\u00e7in k\u00fcstah s\u00f6zler sarf etti.<\/p>\n\n\n\n<p class=\"wp-block-paragraph\">Cumhurba\u015fkan\u0131&nbsp;<a href=\"https:\/\/www.sondakika.com\/recep-tayyip-erdogan\/\">Recep Tayyip Erdo\u011fan<\/a>, AK Parti TBMM Grup Toplant\u0131s\u0131&#8217;nda yapt\u0131\u011f\u0131 konu\u015fmada&nbsp;<a href=\"https:\/\/www.sondakika.com\/dogu-akdeniz\/\">Do\u011fu Akdeniz<\/a>&nbsp;ve&nbsp;<a href=\"https:\/\/www.sondakika.com\/kibris\/\">K\u0131br\u0131s<\/a>&#8216;a ili\u015fkin dikkat \u00e7eken a\u00e7\u0131klamalarda bulundu. B\u00f6lgede yeni bir gerilim olu\u015fturulmak istendi\u011fini belirten Erdo\u011fan,&nbsp;<a href=\"https:\/\/www.sondakika.com\/turkiye\/\">T\u00fcrkiye<\/a>&nbsp;ve K\u0131br\u0131s T\u00fcrklerinin haklar\u0131n\u0131n hedef al\u0131nmas\u0131 halinde buna sert kar\u015f\u0131l\u0131k verilece\u011fini ifade etti.<\/p>\n\n\n\n<h3 class=\"wp-block-heading\">&#8220;\u0130SRA\u0130L&#8217;\u0130N F\u0130TNE KAYI\u011eINA B\u0130NM\u0130\u015eLER&#8221;<\/h3>\n\n\n\n<p class=\"wp-block-paragraph\">Do\u011fu Akdeniz&#8217;deki geli\u015fmeleri yak\u0131ndan takip ettiklerini vurgulayan Erdo\u011fan, \u00f6zellikle K\u0131br\u0131s Adas\u0131 \u00fczerinde bir &#8220;fitne ate\u015fi&#8221; yak\u0131lmak istendi\u011fini belirtti. Baz\u0131 \u00e7evrelerin&nbsp;<a href=\"https:\/\/www.sondakika.com\/israil\/\">\u0130srail<\/a>&#8216;in politikalar\u0131na destek verdi\u011fini \u00f6ne s\u00fcren Erdo\u011fan, &#8220;\u0130htiraslar\u0131 c\u00fcsselerini fazlas\u0131yla a\u015fan baz\u0131 ufak tefek yap\u0131lar, \u0130srail&#8217;in fitne kay\u0131\u011f\u0131na binmi\u015fler, siyonizmin ta\u015feronlu\u011funu \u00fcstlenmi\u015fler&#8221; dedi.<\/p>\n\n\n\n<h3 class=\"wp-block-heading\">&#8220;CEVABIMIZ \u00c7OK SERT OLUR, \u00c7OK DA NET OLUR&#8221;<\/h3>\n\n\n\n<p class=\"wp-block-paragraph\">T\u00fcrkiye&#8217;nin b\u00f6lgedeki hak ve menfaatlerinden taviz vermeyece\u011fini vurgulayan Erdo\u011fan, &#8220;Kimse macera pe\u015finde ko\u015fmas\u0131n, kimse siyonist katliam \u015febekesinin kuyru\u011funa tak\u0131lmas\u0131n. E\u011fer Do\u011fu Akdeniz&#8217;de T\u00fcrkiye&#8217;nin ve K\u0131br\u0131s T\u00fcrk\u00fc&#8217;n\u00fcn hak ve hukukuna kastedilirse bilinmesini isterim ki cevab\u0131m\u0131z \u00e7ok net olur, \u00e7ok da sert olur&#8221; ifadelerini kulland\u0131.<\/p>\n\n\n\n<h3 class=\"wp-block-heading\">NETANYAHU&#8217;DAN K\u00dcSTAH S\u00d6ZLER&nbsp;<\/h3>\n\n\n\n<p class=\"wp-block-paragraph\">Cumhurba\u015fkan\u0131 Erdo\u011fan&#8217;\u0131n bu s\u00f6zleri \u0130srail&#8217;de geni\u015f yank\u0131 uyand\u0131r\u0131rken &#8220;Gazze kasab\u0131&#8221; olarak an\u0131lan Netanyahu&#8217;dan da k\u00fcstah ifadeler bar\u0131nd\u0131ran bir payla\u015f\u0131m geldi. Erdo\u011fan&#8217;\u0131 &#8220;Kendi halk\u0131n\u0131 ezen&#8221; bir lider olarak tan\u0131mlayan Netanyahu, Erdo\u011fan&#8217;\u0131n Hamas&#8217;a verdi\u011fi deste\u011fe at\u0131fta bulunarak &#8220;D\u00fcnyan\u0131n en ahlakl\u0131 ordusu olan \u0130srail Devleti ve IDF, Orta Do\u011fu\u2019yu ve t\u00fcm d\u00fcnyay\u0131 tehdit eden \u0130ran ve vekilleri aleyhine g\u00fc\u00e7l\u00fc eylemlerini s\u00fcrd\u00fcrecektir&#8221; ifadelerini kulland\u0131.&nbsp;<\/p>\n\n\n\n<h3 class=\"wp-block-heading\">\u0130LET\u0130\u015e\u0130M BA\u015eKANI DURAN&#8217;DAN TEPK\u0130<\/h3>\n\n\n\n<p class=\"wp-block-paragraph\">Netanyahu&#8217;nun k\u00fcstah s\u00f6zlerine tepkiler pe\u015f pe\u015fe geldi. \u0130leti\u015fim Ba\u015fkan\u0131 Burhanettin Duran, Gazze&#8217;de on binlerce sivili katleden ve uluslararas\u0131 hukuku hi\u00e7e sayan bir y\u00f6netimin T\u00fcrkiye&#8217;ye ahlak dersi vermeye \u00e7al\u0131\u015fmas\u0131n\u0131 &#8220;hadsizlik&#8221; olarak niteleyerek, &#8220;Soyk\u0131r\u0131m su\u00e7lamas\u0131yla yarg\u0131lananlar\u0131n, Cumhurba\u015fkan\u0131m\u0131z Recep Tayyip Erdo\u011fan\u2019\u0131 hedef almas\u0131 tarihin en b\u00fcy\u00fck tutars\u0131zl\u0131klar\u0131ndan biridir&#8221; dedi.<\/p>\n\n\n\n<h3 class=\"wp-block-heading\">BAKAN G\u00dcRLEK: HADS\u0130Z S\u00d6ZLER\u0130 YOK H\u00dcKM\u00dcNDED\u0130R<\/h3>\n\n\n\n<p class=\"wp-block-paragraph\">Adalet Bakan\u0131 Ak\u0131n G\u00fcrlek de Netanyahu&#8217;nun s\u00f6zlerine tepki g\u00f6sterdi. G\u00fcrlek \u015fu ifadeleri kulland\u0131:<\/p>\n\n\n\n<p class=\"wp-block-paragraph\">&#8220;Gazze\u2019de \u00e7ocuklar\u0131n, kad\u0131nlar\u0131n, masum sivillerin \u00fczerine bombalar ya\u011fd\u0131ran; insanl\u0131\u011f\u0131n ortak vicdan\u0131nda mahk\u00fbm olmu\u015f Binyamin Netanyahu\u2019nun, Say\u0131n Cumhurba\u015fkan\u0131m\u0131z Recep Tayyip Erdo\u011fan&#8217;\u0131 hedef alan hadsiz s\u00f6zleri yok h\u00fckm\u00fcndedir.<\/p>\n\n\n\n<p class=\"wp-block-paragraph\">\u0130stanbul Cumhuriyet Ba\u015fsavc\u0131l\u0131\u011f\u0131m\u0131z taraf\u0131ndan y\u00fcr\u00fct\u00fclen bir soyk\u0131r\u0131m soru\u015fturmas\u0131nda \u015f\u00fcpheli, kabul edilen iddianamede ise san\u0131k konumunda bulunan Netanyahu\u2019nun; insanl\u0131k onurunu savunan Say\u0131n Cumhurba\u015fkan\u0131m\u0131z\u0131 hedef almaya kalk\u0131\u015fmas\u0131 tam anlam\u0131yla bir ak\u0131l tutulmas\u0131d\u0131r.<\/p>\n\n\n\n<p class=\"wp-block-paragraph\">Say\u0131n Cumhurba\u015fkan\u0131m\u0131z; Filistin halk\u0131n\u0131n hakl\u0131 davas\u0131n\u0131, mazlumlar\u0131n hukukunu ve insanl\u0131\u011f\u0131n vicdan\u0131n\u0131 en g\u00fc\u00e7l\u00fc \u015fekilde savunmaktad\u0131r. Buna kar\u015f\u0131l\u0131k Gazze\u2019de ya\u015fananlar kar\u015f\u0131s\u0131nda susanlar tarihin karanl\u0131k sayfalar\u0131na yaz\u0131lacakt\u0131r.<\/p>\n\n\n\n<p class=\"wp-block-paragraph\">Netanyahu ve beraberindeki cinayet \u015febekesi, i\u015fledikleri insanl\u0131k su\u00e7lar\u0131n\u0131n hesab\u0131n\u0131 er ya da ge\u00e7 ba\u011f\u0131ms\u0131z yarg\u0131 \u00f6n\u00fcnde verecektir. T\u00fcrkiye, d\u00fcn oldu\u011fu gibi bug\u00fcn de hukuk, adalet ve insanl\u0131k ad\u0131na en g\u00fc\u00e7l\u00fc sesi y\u00fckseltmeye devam edecektir.&#8221;<\/p>\n","protected":false},"excerpt":{"rendered":"<p>Parti grubunda yapt\u0131\u011f\u0131 konu\u015fmada Do\u011fu Akdeniz ve K\u0131br\u0131s&#8217;ta yeni gerilimlerin k\u00f6r\u00fcklenmek istendi\u011fini belirterek &#8220;Cevab\u0131m\u0131z \u00e7ok&#8230;<\/p>\n","protected":false},"author":1,"featured_media":451,"comment_status":"open","ping_status":"open","sticky":false,"template":"","format":"standard","meta":{"footnotes":""},"categories":[40,17],"tags":[],"class_list":["post-450","post","type-post","status-publish","format-standard","has-post-thumbnail","hentry","category-dunya","category-ulusal-haberler"],"_links":{"self":[{"href":"https:\/\/gundem44.com.tr\/index.php?rest_route=\/wp\/v2\/posts\/450","targetHints":{"allow":["GET"]}}],"collection":[{"href":"https:\/\/gundem44.com.tr\/index.php?rest_route=\/wp\/v2\/posts"}],"about":[{"href":"https:\/\/gundem44.com.tr\/index.php?rest_route=\/wp\/v2\/types\/post"}],"author":[{"embeddable":true,"href":"https:\/\/gundem44.com.tr\/index.php?rest_route=\/wp\/v2\/users\/1"}],"replies":[{"embeddable":true,"href":"https:\/\/gundem44.com.tr\/index.php?rest_route=%2Fwp%2Fv2%2Fcomments&post=450"}],"version-history":[{"count":1,"href":"https:\/\/gundem44.com.tr\/index.php?rest_route=\/wp\/v2\/posts\/450\/revisions"}],"predecessor-version":[{"id":452,"href":"https:\/\/gundem44.com.tr\/index.php?rest_route=\/wp\/v2\/posts\/450\/revisions\/452"}],"wp:featuredmedia":[{"embeddable":true,"href":"https:\/\/gundem44.com.tr\/index.php?rest_route=\/wp\/v2\/media\/451"}],"wp:attachment":[{"href":"https:\/\/gundem44.com.tr\/index.php?rest_route=%2Fwp%2Fv2%2Fmedia&parent=450"}],"wp:term":[{"taxonomy":"category","embeddable":true,"href":"https:\/\/gundem44.com.tr\/index.php?rest_route=%2Fwp%2Fv2%2Fcategories&post=450"},{"taxonomy":"post_tag","embeddable":true,"href":"https:\/\/gundem44.com.tr\/index.php?rest_route=%2Fwp%2Fv2%2Ftags&post=450"}],"curies":[{"name":"wp","href":"https:\/\/api.w.org\/{rel}","templated":true}]}}