{"id":435,"date":"2026-06-10T00:24:42","date_gmt":"2026-06-10T00:24:42","guid":{"rendered":"https:\/\/gundem44.com.tr\/?p=435"},"modified":"2026-06-10T00:24:42","modified_gmt":"2026-06-10T00:24:42","slug":"malatyada-motosiklet-kazasi-surucu-hayatini-kaybetti","status":"publish","type":"post","link":"https:\/\/gundem44.com.tr\/?p=435","title":{"rendered":"Malatya&#8217;da Motosiklet Kazas\u0131: S\u00fcr\u00fcc\u00fc Hayat\u0131n\u0131 Kaybetti"},"content":{"rendered":"\n<p class=\"wp-block-paragraph\">Malatya&#8217;da motosikletin ayd\u0131nlatma dire\u011fine \u00e7arpmas\u0131 sonucu 27 ya\u015f\u0131ndaki s\u00fcr\u00fcc\u00fc hayat\u0131n\u0131 kaybetti.<\/p>\n\n\n\n<p class=\"wp-block-paragraph\"><a href=\"https:\/\/www.sondakika.com\/malatya\/\">Malatya<\/a>&#8216;da motosikletin ayd\u0131nlatma dire\u011fine \u00e7arpmas\u0131 sonucu meydana gelen trafik kazas\u0131nda s\u00fcr\u00fcc\u00fc hayat\u0131n\u0131 kaybetti.<\/p>\n\n\n\n<p class=\"wp-block-paragraph\">Kaza, saat 17.15 s\u0131ralar\u0131nda Ye\u015filyurt il\u00e7esi \u0130n\u00f6n\u00fc Mahallesi Buhara Bulvar\u0131 \u00fczerinde meydana geldi. Edinilen bilgilere g\u00f6re, Emrah Ertan (27) y\u00f6netimindeki 44 AIL 998 plakal\u0131 motosiklet, seyir halindeyken s\u00fcr\u00fcc\u00fcs\u00fcn\u00fcn direksiyon hakimiyetini kaybetmesi sonucu yol kenar\u0131ndaki ayd\u0131nlatma dire\u011fine \u00e7arpt\u0131. \u00c7arpman\u0131n etkisiyle a\u011f\u0131r yaralanan motosiklet s\u00fcr\u00fcc\u00fcs\u00fc i\u00e7in b\u00f6lgeye sa\u011fl\u0131k ve polis ekipleri sevk edildi. \u0130lk m\u00fcdahalesi olay yerinde yap\u0131lan Emrah Ertan, ambulansla hastaneye kald\u0131r\u0131ld\u0131. Gen\u00e7 s\u00fcr\u00fcc\u00fc, hastanede doktorlar\u0131n t\u00fcm m\u00fcdahalelerine ra\u011fmen kurtar\u0131lamayarak hayat\u0131n\u0131 kaybetti.<\/p>\n\n\n\n<p class=\"wp-block-paragraph\">Kazayla ilgili inceleme ba\u015flat\u0131ld\u0131. &#8211; MALATYA<\/p>\n","protected":false},"excerpt":{"rendered":"<p>Malatya&#8217;da motosikletin ayd\u0131nlatma dire\u011fine \u00e7arpmas\u0131 sonucu 27 ya\u015f\u0131ndaki s\u00fcr\u00fcc\u00fc hayat\u0131n\u0131 kaybetti. Malatya&#8216;da motosikletin ayd\u0131nlatma dire\u011fine&#8230;<\/p>\n","protected":false},"author":1,"featured_media":436,"comment_status":"open","ping_status":"open","sticky":false,"template":"","format":"standard","meta":{"footnotes":""},"categories":[20],"tags":[],"class_list":["post-435","post","type-post","status-publish","format-standard","has-post-thumbnail","hentry","category-yesilyurt"],"_links":{"self":[{"href":"https:\/\/gundem44.com.tr\/index.php?rest_route=\/wp\/v2\/posts\/435","targetHints":{"allow":["GET"]}}],"collection":[{"href":"https:\/\/gundem44.com.tr\/index.php?rest_route=\/wp\/v2\/posts"}],"about":[{"href":"https:\/\/gundem44.com.tr\/index.php?rest_route=\/wp\/v2\/types\/post"}],"author":[{"embeddable":true,"href":"https:\/\/gundem44.com.tr\/index.php?rest_route=\/wp\/v2\/users\/1"}],"replies":[{"embeddable":true,"href":"https:\/\/gundem44.com.tr\/index.php?rest_route=%2Fwp%2Fv2%2Fcomments&post=435"}],"version-history":[{"count":1,"href":"https:\/\/gundem44.com.tr\/index.php?rest_route=\/wp\/v2\/posts\/435\/revisions"}],"predecessor-version":[{"id":437,"href":"https:\/\/gundem44.com.tr\/index.php?rest_route=\/wp\/v2\/posts\/435\/revisions\/437"}],"wp:featuredmedia":[{"embeddable":true,"href":"https:\/\/gundem44.com.tr\/index.php?rest_route=\/wp\/v2\/media\/436"}],"wp:attachment":[{"href":"https:\/\/gundem44.com.tr\/index.php?rest_route=%2Fwp%2Fv2%2Fmedia&parent=435"}],"wp:term":[{"taxonomy":"category","embeddable":true,"href":"https:\/\/gundem44.com.tr\/index.php?rest_route=%2Fwp%2Fv2%2Fcategories&post=435"},{"taxonomy":"post_tag","embeddable":true,"href":"https:\/\/gundem44.com.tr\/index.php?rest_route=%2Fwp%2Fv2%2Ftags&post=435"}],"curies":[{"name":"wp","href":"https:\/\/api.w.org\/{rel}","templated":true}]}}