{"id":429,"date":"2026-06-10T00:17:58","date_gmt":"2026-06-10T00:17:58","guid":{"rendered":"https:\/\/gundem44.com.tr\/?p=429"},"modified":"2026-06-10T00:17:59","modified_gmt":"2026-06-10T00:17:59","slug":"trump-bir-helikopterimizi-dusurduler-ve-simdi-buna-karsilik-veriyoruz","status":"publish","type":"post","link":"https:\/\/gundem44.com.tr\/?p=429","title":{"rendered":"Trump: Bir helikopterimizi d\u00fc\u015f\u00fcrd\u00fcler ve \u015fimdi buna kar\u015f\u0131l\u0131k veriyoruz"},"content":{"rendered":"\n<p class=\"wp-block-paragraph\">ABD Ba\u015fkan\u0131 Donald Trump, ABD&#8217;ye ait bir Apache helikopterinin d\u00fc\u015f\u00fcr\u00fclmesine kar\u015f\u0131l\u0131k \u0130ran&#8217;a y\u00f6nelik &#8220;kar\u015f\u0131 sald\u0131r\u0131lar&#8221; d\u00fczenlemeye ba\u015flamalar\u0131n\u0131n ard\u0131ndan ilk a\u00e7\u0131klamas\u0131n\u0131 yapt\u0131. Kar\u015f\u0131l\u0131k vermenin \u00e7ok \u00f6nemli oldu\u011funu belirten ve s\u00f6z konusu sald\u0131r\u0131lar\u0131 ABD helikopterinin d\u00fc\u015f\u00fcr\u00fclmesine bir &#8216;yan\u0131t&#8217; olarak g\u00f6rd\u00fc\u011f\u00fcn\u00fc vurgulayan Trump, &#8220;Bence bu yan\u0131t \u00e7ok sert, \u00e7ok g\u00fc\u00e7l\u00fc olmal\u0131yd\u0131, i\u015fte bu \u00f6yle bir kar\u015f\u0131l\u0131k&#8221; yorumunu yapt\u0131.<\/p>\n\n\n\n<p class=\"wp-block-paragraph\">ABD&nbsp;Ba\u015fkan\u0131&nbsp;<a href=\"https:\/\/www.sondakika.com\/donald-trump\/\">Donald Trump<\/a>, ABD&#8217;ye ait bir Apache helikopterinin d\u00fc\u015f\u00fcr\u00fclmesine kar\u015f\u0131l\u0131k&nbsp;<a href=\"https:\/\/www.sondakika.com\/iran\/\">\u0130ran<\/a>&#8216;a y\u00f6nelik &#8220;kar\u015f\u0131 sald\u0131r\u0131lar&#8221; d\u00fczenlemeye ba\u015flamalar\u0131n\u0131n ard\u0131ndan ABC News kanal\u0131na bir a\u00e7\u0131klama yapt\u0131.<\/p>\n\n\n\n<h3 class=\"wp-block-heading\">&#8220;BENCE BU YANIT \u00c7OK SERT, \u00c7OK G\u00dc\u00c7L\u00dc OLMALIYDI, \u0130\u015eTE BU \u00d6YLE B\u0130R KAR\u015eILIK\u201d<\/h3>\n\n\n\n<p class=\"wp-block-paragraph\">Trump, a\u00e7\u0131klamas\u0131nda, &#8220;Kar\u015f\u0131l\u0131k vermenin \u00e7ok \u00f6nemli oldu\u011funu d\u00fc\u015f\u00fcn\u00fcyorum. Bir helikopterimizi d\u00fc\u015f\u00fcrd\u00fcler ve \u015fu anda buna kar\u015f\u0131l\u0131k veriyoruz.&#8221; de\u011ferlendirmesini yapt\u0131.<\/p>\n\n\n\n<p class=\"wp-block-paragraph\">S\u00f6z konusu sald\u0131r\u0131lar\u0131&nbsp;ABD&nbsp;helikopterinin d\u00fc\u015f\u00fcr\u00fclmesine bir &#8220;yan\u0131t&#8221; olarak g\u00f6rd\u00fc\u011f\u00fcn\u00fc vurgulayan Trump, &#8220;Bence bu yan\u0131t \u00e7ok sert, \u00e7ok g\u00fc\u00e7l\u00fc olmal\u0131yd\u0131, i\u015fte bu \u00f6yle bir kar\u015f\u0131l\u0131k.&#8221; yorumunu yapt\u0131.<\/p>\n\n\n\n<h3 class=\"wp-block-heading\">ABD\u2019DEN \u0130RAN&#8217;A &#8220;KAR\u015eI SALDIRI&#8221;<\/h3>\n\n\n\n<p class=\"wp-block-paragraph\">ABD Merkez Kuvvetler Komutanl\u0131\u011f\u0131n\u0131n (CENTCOM),&nbsp;ABD&#8217;ye ait Apache helikopterinin d\u00fc\u015f\u00fcr\u00fclmesine kar\u015f\u0131l\u0131k olarak \u0130ran&#8217;a y\u00f6nelik kar\u015f\u0131 sald\u0131r\u0131lar d\u00fczenlemeye ba\u015flad\u0131klar\u0131n\u0131 a\u00e7\u0131klad\u0131.<\/p>\n\n\n\n<p class=\"wp-block-paragraph\">Komutanl\u0131k, a\u00e7\u0131klamas\u0131nda, &#8220;CENTCOM, d\u00fcn&nbsp;ABD&nbsp;ordusuna ait bir Apache helikopterinin d\u00fc\u015f\u00fcr\u00fclmesine yan\u0131t olarak, Ba\u015fkomutan&#8217;\u0131n (Donald Trump) talimat\u0131yla bug\u00fcn saat 17.00&#8217;de (ABD&nbsp;Do\u011fu Saati) \u0130ran&#8217;a kar\u015f\u0131 me\u015fru m\u00fcdafaa ama\u00e7l\u0131 sald\u0131r\u0131lar d\u00fczenlemeye ba\u015flad\u0131. Bu operasyon, \u0130ran&#8217;\u0131n haks\u0131z sald\u0131rganl\u0131\u011f\u0131na orant\u0131l\u0131 bir yan\u0131t niteli\u011findedir.&#8221; ifadelerini kulland\u0131.<\/p>\n\n\n\n<p class=\"wp-block-paragraph\">Trump, olayla ilgili sosyal medya hesab\u0131ndan, H\u00fcrm\u00fcz Bo\u011faz\u0131 \u00fczerinde devriye gezen Amerikan ordusuna ait bir Apache helikopterinin \u0130ran taraf\u0131ndan d\u00fc\u015f\u00fcr\u00fcld\u00fc\u011f\u00fcn\u00fc belirterek, &#8220;ABD&#8217;nin bu sald\u0131r\u0131ya zorunlu olarak kar\u015f\u0131l\u0131k vermesi gerekmektedir.&#8221; a\u00e7\u0131klamas\u0131n\u0131 yapt\u0131.<\/p>\n\n\n\n<p class=\"wp-block-paragraph\">Apache helikopterinin d\u00fc\u015f\u00fcr\u00fclmesini g\u00f6z\u00fcnde &#8220;fazla b\u00fcy\u00fctmedi\u011fi&#8221; mesaj\u0131n\u0131 veren Trump, a\u00e7\u0131klamas\u0131nda, &#8220;Bu olay o kadar da b\u00fcy\u00fck bir mesele de\u011fil. Pilotlar iyi durumda.&#8221; de\u011ferlendirmesinde bulundu.<\/p>\n\n\n\n<h3 class=\"wp-block-heading\">P\u0130LOTLAR KURTARILDI MI?<\/h3>\n\n\n\n<p class=\"wp-block-paragraph\">\u00d6te yandan Amerikan CBS News kanal\u0131na a\u00e7\u0131klama yapan&nbsp;ABD&#8217;li yetkililer, helikopterin pilotlar\u0131n\u0131n Amerikan ordusuna ait bir deniz dronu taraf\u0131ndan kurtar\u0131ld\u0131\u011f\u0131n\u0131 ifade etmi\u015fti.<\/p>\n\n\n\n<p class=\"wp-block-paragraph\">Axios&#8217;a a\u00e7\u0131klama yapan bir ba\u015fka yetkili ise s\u00f6z konusu olaya, \u0130ran&#8217;a ait bir dronun Apache helikopterine \u00e7arpmas\u0131n\u0131n neden oldu\u011funu, ancak bunun kas\u0131tl\u0131 olup olmad\u0131\u011f\u0131n\u0131 hen\u00fcz bilmediklerini belirtmi\u015fti.<\/p>\n","protected":false},"excerpt":{"rendered":"<p>ABD Ba\u015fkan\u0131 Donald Trump, ABD&#8217;ye ait bir Apache helikopterinin d\u00fc\u015f\u00fcr\u00fclmesine kar\u015f\u0131l\u0131k \u0130ran&#8217;a y\u00f6nelik &#8220;kar\u015f\u0131 sald\u0131r\u0131lar&#8221;&#8230;<\/p>\n","protected":false},"author":1,"featured_media":430,"comment_status":"open","ping_status":"open","sticky":false,"template":"","format":"standard","meta":{"footnotes":""},"categories":[40],"tags":[],"class_list":["post-429","post","type-post","status-publish","format-standard","has-post-thumbnail","hentry","category-dunya"],"_links":{"self":[{"href":"https:\/\/gundem44.com.tr\/index.php?rest_route=\/wp\/v2\/posts\/429","targetHints":{"allow":["GET"]}}],"collection":[{"href":"https:\/\/gundem44.com.tr\/index.php?rest_route=\/wp\/v2\/posts"}],"about":[{"href":"https:\/\/gundem44.com.tr\/index.php?rest_route=\/wp\/v2\/types\/post"}],"author":[{"embeddable":true,"href":"https:\/\/gundem44.com.tr\/index.php?rest_route=\/wp\/v2\/users\/1"}],"replies":[{"embeddable":true,"href":"https:\/\/gundem44.com.tr\/index.php?rest_route=%2Fwp%2Fv2%2Fcomments&post=429"}],"version-history":[{"count":1,"href":"https:\/\/gundem44.com.tr\/index.php?rest_route=\/wp\/v2\/posts\/429\/revisions"}],"predecessor-version":[{"id":431,"href":"https:\/\/gundem44.com.tr\/index.php?rest_route=\/wp\/v2\/posts\/429\/revisions\/431"}],"wp:featuredmedia":[{"embeddable":true,"href":"https:\/\/gundem44.com.tr\/index.php?rest_route=\/wp\/v2\/media\/430"}],"wp:attachment":[{"href":"https:\/\/gundem44.com.tr\/index.php?rest_route=%2Fwp%2Fv2%2Fmedia&parent=429"}],"wp:term":[{"taxonomy":"category","embeddable":true,"href":"https:\/\/gundem44.com.tr\/index.php?rest_route=%2Fwp%2Fv2%2Fcategories&post=429"},{"taxonomy":"post_tag","embeddable":true,"href":"https:\/\/gundem44.com.tr\/index.php?rest_route=%2Fwp%2Fv2%2Ftags&post=429"}],"curies":[{"name":"wp","href":"https:\/\/api.w.org\/{rel}","templated":true}]}}