{"id":426,"date":"2026-06-10T00:13:36","date_gmt":"2026-06-10T00:13:36","guid":{"rendered":"https:\/\/gundem44.com.tr\/?p=426"},"modified":"2026-06-10T00:13:36","modified_gmt":"2026-06-10T00:13:36","slug":"tarihimizde-bir-ilk-turkiye-izlandaya-buyukelci-atadi","status":"publish","type":"post","link":"https:\/\/gundem44.com.tr\/?p=426","title":{"rendered":"Tarihimizde bir ilk, T\u00fcrkiye \u0130zlanda&#8217;ya b\u00fcy\u00fckel\u00e7i atad\u0131"},"content":{"rendered":"\n<p class=\"wp-block-paragraph\">Bir d\u00f6nem &#8220;T\u00fcrk \u00f6ld\u00fcrmenin yasal oldu\u011fu&#8221; \u0130zlanda\u2019da diplomaside yepyeni bir sayfa a\u00e7\u0131l\u0131yor. D\u0131\u015fi\u015fleri Bakan\u0131 Hakan Fidan&#8217;\u0131n son kararnamesiyle Kiev B\u00fcy\u00fckel\u00e7isi Mustafa Levent Bilgen, T\u00fcrkiye&#8217;nin ilk Reykjavik B\u00fcy\u00fckel\u00e7isi olarak atand\u0131. Y\u0131llard\u0131r Oslo \u00fczerinden y\u00fcr\u00fct\u00fclen ili\u015fkileri do\u011frudan \u0130zlanda topraklar\u0131na ta\u015f\u0131yan bu tarihi hamle, Ankara&#8217;n\u0131n Kuzey Avrupa a\u00e7\u0131l\u0131m\u0131nda d\u00f6n\u00fcm noktas\u0131 olarak kabul ediliyor.<\/p>\n\n\n\n<p class=\"wp-block-paragraph\">D\u0131\u015fi\u015fleri Bakan\u0131&nbsp;<a href=\"https:\/\/www.sondakika.com\/hakan-fidan\/\">Hakan Fidan<\/a>&#8216;\u0131n tebli\u011f etti\u011fi yeni b\u00fcy\u00fckel\u00e7i atamalar\u0131 aras\u0131nda en dikkat \u00e7eken g\u00f6revlendirmelerden biri&nbsp;<a href=\"https:\/\/www.sondakika.com\/izlanda\/\">\u0130zlanda<\/a>&nbsp;oldu. Kiev B\u00fcy\u00fckel\u00e7isi Mustafa Levent Bilgen,&nbsp;<a href=\"https:\/\/www.sondakika.com\/turkiye\/\">T\u00fcrkiye<\/a>&#8216;nin Reykjavik&#8217;te a\u00e7\u0131lacak ilk b\u00fcy\u00fckel\u00e7ili\u011fine atan\u0131rken, iki \u00fclke aras\u0131ndaki diplomatik ili\u015fkilerde de yeni bir sayfa a\u00e7\u0131ld\u0131.<\/p>\n\n\n\n<h3 class=\"wp-block-heading\">YILLARDIR OSLO \u00dcZER\u0130NDEN Y\u00dcR\u00dcT\u00dcL\u00dcYORDU<\/h3>\n\n\n\n<p class=\"wp-block-paragraph\">T\u00fcrkiye ve \u0130zlanda aras\u0131nda bug\u00fcne kadar kar\u015f\u0131l\u0131kl\u0131 b\u00fcy\u00fckel\u00e7ilik bulunmuyordu. \u0130ki \u00fclke aras\u0131ndaki diplomatik temaslar, Oslo&#8217;daki T\u00fcrk B\u00fcy\u00fckel\u00e7ili\u011fi ile Oslo&#8217;daki \u0130zlanda B\u00fcy\u00fckel\u00e7ili\u011fi arac\u0131l\u0131\u011f\u0131yla y\u00fcr\u00fct\u00fcl\u00fcyordu.<\/p>\n\n\n\n<p class=\"wp-block-paragraph\"><a href=\"https:\/\/www.sondakika.com\/ankara\/\">Ankara<\/a>&#8216;n\u0131n Reykjavik&#8217;te b\u00fcy\u00fckel\u00e7ilik a\u00e7ma karar\u0131yla birlikte, T\u00fcrkiye ilk kez \u0130zlanda&#8217;da daimi diplomatik temsilcilik bulunduracak. Bu ad\u0131m\u0131n siyasi, ekonomik ve g\u00fcvenlik alanlar\u0131ndaki i\u015f birli\u011fini daha da geli\u015ftirmesi bekleniyor.<\/p>\n\n\n\n<h3 class=\"wp-block-heading\">\u0130ZLANDA&#8217;DAN OLUMLU MESAJ<\/h3>\n\n\n\n<p class=\"wp-block-paragraph\">\u0130zlanda D\u0131\u015fi\u015fleri Bakan\u0131&nbsp;Thorgerdur Katrin Gunnarsdottir, T\u00fcrkiye&#8217;nin Reykjavik&#8217;te b\u00fcy\u00fckel\u00e7ilik a\u00e7ma karar\u0131n\u0131 memnuniyetle kar\u015f\u0131lad\u0131klar\u0131n\u0131 a\u00e7\u0131klad\u0131.<\/p>\n\n\n\n<p class=\"wp-block-paragraph\">Ancak Gunnarsdottir, \u0130zlanda&#8217;n\u0131n \u015fu a\u015famada Ankara&#8217;da kar\u015f\u0131l\u0131kl\u0131 bir b\u00fcy\u00fckel\u00e7ilik a\u00e7may\u0131 planlamad\u0131\u011f\u0131n\u0131 da belirtti. \u0130zlandal\u0131 Bakan, iki \u00fclke aras\u0131ndaki ili\u015fkilerin mevcut haliyle istikrarl\u0131 ve yap\u0131c\u0131 \u015fekilde s\u00fcrd\u00fc\u011f\u00fcn\u00fc ifade etti.<\/p>\n\n\n\n<h3 class=\"wp-block-heading\">&#8220;T\u00dcRK\u0130YE NATO&#8217;NUN EN G\u00dc\u00c7L\u00dc \u00dcYELER\u0130NDEN B\u0130R\u0130&#8221;<\/h3>\n\n\n\n<p class=\"wp-block-paragraph\">T\u00fcrkiye ile \u0130zlanda aras\u0131ndaki ili\u015fkilerin g\u00fc\u00e7l\u00fc temeller \u00fczerine kurulu oldu\u011funu vurgulayan Gunnarsdottir, NATO \u00fcyeli\u011finin iki \u00fclke aras\u0131ndaki en \u00f6nemli ortak paydalardan biri oldu\u011funa dikkat \u00e7ekti.<\/p>\n\n\n\n<p class=\"wp-block-paragraph\">\u0130zlandal\u0131 Bakan, &#8220;\u00dclkeler aras\u0131ndaki ili\u015fkiler olduk\u00e7a d\u00fczenli ve iyi durumda. \u0130kimiz de NATO \u00fcyesiyiz ve T\u00fcrkiye, ittifak i\u00e7inde ikinci b\u00fcy\u00fck askeri g\u00fcce sahip g\u00fc\u00e7l\u00fc bir \u00fclke&#8221; ifadelerini kulland\u0131.<\/p>\n\n\n\n<h3 class=\"wp-block-heading\">KUZEY AVRUPA&#8217;DA YEN\u0130 D\u00d6NEM<\/h3>\n\n\n\n<p class=\"wp-block-paragraph\">T\u00fcrkiye&#8217;nin Reykjavik&#8217;te b\u00fcy\u00fckel\u00e7ilik a\u00e7ma karar\u0131, yaln\u0131zca diplomatik temsil a\u00e7\u0131s\u0131ndan de\u011fil, Kuzey Atlantik ve Arktik b\u00f6lgesine y\u00f6nelik stratejik ilgisinin de bir g\u00f6stergesi olarak de\u011ferlendiriliyor.<\/p>\n\n\n\n<p class=\"wp-block-paragraph\">Uzmanlar, yeni b\u00fcy\u00fckel\u00e7ili\u011fin NATO, enerji, ticaret, turizm ve kutup b\u00f6lgesine ili\u015fkin i\u015f birliklerinde Ankara&#8217;n\u0131n elini g\u00fc\u00e7lendirece\u011fini belirtiyor. Mustafa Levent Bilgen&#8217;in g\u00f6reve ba\u015flamas\u0131yla birlikte T\u00fcrkiye-\u0130zlanda ili\u015fkilerinin daha yo\u011fun ve do\u011frudan bir diplomatik zeminde ilerlemesi bekleniyor.<\/p>\n\n\n\n<h3 class=\"wp-block-heading\">\u00dcLKDE T\u00dcRK \u00d6LD\u00dcRMEK SERBESTT\u0130&nbsp;<\/h3>\n\n\n\n<p class=\"wp-block-paragraph\">\u0130zlanda\u2019da T\u00fcrk \u00f6ld\u00fcrmek 1970\u2019l\u0131 y\u0131llara kadar yasal olarak serbestti. Bu yasan\u0131n \u00e7\u0131kar\u0131lmas\u0131n\u0131n ise hayli ilgin\u00e7 bir hikayesi var.&nbsp;&nbsp;<\/p>\n\n\n\n<p class=\"wp-block-paragraph\">1627\u2019de Murat Reis \u00f6nderli\u011findeki Osmanl\u0131 donanmas\u0131, yakla\u015f\u0131k 26 g\u00fcnde 400 civar\u0131nda \u0130zlandal\u0131\u2019y\u0131 esir ald\u0131. Grindavik, Austfiroir ve Vestmannaeyjar \u015fehirlerinde ger\u00e7ekle\u015fen adam ka\u00e7\u0131rmalar nedeniyle 1627 y\u0131l\u0131nda \u0130zlanda\u2019ya ayak basan T\u00fcrk vatanda\u015flar\u0131n\u0131n \u00f6ld\u00fcr\u00fclmesi serbest b\u0131rak\u0131ld\u0131.<\/p>\n\n\n\n<p class=\"wp-block-paragraph\">Ancak bu yasa nedeniyle hi\u00e7bir T\u00fcrk vatanda\u015f\u0131 \u00f6ld\u00fcr\u00fclmedi. Hatta bu yasa daha sonraki y\u0131llarda unutuldu. Ta ki bir \u0130zlandal\u0131\u2019n\u0131n yeniden bu yasay\u0131 g\u00fcndeme getirmesine kadar. T\u00fcrklerin \u00f6ld\u00fcr\u00fclmesine serbestlik tan\u0131yan bu yasa 1970\u2019lerde kald\u0131r\u0131ld\u0131. Ancak \u0130zlanda\u2019da bu \u00fc\u00e7 \u015fehirde hala T\u00fcrkler zaman zaman \u2018Tyrkjaranid\u2019 yani \u2018\u0130nsan \u00e7alan T\u00fcrk\u2019 olarak an\u0131labiliyor.<\/p>\n","protected":false},"excerpt":{"rendered":"<p>Bir d\u00f6nem &#8220;T\u00fcrk \u00f6ld\u00fcrmenin yasal oldu\u011fu&#8221; \u0130zlanda\u2019da diplomaside yepyeni bir sayfa a\u00e7\u0131l\u0131yor. D\u0131\u015fi\u015fleri Bakan\u0131 Hakan&#8230;<\/p>\n","protected":false},"author":1,"featured_media":427,"comment_status":"open","ping_status":"open","sticky":false,"template":"","format":"standard","meta":{"footnotes":""},"categories":[17],"tags":[],"class_list":["post-426","post","type-post","status-publish","format-standard","has-post-thumbnail","hentry","category-ulusal-haberler"],"_links":{"self":[{"href":"https:\/\/gundem44.com.tr\/index.php?rest_route=\/wp\/v2\/posts\/426","targetHints":{"allow":["GET"]}}],"collection":[{"href":"https:\/\/gundem44.com.tr\/index.php?rest_route=\/wp\/v2\/posts"}],"about":[{"href":"https:\/\/gundem44.com.tr\/index.php?rest_route=\/wp\/v2\/types\/post"}],"author":[{"embeddable":true,"href":"https:\/\/gundem44.com.tr\/index.php?rest_route=\/wp\/v2\/users\/1"}],"replies":[{"embeddable":true,"href":"https:\/\/gundem44.com.tr\/index.php?rest_route=%2Fwp%2Fv2%2Fcomments&post=426"}],"version-history":[{"count":1,"href":"https:\/\/gundem44.com.tr\/index.php?rest_route=\/wp\/v2\/posts\/426\/revisions"}],"predecessor-version":[{"id":428,"href":"https:\/\/gundem44.com.tr\/index.php?rest_route=\/wp\/v2\/posts\/426\/revisions\/428"}],"wp:featuredmedia":[{"embeddable":true,"href":"https:\/\/gundem44.com.tr\/index.php?rest_route=\/wp\/v2\/media\/427"}],"wp:attachment":[{"href":"https:\/\/gundem44.com.tr\/index.php?rest_route=%2Fwp%2Fv2%2Fmedia&parent=426"}],"wp:term":[{"taxonomy":"category","embeddable":true,"href":"https:\/\/gundem44.com.tr\/index.php?rest_route=%2Fwp%2Fv2%2Fcategories&post=426"},{"taxonomy":"post_tag","embeddable":true,"href":"https:\/\/gundem44.com.tr\/index.php?rest_route=%2Fwp%2Fv2%2Ftags&post=426"}],"curies":[{"name":"wp","href":"https:\/\/api.w.org\/{rel}","templated":true}]}}