{"id":423,"date":"2026-06-10T00:09:24","date_gmt":"2026-06-10T00:09:24","guid":{"rendered":"https:\/\/gundem44.com.tr\/?p=423"},"modified":"2026-06-10T00:09:25","modified_gmt":"2026-06-10T00:09:25","slug":"bir-zamanlar-patrondu-artik-sokaklarda-yasiyor","status":"publish","type":"post","link":"https:\/\/gundem44.com.tr\/?p=423","title":{"rendered":"Bir zamanlar patrondu, art\u0131k sokaklarda ya\u015f\u0131yor"},"content":{"rendered":"\n<p class=\"wp-block-paragraph\">Ankara&#8217;da ya\u015fayan ve ya\u015fad\u0131\u011f\u0131 mali kriz sonras\u0131 evsiz kalan 62 ya\u015f\u0131ndaki kimyager Ali Bekta\u015f, y\u00fczde 82 engelli raporuyla \u00fccretsiz tren yolculuklar\u0131 yaparak ya\u015fam\u0131n\u0131 s\u00fcrd\u00fcr\u00fcyor. Bir d\u00f6nem \u00f6\u011fretmenlik yapan ve kendi \u015firketini kuran Bekta\u015f, bug\u00fcn sokaklarda verdi\u011fi ya\u015fam m\u00fccadelesini anlatt\u0131.<\/p>\n\n\n\n<p class=\"wp-block-paragraph\">Aslen K\u0131r\u015fehir do\u011fumlu olan, Ege \u00dcniversitesi Fen Fak\u00fcltesi Kimya B\u00f6l\u00fcm\u00fc mezunu 62 ya\u015f\u0131ndaki&nbsp;<a href=\"https:\/\/www.sondakika.com\/ali-bektas\/\">Ali Bekta\u015f<\/a>,&nbsp;<a href=\"https:\/\/www.sondakika.com\/ankara\/\">Ankara<\/a>&#8216;da ya\u015fad\u0131\u011f\u0131 ekonomik \u00e7\u00f6k\u00fc\u015f\u00fcn ard\u0131ndan&nbsp;<a href=\"https:\/\/www.sondakika.com\/evsiz\/\">evsiz<\/a>&nbsp;kald\u0131.<\/p>\n\n\n\n<h3 class=\"wp-block-heading\">SOKAKTA KALMAK YER\u0130NE TREN YOLCULU\u011eU YAPIYOR<\/h3>\n\n\n\n<p class=\"wp-block-paragraph\">Bir d\u00f6nem \u00f6\u011fretmenlik yapan ve daha sonra Ankara&#8217;da kendi kimya \u015firketini kuran Bekta\u015f, ya\u015fad\u0131\u011f\u0131 mali kriz nedeniyle t\u00fcm birikimini kaybederek sokakta ya\u015famaya ba\u015flad\u0131.<\/p>\n\n\n\n<figure class=\"wp-block-image\"><img decoding=\"async\" src=\"http:\/\/foto.sondakika.com\/haber\/2026\/06\/09\/evsiz-kaldi-trenler-evi-oldu-19929142_o.jpg\" alt=\"Bir zamanlar patrondu, art\u0131k sokaklarda ya\u015f\u0131yor\"\/><\/figure>\n\n\n\n<p class=\"wp-block-paragraph\">Y\u00fczde 82 engelli raporu bulunan Bekta\u015f, devletin sa\u011flad\u0131\u011f\u0131 ula\u015f\u0131m imkanlar\u0131ndan yararlanarak sokakta kalmak yerine trenlerle T\u00fcrkiye&#8217;nin farkl\u0131 \u015fehirlerine seyahat ediyor. Bu kapsamda Manisa&#8217;ya da gelen Bekta\u015f, hem dinlenmek hem de kenti tan\u0131mak amac\u0131yla yolculuk yapt\u0131\u011f\u0131n\u0131 s\u00f6yledi.<\/p>\n\n\n\n<p class=\"wp-block-paragraph\">Ya\u015fad\u0131klar\u0131n\u0131 anlatan Bekta\u015f, &#8220;Sosyal bir kaza sonras\u0131 \u015firketim batt\u0131 ve mali anlamda y\u0131k\u0131ld\u0131m. Sokaklarda kalmaya ba\u015flad\u0131m. Sokaklarda kalmam\u0131n bir par\u00e7as\u0131 da devletin bana verdi\u011fi y\u00fczde 82 engelli raporu sayesinde sahip oldu\u011fum kimlikle tren yolculuklar\u0131 yapabilmemdir. Manisa&#8217;ya da bu sebeple geldim. Hem biraz soluklanmak hem de Manisa&#8217;y\u0131 tan\u0131mak i\u00e7in buraday\u0131m&#8221; dedi.<\/p>\n\n\n\n<h3 class=\"wp-block-heading\">\u201cDEVLET\u0130N BU KONUDA DAHA FAZLA M\u00dcDAH\u0130L OLMASI GEREK\u0130YOR\u201d<\/h3>\n\n\n\n<p class=\"wp-block-paragraph\">Evsizli\u011fin yaln\u0131zca T\u00fcrkiye&#8217;ye \u00f6zg\u00fc bir sorun olmad\u0131\u011f\u0131n\u0131 belirten Bekta\u015f, &#8220;Sokakta kalmak veya evsiz olmak Allah&#8217;\u0131n emri de\u011fildir. \u0130nsanlar\u0131n kendi hatalar\u0131ndan ya da ya\u015fad\u0131klar\u0131 olumsuzluklardan kaynaklanan bir ger\u00e7ekliktir. Bu t\u00fcm d\u00fcnyada b\u00f6yledir. \u0130ngiltere&#8217;de de ABD&#8217;de de b\u00f6yledir. Devletimiz son 20 y\u0131lda engellilere ve ya\u015fl\u0131lara Avrupa \u00fclkelerinden ve ABD&#8217;den daha fazla imkan sundu. Biz de bu imkanlardan yararlan\u0131yoruz&#8221; diye konu\u015ftu.<\/p>\n\n\n\n<figure class=\"wp-block-image\"><img decoding=\"async\" src=\"http:\/\/foto.sondakika.com\/haber\/2026\/06\/09\/evsiz-kaldi-trenler-evi-oldu-5-19929142_o.jpg\" alt=\"Bir zamanlar patrondu, art\u0131k sokaklarda ya\u015f\u0131yor\"\/><\/figure>\n\n\n\n<p class=\"wp-block-paragraph\">Sokakta ya\u015fayan insanlar\u0131n \u00f6nemli bir b\u00f6l\u00fcm\u00fcn\u00fcn ba\u011f\u0131ml\u0131l\u0131k sorunlar\u0131yla m\u00fccadele etti\u011fini ifade eden Bekta\u015f, &#8220;Sokaktaki insanlar\u0131n \u00e7o\u011fu alkolizm batakl\u0131\u011f\u0131na saplanm\u0131\u015ft\u0131r. Bunun i\u00e7inde uyu\u015fturucu da var. Bunlarla bireysel m\u00fccadele etmek m\u00fcmk\u00fcn de\u011fil. Devletin bu konuda daha fazla m\u00fcdahil olmas\u0131 gerekiyor. Benim gibi ekonomik ve sosyal nedenlerle hayat\u0131ndaki konumunu kaybeden insanlar da var&#8221; ifadelerini kulland\u0131.<\/p>\n\n\n\n<h3 class=\"wp-block-heading\">&#8220;ALLAH&#8217;IN VERD\u0130\u011e\u0130 B\u0130R SINAV OLDU\u011eUNA \u0130NANIYORUM1<\/h3>\n\n\n\n<p class=\"wp-block-paragraph\">Ya\u015fad\u0131\u011f\u0131 zorluklara ra\u011fmen hayata umutla bakt\u0131\u011f\u0131n\u0131 dile getiren Bekta\u015f, &#8220;Bir s\u0131nav d\u00fcnyas\u0131nda ya\u015f\u0131yoruz. Sokakta kalaca\u011f\u0131z s\u0131nav olaca\u011f\u0131z, zengin olaca\u011f\u0131z s\u0131nav olaca\u011f\u0131z, engelli olaca\u011f\u0131z s\u0131nav olaca\u011f\u0131z. Bunlar\u0131n hepsi bir s\u0131navd\u0131r. \u015e\u00fckrettim, hala da \u015f\u00fckrediyorum. Sokakta kalmak, a\u00e7 kalmak, susuz kalmak elbette kolay de\u011fil. Ancak bunun da Allah&#8217;\u0131n verdi\u011fi bir s\u0131nav oldu\u011funa inan\u0131yorum ve kabulleniyorum. Bu ya\u015ftan ve bu kadar hastal\u0131ktan sonra yap\u0131labilecek en \u00f6nemli \u015fey, durumu kabullenip Allah&#8217;a s\u0131\u011f\u0131nmakt\u0131r&#8221; \u015feklinde konu\u015ftu.&nbsp;<\/p>\n\n\n\n<figure class=\"wp-block-image\"><img decoding=\"async\" src=\"http:\/\/foto.sondakika.com\/haber\/2026\/06\/09\/evsiz-kaldi-trenler-evi-oldu-6-19929142_o.jpg\" alt=\"Bir zamanlar patrondu, art\u0131k sokaklarda ya\u015f\u0131yor\"\/><\/figure>\n","protected":false},"excerpt":{"rendered":"<p>Ankara&#8217;da ya\u015fayan ve ya\u015fad\u0131\u011f\u0131 mali kriz sonras\u0131 evsiz kalan 62 ya\u015f\u0131ndaki kimyager Ali Bekta\u015f, y\u00fczde&#8230;<\/p>\n","protected":false},"author":1,"featured_media":424,"comment_status":"open","ping_status":"open","sticky":false,"template":"","format":"standard","meta":{"footnotes":""},"categories":[18],"tags":[],"class_list":["post-423","post","type-post","status-publish","format-standard","has-post-thumbnail","hentry","category-guncel"],"_links":{"self":[{"href":"https:\/\/gundem44.com.tr\/index.php?rest_route=\/wp\/v2\/posts\/423","targetHints":{"allow":["GET"]}}],"collection":[{"href":"https:\/\/gundem44.com.tr\/index.php?rest_route=\/wp\/v2\/posts"}],"about":[{"href":"https:\/\/gundem44.com.tr\/index.php?rest_route=\/wp\/v2\/types\/post"}],"author":[{"embeddable":true,"href":"https:\/\/gundem44.com.tr\/index.php?rest_route=\/wp\/v2\/users\/1"}],"replies":[{"embeddable":true,"href":"https:\/\/gundem44.com.tr\/index.php?rest_route=%2Fwp%2Fv2%2Fcomments&post=423"}],"version-history":[{"count":1,"href":"https:\/\/gundem44.com.tr\/index.php?rest_route=\/wp\/v2\/posts\/423\/revisions"}],"predecessor-version":[{"id":425,"href":"https:\/\/gundem44.com.tr\/index.php?rest_route=\/wp\/v2\/posts\/423\/revisions\/425"}],"wp:featuredmedia":[{"embeddable":true,"href":"https:\/\/gundem44.com.tr\/index.php?rest_route=\/wp\/v2\/media\/424"}],"wp:attachment":[{"href":"https:\/\/gundem44.com.tr\/index.php?rest_route=%2Fwp%2Fv2%2Fmedia&parent=423"}],"wp:term":[{"taxonomy":"category","embeddable":true,"href":"https:\/\/gundem44.com.tr\/index.php?rest_route=%2Fwp%2Fv2%2Fcategories&post=423"},{"taxonomy":"post_tag","embeddable":true,"href":"https:\/\/gundem44.com.tr\/index.php?rest_route=%2Fwp%2Fv2%2Ftags&post=423"}],"curies":[{"name":"wp","href":"https:\/\/api.w.org\/{rel}","templated":true}]}}