{"id":417,"date":"2026-06-09T23:56:41","date_gmt":"2026-06-09T23:56:41","guid":{"rendered":"https:\/\/gundem44.com.tr\/?p=417"},"modified":"2026-06-09T23:56:42","modified_gmt":"2026-06-09T23:56:42","slug":"uzak-sehirin-yildizlari-tatilde-aska-geldi","status":"publish","type":"post","link":"https:\/\/gundem44.com.tr\/?p=417","title":{"rendered":"Uzak \u015eehir&#8217;in y\u0131ld\u0131zlar\u0131 tatilde a\u015fka geldi"},"content":{"rendered":"\n<p class=\"wp-block-paragraph\">Ekranlar\u0131n fenomen dizisi Uzak \u015eehir dizisinde ba\u015flayan arkada\u015fl\u0131klar\u0131 a\u015fka d\u00f6n\u00fc\u015fen Alper \u00c7ankaya ve Yaren G\u00fcldiken, sezon finalinin ard\u0131ndan tatile \u00e7\u0131kt\u0131. \u00dcnl\u00fc \u00e7iftin romantik pozlar\u0131 sosyal medyada b\u00fcy\u00fck ilgi g\u00f6rd\u00fc.<\/p>\n\n\n\n<p class=\"wp-block-paragraph\">\u0130ki sezondur reyting rekorlar\u0131 k\u0131ran fenpmen dizi&nbsp;<a href=\"https:\/\/www.sondakika.com\/uzak-sehir\/\">Uzak \u015eehir<\/a>&#8216;in sezon finali yapmas\u0131n\u0131n ard\u0131ndan dizinin oyuncular\u0131 da yo\u011fun ge\u00e7en \u00e7al\u0131\u015fma temposuna k\u0131sa bir ara verdi.&nbsp;<\/p>\n\n\n\n<p class=\"wp-block-paragraph\">Dizide \u015eahin Albora karakterine hayat veren ve projeye veda eden Alper&nbsp;<a href=\"https:\/\/www.sondakika.com\/cankaya\/\">\u00c7ankaya<\/a>&nbsp;ile Pakize Sancak rol\u00fcyle izleyici kar\u015f\u0131s\u0131na \u00e7\u0131kan Yaren G\u00fcldiken, birlikte \u00e7\u0131kt\u0131klar\u0131 tatilden payla\u015ft\u0131klar\u0131 karelerle g\u00fcndem oldu.<\/p>\n\n\n\n<figure class=\"wp-block-image\"><img decoding=\"async\" src=\"https:\/\/foto.sondakika.com\/haber\/2026\/06\/09\/uzak-sehirin-yildizlari-tatild-19930506-8134_1_m.jpg\" alt=\"Uzak \u015eehir'in y\u0131ld\u0131zlar\u0131 tatilde a\u015fka geldi\"\/><\/figure>\n\n\n\n<h3 class=\"wp-block-heading\">SEZONUN YORGUNLU\u011eUNU TAT\u0130LDE ATIYORLAR<\/h3>\n\n\n\n<p class=\"wp-block-paragraph\">Bir s\u00fcredir birlikte olduklar\u0131 bilinen Alper \u00c7ankaya ve Yaren G\u00fcldiken, sezon finalinin ard\u0131ndan solu\u011fu tatilde ald\u0131. G\u00f6zlerden uzak bir tatil tercih eden \u00e7ift, romantik anlar\u0131n\u0131 takip\u00e7ileriyle payla\u015fmay\u0131 da ihmal etmedi.<\/p>\n\n\n\n<figure class=\"wp-block-image\"><img decoding=\"async\" src=\"https:\/\/foto.sondakika.com\/haber\/2026\/06\/09\/uzak-sehirin-yildizlari-tatild-19930506-1235_1_m.jpg\" alt=\"Uzak \u015eehir'in y\u0131ld\u0131zlar\u0131 tatilde a\u015fka geldi\"\/><\/figure>\n\n\n\n<h3 class=\"wp-block-heading\">A\u015eK DOLU KARELER PE\u015e PE\u015eE GELD\u0130<\/h3>\n\n\n\n<p class=\"wp-block-paragraph\">Yak\u0131\u015f\u0131kl\u0131 oyuncu Alper \u00c7ankaya&#8217;n\u0131n sosyal medya hesab\u0131ndan payla\u015ft\u0131\u011f\u0131 foto\u011fraflarda \u00e7iftin olduk\u00e7a keyifli oldu\u011fu g\u00f6r\u00fcld\u00fc. Birlikte vakit ge\u00e7iren ikilinin samimi kareleri k\u0131sa s\u00fcrede binlerce be\u011feni ve yorum ald\u0131.<\/p>\n\n\n\n<h3 class=\"wp-block-heading\">SOSYAL MEDYADA G\u00dcNDEM OLDULAR<\/h3>\n\n\n\n<p class=\"wp-block-paragraph\">\u00c7iftin payla\u015f\u0131mlar\u0131 hayranlar\u0131ndan yo\u011fun ilgi g\u00f6rd\u00fc. Takip\u00e7iler foto\u011fraflara, &#8220;Birbirinize \u00e7ok yak\u0131\u015f\u0131yorsunuz&#8221;, &#8220;Uzak \u015eehir&#8217;in en sevilen \u00e7ifti&#8221; ve &#8220;Dizi sezon finali yapt\u0131 ama a\u015fk devam ediyor&#8221; \u015feklinde yorumlar yapt\u0131.<\/p>\n\n\n\n<figure class=\"wp-block-image\"><img decoding=\"async\" src=\"https:\/\/foto.sondakika.com\/haber\/2026\/06\/09\/uzak-sehirin-yildizlari-tatild-19930506-8488_1_m.jpg\" alt=\"Uzak \u015eehir'in y\u0131ld\u0131zlar\u0131 tatilde a\u015fka geldi\"\/><\/figure>\n\n\n\n<figure class=\"wp-block-image\"><img decoding=\"async\" src=\"https:\/\/foto.sondakika.com\/haber\/2026\/06\/09\/uzak-sehirin-yildizlari-tatild-19930506-9868_2_m.jpg\" alt=\"Uzak \u015eehir'in y\u0131ld\u0131zlar\u0131 tatilde a\u015fka geldi\"\/><\/figure>\n\n\n\n<h3 class=\"wp-block-heading\"><\/h3>\n","protected":false},"excerpt":{"rendered":"<p>Ekranlar\u0131n fenomen dizisi Uzak \u015eehir dizisinde ba\u015flayan arkada\u015fl\u0131klar\u0131 a\u015fka d\u00f6n\u00fc\u015fen Alper \u00c7ankaya ve Yaren G\u00fcldiken,&#8230;<\/p>\n","protected":false},"author":1,"featured_media":418,"comment_status":"open","ping_status":"open","sticky":false,"template":"","format":"standard","meta":{"footnotes":""},"categories":[34],"tags":[],"class_list":["post-417","post","type-post","status-publish","format-standard","has-post-thumbnail","hentry","category-magazin"],"_links":{"self":[{"href":"https:\/\/gundem44.com.tr\/index.php?rest_route=\/wp\/v2\/posts\/417","targetHints":{"allow":["GET"]}}],"collection":[{"href":"https:\/\/gundem44.com.tr\/index.php?rest_route=\/wp\/v2\/posts"}],"about":[{"href":"https:\/\/gundem44.com.tr\/index.php?rest_route=\/wp\/v2\/types\/post"}],"author":[{"embeddable":true,"href":"https:\/\/gundem44.com.tr\/index.php?rest_route=\/wp\/v2\/users\/1"}],"replies":[{"embeddable":true,"href":"https:\/\/gundem44.com.tr\/index.php?rest_route=%2Fwp%2Fv2%2Fcomments&post=417"}],"version-history":[{"count":1,"href":"https:\/\/gundem44.com.tr\/index.php?rest_route=\/wp\/v2\/posts\/417\/revisions"}],"predecessor-version":[{"id":419,"href":"https:\/\/gundem44.com.tr\/index.php?rest_route=\/wp\/v2\/posts\/417\/revisions\/419"}],"wp:featuredmedia":[{"embeddable":true,"href":"https:\/\/gundem44.com.tr\/index.php?rest_route=\/wp\/v2\/media\/418"}],"wp:attachment":[{"href":"https:\/\/gundem44.com.tr\/index.php?rest_route=%2Fwp%2Fv2%2Fmedia&parent=417"}],"wp:term":[{"taxonomy":"category","embeddable":true,"href":"https:\/\/gundem44.com.tr\/index.php?rest_route=%2Fwp%2Fv2%2Fcategories&post=417"},{"taxonomy":"post_tag","embeddable":true,"href":"https:\/\/gundem44.com.tr\/index.php?rest_route=%2Fwp%2Fv2%2Ftags&post=417"}],"curies":[{"name":"wp","href":"https:\/\/api.w.org\/{rel}","templated":true}]}}