{"id":414,"date":"2026-06-09T23:52:30","date_gmt":"2026-06-09T23:52:30","guid":{"rendered":"https:\/\/gundem44.com.tr\/?p=414"},"modified":"2026-06-09T23:52:30","modified_gmt":"2026-06-09T23:52:30","slug":"mehmet-ali-erbilin-yeni-sevgilisi-oldugu-iddia-edilmisti-21-yasindaki-eylem-celik-sessizligini-bozdu","status":"publish","type":"post","link":"https:\/\/gundem44.com.tr\/?p=414","title":{"rendered":"Mehmet Ali Erbil&#8217;in &#8216;yeni sevgilisi&#8217; oldu\u011fu iddia edilmi\u015fti! 21 ya\u015f\u0131ndaki Eylem \u00c7elik sessizli\u011fini bozdu"},"content":{"rendered":"\n<p class=\"wp-block-paragraph\">G\u00fclseren Ceylan ile yollar\u0131n\u0131 ay\u0131ran Mehmet Ali Erbil&#8217;in, sosyal medya fenomeni Eylem \u00c7elik ile a\u015fk ya\u015fad\u0131\u011f\u0131 iddialar\u0131 g\u00fcndeme bomba gibi d\u00fc\u015ferken; aralar\u0131ndaki 48 ya\u015f fark\u0131yla dikkat \u00e7eken ikiliden \u00c7elik, as\u0131ls\u0131z oldu\u011funu belirtti\u011fi haberleri sert bir dille yalanlad\u0131. Ancak \u00fcnl\u00fc \u015fovmenin, buna ra\u011fmen gen\u00e7 fenomenin foto\u011fraflar\u0131n\u0131 be\u011fenmeye devam etmesi dikkat \u00e7ekti.<\/p>\n\n\n\n<p class=\"wp-block-paragraph\"><a href=\"https:\/\/www.sondakika.com\/Magazin\/\">Magazin<\/a>&nbsp;d\u00fcnyas\u0131n\u0131n sansasyonel ismi&nbsp;<a href=\"https:\/\/www.sondakika.com\/mehmet-ali-erbil-2\/\">Mehmet Ali Erbil<\/a>, \u00f6zel hayat\u0131yla bir kez daha g\u00fcndemin ilk s\u0131ralar\u0131na yerle\u015fti.&nbsp;<\/p>\n\n\n\n<h3 class=\"wp-block-heading\">KEND\u0130S\u0130NDEN&nbsp;48 YA\u015e K\u00dc\u00c7\u00dcK FENOMENLE A\u015eK YA\u015eADI\u011eI \u0130DD\u0130A ED\u0130LD\u0130&nbsp;<\/h3>\n\n\n\n<p class=\"wp-block-paragraph\">G\u00fclseren Ceylan ile olan ili\u015fkisini noktalamas\u0131n\u0131n ard\u0131ndan yaln\u0131zl\u0131\u011f\u0131n\u0131n uzun s\u00fcrmedi\u011fi \u00f6ne s\u00fcr\u00fclen 69 ya\u015f\u0131ndaki \u00fcnl\u00fc \u015fovmenin, 21 ya\u015f\u0131ndaki sosyal medya fenomeni&nbsp;<a href=\"https:\/\/www.sondakika.com\/eylem-celik\/\">Eylem \u00c7elik<\/a>&nbsp;ile a\u015fk ya\u015fad\u0131\u011f\u0131 iddia edildi.&nbsp;<\/p>\n\n\n\n<figure class=\"wp-block-image\"><img decoding=\"async\" src=\"https:\/\/foto.sondakika.com\/haber\/2026\/06\/09\/mehmet-ali-erbilin-yeni-sevgil-19930510-4586_1_m.jpg\" alt=\" &lt;a class='keyword-sd' href='\/mehmet-ali-erbil\/' title='Mehmet Ali Erbil'&gt;Mehmet Ali Erbil&lt;\/a&gt;'in 'yeni sevgilisi' oldu\u011fu iddia edilmi\u015fti! 21 ya\u015f\u0131ndaki Eylem \u00c7elik sessizli\u011fini bozdu\"\/><\/figure>\n\n\n\n<p class=\"wp-block-paragraph\">K\u0131sa s\u00fcrede yay\u0131lan dedikodularda, aralar\u0131nda 48 ya\u015f fark bulunan ikilinin pop\u00fcler sosyal medya platformu TikTok \u00fczerinden tan\u0131\u015f\u0131p yak\u0131nla\u015ft\u0131\u011f\u0131 ileri s\u00fcr\u00fcld\u00fc.<\/p>\n\n\n\n<figure class=\"wp-block-image\"><img decoding=\"async\" src=\"https:\/\/foto.sondakika.com\/haber\/2026\/06\/09\/mehmet-ali-erbilin-yeni-sevgil-19930510-2918_1_m.jpg\" alt=\"Mehmet Ali Erbil'in 'yeni sevgilisi' oldu\u011fu iddia edilmi\u015fti! 21 ya\u015f\u0131ndaki Eylem \u00c7elik sessizli\u011fini bozdu\"\/><\/figure>\n\n\n\n<h3 class=\"wp-block-heading\">SESS\u0130ZL\u0130\u011e\u0130N\u0130 BOZDU<\/h3>\n\n\n\n<p class=\"wp-block-paragraph\">A\u015fk iddialar\u0131n\u0131n fitili ate\u015flendikten hemen sonra, ad\u0131n\u0131n Mehmet Ali Erbil ile an\u0131lmas\u0131ndan rahats\u0131zl\u0131k duyan Eylem \u00c7elik cephesinden sert bir a\u00e7\u0131klama geldi.&nbsp;<\/p>\n\n\n\n<figure class=\"wp-block-image\"><img decoding=\"async\" src=\"https:\/\/foto.sondakika.com\/haber\/2026\/06\/09\/mehmet-ali-erbilin-yeni-sevgil-19930510-4069_1_m.jpg\" alt=\"Mehmet Ali Erbil'in 'yeni sevgilisi' oldu\u011fu iddia edilmi\u015fti! 21 ya\u015f\u0131ndaki Eylem \u00c7elik sessizli\u011fini bozdu\"\/><\/figure>\n\n\n\n<p class=\"wp-block-paragraph\">\u00c7\u0131kan haberlerin tamamen as\u0131ls\u0131z oldu\u011funu belirten gen\u00e7 fenomen, sosyal medya hesab\u0131ndan bir a\u00e7\u0131klama yaparak \u015fu ifadeleri kulland\u0131:&nbsp;&#8220;Baz\u0131&nbsp;<a href=\"https:\/\/www.sondakika.com\/magazin\/\">magazin<\/a>&nbsp;sayfalar\u0131nda &#8216;sevgili&#8217; olarak g\u00f6sterildi\u011fim haberler ger\u00e7e\u011fi yans\u0131tmamaktad\u0131r. Bu iddialar tamamen iznim ve bilgim d\u0131\u015f\u0131nda yay\u0131nlanm\u0131\u015ft\u0131r. \u00d6zel hayat\u0131m\u0131n ve ki\u015filik haklar\u0131m\u0131n ihlal edildi\u011fi bu as\u0131ls\u0131z haberlere kamuoyunun itibar etmemesini rica ediyorum.&#8221;<\/p>\n\n\n\n<figure class=\"wp-block-image\"><img decoding=\"async\" src=\"https:\/\/foto.sondakika.com\/haber\/2026\/06\/09\/mehmet-ali-erbilin-yeni-sevgil-19930510-3272_1_m.jpg\" alt=\"Mehmet Ali Erbil'in 'yeni sevgilisi' oldu\u011fu iddia edilmi\u015fti! 21 ya\u015f\u0131ndaki Eylem \u00c7elik sessizli\u011fini bozdu\"\/><\/figure>\n\n\n\n<h3 class=\"wp-block-heading\">BE\u011eEN\u0130 ATMAKTAN VAZGE\u00c7MED\u0130&nbsp;<\/h3>\n\n\n\n<p class=\"wp-block-paragraph\">B\u00f6ylece magazin kulislerinde konu\u015fulan a\u015fk dedikodular\u0131na Eylem \u00c7elik taraf\u0131ndan kesin bir dille nokta kondu.&nbsp;Ancak Mehmet Ali Erbil&#8217;in, \u00c7elik&#8217;in s\u00f6z konusu a\u00e7\u0131klamas\u0131nda ra\u011fmen sosyal medyada gen\u00e7 fenomenin foto\u011fraflar\u0131n\u0131 ard\u0131 ard\u0131na be\u011fenmeye devam etmesi, &#8220;A\u015fk yoksa bile hayranl\u0131k var&#8221; yorumlar\u0131na neden oldu.<\/p>\n","protected":false},"excerpt":{"rendered":"<p>G\u00fclseren Ceylan ile yollar\u0131n\u0131 ay\u0131ran Mehmet Ali Erbil&#8217;in, sosyal medya fenomeni Eylem \u00c7elik ile a\u015fk&#8230;<\/p>\n","protected":false},"author":1,"featured_media":415,"comment_status":"open","ping_status":"open","sticky":false,"template":"","format":"standard","meta":{"footnotes":""},"categories":[34],"tags":[],"class_list":["post-414","post","type-post","status-publish","format-standard","has-post-thumbnail","hentry","category-magazin"],"_links":{"self":[{"href":"https:\/\/gundem44.com.tr\/index.php?rest_route=\/wp\/v2\/posts\/414","targetHints":{"allow":["GET"]}}],"collection":[{"href":"https:\/\/gundem44.com.tr\/index.php?rest_route=\/wp\/v2\/posts"}],"about":[{"href":"https:\/\/gundem44.com.tr\/index.php?rest_route=\/wp\/v2\/types\/post"}],"author":[{"embeddable":true,"href":"https:\/\/gundem44.com.tr\/index.php?rest_route=\/wp\/v2\/users\/1"}],"replies":[{"embeddable":true,"href":"https:\/\/gundem44.com.tr\/index.php?rest_route=%2Fwp%2Fv2%2Fcomments&post=414"}],"version-history":[{"count":1,"href":"https:\/\/gundem44.com.tr\/index.php?rest_route=\/wp\/v2\/posts\/414\/revisions"}],"predecessor-version":[{"id":416,"href":"https:\/\/gundem44.com.tr\/index.php?rest_route=\/wp\/v2\/posts\/414\/revisions\/416"}],"wp:featuredmedia":[{"embeddable":true,"href":"https:\/\/gundem44.com.tr\/index.php?rest_route=\/wp\/v2\/media\/415"}],"wp:attachment":[{"href":"https:\/\/gundem44.com.tr\/index.php?rest_route=%2Fwp%2Fv2%2Fmedia&parent=414"}],"wp:term":[{"taxonomy":"category","embeddable":true,"href":"https:\/\/gundem44.com.tr\/index.php?rest_route=%2Fwp%2Fv2%2Fcategories&post=414"},{"taxonomy":"post_tag","embeddable":true,"href":"https:\/\/gundem44.com.tr\/index.php?rest_route=%2Fwp%2Fv2%2Ftags&post=414"}],"curies":[{"name":"wp","href":"https:\/\/api.w.org\/{rel}","templated":true}]}}