{"id":408,"date":"2026-06-09T23:41:56","date_gmt":"2026-06-09T23:41:56","guid":{"rendered":"https:\/\/gundem44.com.tr\/?p=408"},"modified":"2026-06-09T23:41:57","modified_gmt":"2026-06-09T23:41:57","slug":"ayse-nazlidan-babasi-reha-muhtara-duygu-yuklu-veda","status":"publish","type":"post","link":"https:\/\/gundem44.com.tr\/?p=408","title":{"rendered":"Ay\u015fe Nazl\u0131\u2019dan babas\u0131 Reha Muhtar\u2019a duygu y\u00fckl\u00fc veda"},"content":{"rendered":"\n<p class=\"wp-block-paragraph\">Ge\u00e7ti\u011fimiz g\u00fcnlerde kalp yetmezli\u011fi nedeniyle aram\u0131zdan ayr\u0131lan usta televizyoncu Reha Muhtar&#8217;\u0131n k\u0131z\u0131 Ay\u015fe Nazl\u0131, babas\u0131n\u0131n vefat\u0131n\u0131n ard\u0131ndan y\u00fcrek yakan bir veda mesaj\u0131 yay\u0131nlad\u0131. Payla\u015ft\u0131\u011f\u0131 \u00e7ocukluk foto\u011fraf\u0131yla babas\u0131na seslenen gen\u00e7 k\u0131z\u0131n \u00f6zlem dolu s\u00f6zleri, okuyanlar\u0131 duyguland\u0131rd\u0131. Ay\u015fe Nazl\u0131 vedas\u0131nda, &#8220;\u015eimdi en \u00e7ok o sesini, i\u00e7ten kahkahalar\u0131n\u0131 ve bana &#8216;K\u0131z\u0131m&#8217; diye sesleni\u015fini arayaca\u011f\u0131m.&#8221; ifadelerini kulland\u0131.<\/p>\n\n\n\n<p class=\"wp-block-paragraph\">T\u00fcrk televizyon tarihinin ikonik isimlerinden, usta gazeteci ve haber spikeri Reha Muhtar\u2019\u0131n kalp yetmezli\u011fi nedeniyle ani vefat\u0131 t\u00fcm sevenlerini derinden sarsm\u0131\u015ft\u0131. 3 Haziran&#8217;daki ac\u0131 kayb\u0131n ard\u0131ndan, 4 Haziran\u2019da son yolculu\u011funa u\u011furlanan usta televizyoncunun ard\u0131ndan en duygusal payla\u015f\u0131m, k\u0131z\u0131 Ay\u015fe Nazl\u0131\u2019dan geldi.<\/p>\n\n\n\n<figure class=\"wp-block-image\"><img decoding=\"async\" src=\"https:\/\/foto.sondakika.com\/haber\/2026\/06\/09\/ayse-nazlidan-babasi-reha-muht-19930558-4771_1_m.jpg\" alt=\"Ay\u015fe Nazl\u0131\u2019dan babas\u0131 Reha Muhtar\u2019a duygu y\u00fckl\u00fc veda\"\/><\/figure>\n\n\n\n<p class=\"wp-block-paragraph\">Sanat\u00e7\u0131&nbsp;<a href=\"https:\/\/www.sondakika.com\/nilufer\/\">Nil\u00fcfer<\/a>&nbsp;ile Reha Muhtar\u2019\u0131n hen\u00fcz 4 ayl\u0131kken evlat edinerek \u00fczerine titredi\u011fi Ay\u015fe Nazl\u0131 Yumlu, babas\u0131n\u0131n vefat\u0131yla ya\u015fad\u0131\u011f\u0131 derin ac\u0131y\u0131 sosyal medya hesab\u0131ndan takip\u00e7ileriyle payla\u015ft\u0131. Babas\u0131yla yan yana oldu\u011fu \u00e7ocukluk foto\u011fraflar\u0131ndan birini yay\u0131nlayan gen\u00e7 k\u0131z, sat\u0131rlar\u0131na d\u00f6kt\u00fc\u011f\u00fc s\u00f6zlerle herkesi a\u011flatt\u0131.<\/p>\n\n\n\n<figure class=\"wp-block-image\"><img decoding=\"async\" src=\"https:\/\/foto.sondakika.com\/haber\/2026\/06\/09\/ayse-nazlidan-babasi-reha-muht-19930558-3458_1_m.jpg\" alt=\"Ay\u015fe Nazl\u0131\u2019dan babas\u0131 Reha Muhtar\u2019a duygu y\u00fckl\u00fc veda\"\/><\/figure>\n\n\n\n<h3 class=\"wp-block-heading\">&#8220;EN \u00c7OK &#8216;KIZIM&#8217; DEY\u0130\u015e\u0130N\u0130 \u00d6ZLEYECE\u011e\u0130M&nbsp;<\/h3>\n\n\n\n<p class=\"wp-block-paragraph\">&nbsp;Babas\u0131na duydu\u011fu \u00f6zlemi ve sevgiyi kelimelere d\u00f6ken Ay\u015fe Nazl\u0131, payla\u015f\u0131m\u0131nda \u015fu dokunakl\u0131 ifadelere yer verdi:<\/p>\n\n\n\n<p class=\"wp-block-paragraph\">&#8220;Can\u0131m babam, \u015fu son birka\u00e7 g\u00fcnde seninle ilgili o kadar g\u00fczel hikayeler, an\u0131lar dinledim ki&#8230; Seni tan\u0131yan herkesin y\u00fcz\u00fcnde bir tebess\u00fcmle anlatt\u0131\u011f\u0131 bir hat\u0131ras\u0131 var. Seninle \u00e7ok g\u00fcld\u00fck, \u00e7ok g\u00fczel zamanlar ge\u00e7irdik; bazen saatlerce dertle\u015ftik, bazen de sadece sessizce yan yana oturduk. \u015eimdi en \u00e7ok o sesini, i\u00e7ten kahkahalar\u0131n\u0131 ve bana &#8216;K\u0131z\u0131m&#8217; diye sesleni\u015fini arayaca\u011f\u0131m. Yoklu\u011funu her ge\u00e7en g\u00fcn daha derinden hissediyorum ama biliyorum ki aram\u0131zdaki sevgi ba\u011f\u0131 hi\u00e7 kopmayacak. Sen her zaman kalbimde, hat\u0131ralar\u0131mda ve \u00f6mr\u00fcm\u00fcn en \u00f6zel yerinde ya\u015fayacaks\u0131n. \u0130yi ki benim babam oldun, seni \u00e7ok seviyorum.&#8221;<\/p>\n\n\n\n<figure class=\"wp-block-image\"><img decoding=\"async\" src=\"https:\/\/foto.sondakika.com\/haber\/2026\/06\/09\/ayse-nazlidan-babasi-reha-muht-19930558-9310_1_m.jpg\" alt=\"Ay\u015fe Nazl\u0131\u2019dan babas\u0131 Reha Muhtar\u2019a duygu y\u00fckl\u00fc veda\"\/><\/figure>\n\n\n\n<p class=\"wp-block-paragraph\">Gen\u00e7 k\u0131z\u0131n bu y\u00fcrek burkan vedas\u0131, sosyal medyada k\u0131sa s\u00fcrede binlerce ki\u015fi taraf\u0131ndan payla\u015f\u0131larak Reha Muhtar sevenlerini bir kez daha h\u00fczne bo\u011fdu.<\/p>\n\n\n\n<p class=\"wp-block-paragraph\">24 ya\u015f\u0131ndaki Ay\u015fe Nazl\u0131 payla\u015f\u0131m\u0131nda babas\u0131 ile olan foto\u011fraflar\u0131na da yer verirken, en \u00e7ok bebeklik ve \u00e7ocukluk y\u0131llar\u0131na ait kareler dikkat \u00e7ekti.&nbsp;&nbsp;<\/p>\n\n\n\n<figure class=\"wp-block-image\"><img decoding=\"async\" src=\"https:\/\/foto.sondakika.com\/haber\/2026\/06\/09\/ayse-nazlidan-babasi-reha-muht-19930558-4156_1_m.jpg\" alt=\"Ay\u015fe Nazl\u0131\u2019dan babas\u0131 Reha Muhtar\u2019a duygu y\u00fckl\u00fc veda\"\/><\/figure>\n\n\n\n<figure class=\"wp-block-image\"><img decoding=\"async\" src=\"https:\/\/foto.sondakika.com\/haber\/2026\/06\/09\/ayse-nazlidan-babasi-reha-muht-19930558-9244_1_m.jpg\" alt=\"Ay\u015fe Nazl\u0131\u2019dan babas\u0131 Reha Muhtar\u2019a duygu y\u00fckl\u00fc veda\"\/><\/figure>\n","protected":false},"excerpt":{"rendered":"<p>Ge\u00e7ti\u011fimiz g\u00fcnlerde kalp yetmezli\u011fi nedeniyle aram\u0131zdan ayr\u0131lan usta televizyoncu Reha Muhtar&#8217;\u0131n k\u0131z\u0131 Ay\u015fe Nazl\u0131, babas\u0131n\u0131n&#8230;<\/p>\n","protected":false},"author":1,"featured_media":409,"comment_status":"open","ping_status":"open","sticky":false,"template":"","format":"standard","meta":{"footnotes":""},"categories":[34],"tags":[],"class_list":["post-408","post","type-post","status-publish","format-standard","has-post-thumbnail","hentry","category-magazin"],"_links":{"self":[{"href":"https:\/\/gundem44.com.tr\/index.php?rest_route=\/wp\/v2\/posts\/408","targetHints":{"allow":["GET"]}}],"collection":[{"href":"https:\/\/gundem44.com.tr\/index.php?rest_route=\/wp\/v2\/posts"}],"about":[{"href":"https:\/\/gundem44.com.tr\/index.php?rest_route=\/wp\/v2\/types\/post"}],"author":[{"embeddable":true,"href":"https:\/\/gundem44.com.tr\/index.php?rest_route=\/wp\/v2\/users\/1"}],"replies":[{"embeddable":true,"href":"https:\/\/gundem44.com.tr\/index.php?rest_route=%2Fwp%2Fv2%2Fcomments&post=408"}],"version-history":[{"count":1,"href":"https:\/\/gundem44.com.tr\/index.php?rest_route=\/wp\/v2\/posts\/408\/revisions"}],"predecessor-version":[{"id":410,"href":"https:\/\/gundem44.com.tr\/index.php?rest_route=\/wp\/v2\/posts\/408\/revisions\/410"}],"wp:featuredmedia":[{"embeddable":true,"href":"https:\/\/gundem44.com.tr\/index.php?rest_route=\/wp\/v2\/media\/409"}],"wp:attachment":[{"href":"https:\/\/gundem44.com.tr\/index.php?rest_route=%2Fwp%2Fv2%2Fmedia&parent=408"}],"wp:term":[{"taxonomy":"category","embeddable":true,"href":"https:\/\/gundem44.com.tr\/index.php?rest_route=%2Fwp%2Fv2%2Fcategories&post=408"},{"taxonomy":"post_tag","embeddable":true,"href":"https:\/\/gundem44.com.tr\/index.php?rest_route=%2Fwp%2Fv2%2Ftags&post=408"}],"curies":[{"name":"wp","href":"https:\/\/api.w.org\/{rel}","templated":true}]}}