{"id":395,"date":"2026-06-09T23:18:55","date_gmt":"2026-06-09T23:18:55","guid":{"rendered":"https:\/\/gundem44.com.tr\/?p=395"},"modified":"2026-06-09T23:18:56","modified_gmt":"2026-06-09T23:18:56","slug":"bircan-yildirimin-sosyal-medya-hesabi-icin-kapatma-karari-alindi","status":"publish","type":"post","link":"https:\/\/gundem44.com.tr\/?p=395","title":{"rendered":"Bircan Y\u0131ld\u0131r\u0131m\u2019\u0131n sosyal medya hesab\u0131 i\u00e7in kapatma karar\u0131 al\u0131nd\u0131"},"content":{"rendered":"\n<p class=\"wp-block-paragraph\">Adnan Oktar su\u00e7 \u00f6rg\u00fct\u00fcyle ba\u011flant\u0131s\u0131 bulundu\u011fu iddialar\u0131yla an\u0131lan sosyal medya i\u00e7erik \u00fcreticisi Bircan Y\u0131ld\u0131r\u0131m hakk\u0131nda y\u00fcr\u00fct\u00fclen soru\u015fturmada yeni bir geli\u015fme ya\u015fand\u0131. D\u00fcn adli kontrol \u015fart\u0131yla serbest b\u0131rak\u0131lan Y\u0131ld\u0131r\u0131m&#8217;\u0131n sosyal medya hesab\u0131 i\u00e7in Ankara Cumhuriyet Ba\u015fsavc\u0131l\u0131\u011f\u0131n\u0131n talebi do\u011frultusunda kapatma karar\u0131 al\u0131nd\u0131.<\/p>\n\n\n\n<p class=\"wp-block-paragraph\"><a href=\"https:\/\/www.sondakika.com\/adnan-oktar\/\">Adnan Oktar<\/a>&nbsp;su\u00e7 \u00f6rg\u00fct\u00fcyle ba\u011flant\u0131s\u0131 bulundu\u011fu iddialar\u0131yla an\u0131lan sosyal medya i\u00e7erik \u00fcreticisi Bircan Y\u0131ld\u0131r\u0131m hakk\u0131nda y\u00fcr\u00fct\u00fclen &#8220;sesli, yaz\u0131l\u0131 veya g\u00f6r\u00fcnt\u00fcl\u00fc bir ileti ile hakaret&#8221; soru\u015fturmas\u0131 devam ediyor.<\/p>\n\n\n\n<h3 class=\"wp-block-heading\">ADL\u0130 KONTROLLE SERBEST BIRAKILDI<\/h3>\n\n\n\n<p class=\"wp-block-paragraph\">D\u00fcn,&nbsp;&nbsp;<a href=\"https:\/\/www.sondakika.com\/ankara\/\">Ankara<\/a>&nbsp;Cumhuriyet Ba\u015fsavc\u0131l\u0131\u011f\u0131&nbsp;taraf\u0131ndan ifadesi al\u0131nan Y\u0131ld\u0131r\u0131m hakk\u0131nda adli kontrol h\u00fck\u00fcmlerinin uygulanmas\u0131 talep edildi.<\/p>\n\n\n\n<p class=\"wp-block-paragraph\">Dosyay\u0131 inceleyen Sulh Ceza Hakimli\u011fi, Bircan Y\u0131ld\u0131r\u0131m&#8217;\u0131n yurt d\u0131\u015f\u0131na \u00e7\u0131k\u0131\u015f\u0131n\u0131n yasaklanmas\u0131na ve belirli aral\u0131klarla imza vermesine y\u00f6nelik adli kontrol tedbiri uygulanmas\u0131na h\u00fckmetti.<\/p>\n\n\n\n<h3 class=\"wp-block-heading\">KAPATMA KARARI<\/h3>\n\n\n\n<p class=\"wp-block-paragraph\">\u00d6te yandan soru\u015fturmada yeni bir geli\u015fme daha ya\u015fand\u0131. Ankara Cumhuriyet Ba\u015fsavc\u0131l\u0131\u011f\u0131n\u0131n talebi \u00fczerine Y\u0131ld\u0131r\u0131m\u2019\u0131n sosyal medya hesab\u0131 hakk\u0131nda kapatma karar\u0131 al\u0131nd\u0131. Karar, ilgili eri\u015fim sa\u011flay\u0131c\u0131ya tebli\u011f edilmek \u00fczere Bilgi Teknolojileri ve \u0130leti\u015fim Kurumu\u2019na (BTK) g\u00f6nderildi.<\/p>\n","protected":false},"excerpt":{"rendered":"<p>Adnan Oktar su\u00e7 \u00f6rg\u00fct\u00fcyle ba\u011flant\u0131s\u0131 bulundu\u011fu iddialar\u0131yla an\u0131lan sosyal medya i\u00e7erik \u00fcreticisi Bircan Y\u0131ld\u0131r\u0131m hakk\u0131nda&#8230;<\/p>\n","protected":false},"author":1,"featured_media":396,"comment_status":"open","ping_status":"open","sticky":false,"template":"","format":"standard","meta":{"footnotes":""},"categories":[34],"tags":[],"class_list":["post-395","post","type-post","status-publish","format-standard","has-post-thumbnail","hentry","category-magazin"],"_links":{"self":[{"href":"https:\/\/gundem44.com.tr\/index.php?rest_route=\/wp\/v2\/posts\/395","targetHints":{"allow":["GET"]}}],"collection":[{"href":"https:\/\/gundem44.com.tr\/index.php?rest_route=\/wp\/v2\/posts"}],"about":[{"href":"https:\/\/gundem44.com.tr\/index.php?rest_route=\/wp\/v2\/types\/post"}],"author":[{"embeddable":true,"href":"https:\/\/gundem44.com.tr\/index.php?rest_route=\/wp\/v2\/users\/1"}],"replies":[{"embeddable":true,"href":"https:\/\/gundem44.com.tr\/index.php?rest_route=%2Fwp%2Fv2%2Fcomments&post=395"}],"version-history":[{"count":1,"href":"https:\/\/gundem44.com.tr\/index.php?rest_route=\/wp\/v2\/posts\/395\/revisions"}],"predecessor-version":[{"id":397,"href":"https:\/\/gundem44.com.tr\/index.php?rest_route=\/wp\/v2\/posts\/395\/revisions\/397"}],"wp:featuredmedia":[{"embeddable":true,"href":"https:\/\/gundem44.com.tr\/index.php?rest_route=\/wp\/v2\/media\/396"}],"wp:attachment":[{"href":"https:\/\/gundem44.com.tr\/index.php?rest_route=%2Fwp%2Fv2%2Fmedia&parent=395"}],"wp:term":[{"taxonomy":"category","embeddable":true,"href":"https:\/\/gundem44.com.tr\/index.php?rest_route=%2Fwp%2Fv2%2Fcategories&post=395"},{"taxonomy":"post_tag","embeddable":true,"href":"https:\/\/gundem44.com.tr\/index.php?rest_route=%2Fwp%2Fv2%2Ftags&post=395"}],"curies":[{"name":"wp","href":"https:\/\/api.w.org\/{rel}","templated":true}]}}