{"id":389,"date":"2026-06-09T10:34:33","date_gmt":"2026-06-09T10:34:33","guid":{"rendered":"https:\/\/gundem44.com.tr\/?p=389"},"modified":"2026-06-09T10:34:33","modified_gmt":"2026-06-09T10:34:33","slug":"akcadagda-deprem-sonrasi-imar-calismalari-suruyor","status":"publish","type":"post","link":"https:\/\/gundem44.com.tr\/?p=389","title":{"rendered":"Ak\u00e7ada\u011f&#8217;da Deprem Sonras\u0131 \u0130mar \u00c7al\u0131\u015fmalar\u0131 S\u00fcr\u00fcyor"},"content":{"rendered":"\n<p class=\"wp-block-paragraph\">Malatya&#8217;n\u0131n Ak\u00e7ada\u011f il\u00e7esinde 6 \u015eubat depremlerinin ard\u0131ndan kal\u0131c\u0131 konut, yol, altyap\u0131 ve \u00e7evre d\u00fczenleme \u00e7al\u0131\u015fmalar\u0131 e\u015f zamanl\u0131 devam ediyor. Belediye Ba\u015fkan\u0131 Uluta\u015f, il\u00e7enin modern ve g\u00fcvenli \u015fekilde yeniden in\u015fa edildi\u011fini belirtti.<\/p>\n\n\n\n<p class=\"wp-block-paragraph\"><a href=\"https:\/\/www.sondakika.com\/malatya\/\">Malatya<\/a>&#8216;n\u0131n&nbsp;<a href=\"https:\/\/www.sondakika.com\/akcadag\/\">Ak\u00e7ada\u011f<\/a>&nbsp;il\u00e7esinde 6 \u015eubat depremlerinin ard\u0131ndan y\u00fcr\u00fct\u00fclen yeniden in\u015fa s\u00fcrecinde kal\u0131c\u0131 konutlar\u0131n yan\u0131 s\u0131ra yol, altyap\u0131 ve \u00e7evre d\u00fczenleme \u00e7al\u0131\u015fmalar\u0131 da aral\u0131ks\u0131z devam ediyor.<\/p>\n\n\n\n<p class=\"wp-block-paragraph\">Deprem sonras\u0131 ba\u015flat\u0131lan yeniden in\u015fa ve ihya \u00e7al\u0131\u015fmalar\u0131 kapsam\u0131nda Ak\u00e7ada\u011f&#8217;da kal\u0131c\u0131 konutlar\u0131n yap\u0131m\u0131 s\u00fcrerken, il\u00e7enin genel altyap\u0131 ve \u00fcstyap\u0131 ihtiya\u00e7lar\u0131na y\u00f6nelik \u00e7al\u0131\u015fmalar da Emlak Konut taraf\u0131ndan y\u00fcr\u00fct\u00fcl\u00fcyor. \u0130l\u00e7e merkezinde asfaltlama \u00e7al\u0131\u015fmalar\u0131na ba\u015flayan ekipler, depremden etkilenen altyap\u0131n\u0131n yenilenmesi ve yeni yerle\u015fim alanlar\u0131n\u0131n ihtiya\u00e7lar\u0131n\u0131n kar\u015f\u0131lanmas\u0131 i\u00e7in yo\u011fun mesai harc\u0131yor. Yol, i\u00e7me suyu, kanalizasyon, ya\u011fmur suyu hatlar\u0131 ile \u00e7evre d\u00fczenleme \u00e7al\u0131\u015fmalar\u0131n\u0131n e\u015f zamanl\u0131 s\u00fcrd\u00fc\u011f\u00fc il\u00e7ede, yeni ya\u015fam alanlar\u0131n\u0131n modern ve g\u00fcvenli bir \u015fekilde olu\u015fturulmas\u0131 hedefleniyor.<\/p>\n\n\n\n<p class=\"wp-block-paragraph\">Ak\u00e7ada\u011f&nbsp;<a href=\"https:\/\/www.sondakika.com\/belediye\/\">Belediye<\/a>&nbsp;Ba\u015fkan\u0131 Hasan Uluta\u015f, yapt\u0131\u011f\u0131 a\u00e7\u0131klamada yeniden in\u015fa s\u00fcrecinin t\u00fcm h\u0131z\u0131yla s\u00fcrd\u00fc\u011f\u00fcn\u00fc belirtti. Deprem sonras\u0131 Ak\u00e7ada\u011f&#8217;\u0131n \u00e7ehresinin de\u011fi\u015fti\u011fini ifade eden Uluta\u015f, &#8220;6 \u015eubat depremlerinin ard\u0131ndan il\u00e7emizde ba\u015flat\u0131lan yeniden in\u015fa ve ihya \u00e7al\u0131\u015fmalar\u0131 t\u00fcm h\u0131z\u0131yla s\u00fcr\u00fcyor. Kal\u0131c\u0131 konutlar\u0131m\u0131z y\u00fckselirken altyap\u0131, yol ve \u00e7evre d\u00fczenleme \u00e7al\u0131\u015fmalar\u0131m\u0131z da e\u015f zamanl\u0131 olarak devam ediyor. Yeni bir Ak\u00e7ada\u011f in\u015fa ediliyor. \u0130l\u00e7emizi daha g\u00fcvenli, modern ve ya\u015fanabilir bir yap\u0131ya kavu\u015fturmak i\u00e7in \u00e7al\u0131\u015fmalar\u0131m\u0131z\u0131 s\u00fcrd\u00fcr\u00fcyoruz&#8221; dedi.<\/p>\n\n\n\n<p class=\"wp-block-paragraph\">Ba\u015fkan Uluta\u015f, Ak\u00e7ada\u011f&#8217;da y\u00fcr\u00fct\u00fclen \u00e7al\u0131\u015fmalara sa\u011flanan desteklerden dolay\u0131 Cumhurba\u015fkan\u0131 Recep Tayyip Erdo\u011fan,&nbsp;<a href=\"https:\/\/www.sondakika.com\/cevre\/\">\u00c7evre<\/a>, \u015eehircilik ve \u0130klim De\u011fi\u015fikli\u011fi Bakan\u0131 Murat Kurum ile il\u00e7edeki konut, altyap\u0131 ve \u00e7evre d\u00fczenleme \u00e7al\u0131\u015fmalar\u0131n\u0131 y\u00fcr\u00fcten Emlak Konut yetkililerine te\u015fekk\u00fcr etti. &#8211; MALATYA<\/p>\n","protected":false},"excerpt":{"rendered":"<p>Malatya&#8217;n\u0131n Ak\u00e7ada\u011f il\u00e7esinde 6 \u015eubat depremlerinin ard\u0131ndan kal\u0131c\u0131 konut, yol, altyap\u0131 ve \u00e7evre d\u00fczenleme \u00e7al\u0131\u015fmalar\u0131&#8230;<\/p>\n","protected":false},"author":1,"featured_media":390,"comment_status":"open","ping_status":"open","sticky":false,"template":"","format":"standard","meta":{"footnotes":""},"categories":[23],"tags":[],"class_list":["post-389","post","type-post","status-publish","format-standard","has-post-thumbnail","hentry","category-akcadag"],"_links":{"self":[{"href":"https:\/\/gundem44.com.tr\/index.php?rest_route=\/wp\/v2\/posts\/389","targetHints":{"allow":["GET"]}}],"collection":[{"href":"https:\/\/gundem44.com.tr\/index.php?rest_route=\/wp\/v2\/posts"}],"about":[{"href":"https:\/\/gundem44.com.tr\/index.php?rest_route=\/wp\/v2\/types\/post"}],"author":[{"embeddable":true,"href":"https:\/\/gundem44.com.tr\/index.php?rest_route=\/wp\/v2\/users\/1"}],"replies":[{"embeddable":true,"href":"https:\/\/gundem44.com.tr\/index.php?rest_route=%2Fwp%2Fv2%2Fcomments&post=389"}],"version-history":[{"count":1,"href":"https:\/\/gundem44.com.tr\/index.php?rest_route=\/wp\/v2\/posts\/389\/revisions"}],"predecessor-version":[{"id":391,"href":"https:\/\/gundem44.com.tr\/index.php?rest_route=\/wp\/v2\/posts\/389\/revisions\/391"}],"wp:featuredmedia":[{"embeddable":true,"href":"https:\/\/gundem44.com.tr\/index.php?rest_route=\/wp\/v2\/media\/390"}],"wp:attachment":[{"href":"https:\/\/gundem44.com.tr\/index.php?rest_route=%2Fwp%2Fv2%2Fmedia&parent=389"}],"wp:term":[{"taxonomy":"category","embeddable":true,"href":"https:\/\/gundem44.com.tr\/index.php?rest_route=%2Fwp%2Fv2%2Fcategories&post=389"},{"taxonomy":"post_tag","embeddable":true,"href":"https:\/\/gundem44.com.tr\/index.php?rest_route=%2Fwp%2Fv2%2Ftags&post=389"}],"curies":[{"name":"wp","href":"https:\/\/api.w.org\/{rel}","templated":true}]}}