{"id":386,"date":"2026-06-09T10:33:17","date_gmt":"2026-06-09T10:33:17","guid":{"rendered":"https:\/\/gundem44.com.tr\/?p=386"},"modified":"2026-06-09T10:33:17","modified_gmt":"2026-06-09T10:33:17","slug":"malatyada-konteyner-ofis-yangini","status":"publish","type":"post","link":"https:\/\/gundem44.com.tr\/?p=386","title":{"rendered":"Malatya&#8217;da Konteyner Ofis Yang\u0131n\u0131"},"content":{"rendered":"\n<p class=\"wp-block-paragraph\">Malatya&#8217;da avukatlar\u0131n konteyner ofislerinin bulundu\u011fu alanda yang\u0131n \u00e7\u0131kt\u0131, \u00e7ok say\u0131da konteyner zarar g\u00f6rd\u00fc.<\/p>\n\n\n\n<p class=\"wp-block-paragraph\"><a href=\"https:\/\/www.sondakika.com\/malatya\/\">Malatya<\/a>&#8216;da avukatlar\u0131n faaliyet g\u00f6sterdi\u011fi konteyner ofislerin bulundu\u011fu alanda \u00e7\u0131kan yang\u0131nda \u00e7ok say\u0131da konteyner kullan\u0131lamaz hale geldi.<\/p>\n\n\n\n<p class=\"wp-block-paragraph\">Olay, saat 02.45 s\u0131ralar\u0131nda Malatya-Ankara Karayolu \u00fczeri Ye\u015filyurt il\u00e7esi Yak\u0131nca Mahallesi&#8217;nde meydana geldi. Edinilen bilgilere g\u00f6re, avukatlar\u0131n hukuk ofisi olarak kulland\u0131\u011f\u0131 konteynerlerin bulundu\u011fu alanda hen\u00fcz belirlenemeyen bir nedenle yang\u0131n \u00e7\u0131kt\u0131. K\u0131sa s\u00fcrede b\u00fcy\u00fcyen alevler yan yana bulunan di\u011fer konteynerlere de s\u0131\u00e7rad\u0131. \u0130hbar \u00fczerine olay yerine polis ve itfaiye ekipleri sevk edildi. Yang\u0131na m\u00fcdahale eden ekipler yakla\u015f\u0131k 45 dakika s\u00fcren \u00e7al\u0131\u015fman\u0131n ard\u0131ndan alevleri kontrol alt\u0131na alarak s\u00f6nd\u00fcrd\u00fc.<\/p>\n\n\n\n<p class=\"wp-block-paragraph\">Yaralanan\u0131n olmad\u0131\u011f\u0131 olayda \u00e7ok say\u0131da konteyner kullan\u0131lamaz hale gelirken olayla ilgili inceleme ba\u015flat\u0131ld\u0131. &#8211; MALATYA<\/p>\n","protected":false},"excerpt":{"rendered":"<p>Malatya&#8217;da avukatlar\u0131n konteyner ofislerinin bulundu\u011fu alanda yang\u0131n \u00e7\u0131kt\u0131, \u00e7ok say\u0131da konteyner zarar g\u00f6rd\u00fc. Malatya&#8216;da avukatlar\u0131n&#8230;<\/p>\n","protected":false},"author":1,"featured_media":387,"comment_status":"open","ping_status":"open","sticky":false,"template":"","format":"standard","meta":{"footnotes":""},"categories":[14],"tags":[],"class_list":["post-386","post","type-post","status-publish","format-standard","has-post-thumbnail","hentry","category-son-dakika"],"_links":{"self":[{"href":"https:\/\/gundem44.com.tr\/index.php?rest_route=\/wp\/v2\/posts\/386","targetHints":{"allow":["GET"]}}],"collection":[{"href":"https:\/\/gundem44.com.tr\/index.php?rest_route=\/wp\/v2\/posts"}],"about":[{"href":"https:\/\/gundem44.com.tr\/index.php?rest_route=\/wp\/v2\/types\/post"}],"author":[{"embeddable":true,"href":"https:\/\/gundem44.com.tr\/index.php?rest_route=\/wp\/v2\/users\/1"}],"replies":[{"embeddable":true,"href":"https:\/\/gundem44.com.tr\/index.php?rest_route=%2Fwp%2Fv2%2Fcomments&post=386"}],"version-history":[{"count":1,"href":"https:\/\/gundem44.com.tr\/index.php?rest_route=\/wp\/v2\/posts\/386\/revisions"}],"predecessor-version":[{"id":388,"href":"https:\/\/gundem44.com.tr\/index.php?rest_route=\/wp\/v2\/posts\/386\/revisions\/388"}],"wp:featuredmedia":[{"embeddable":true,"href":"https:\/\/gundem44.com.tr\/index.php?rest_route=\/wp\/v2\/media\/387"}],"wp:attachment":[{"href":"https:\/\/gundem44.com.tr\/index.php?rest_route=%2Fwp%2Fv2%2Fmedia&parent=386"}],"wp:term":[{"taxonomy":"category","embeddable":true,"href":"https:\/\/gundem44.com.tr\/index.php?rest_route=%2Fwp%2Fv2%2Fcategories&post=386"},{"taxonomy":"post_tag","embeddable":true,"href":"https:\/\/gundem44.com.tr\/index.php?rest_route=%2Fwp%2Fv2%2Ftags&post=386"}],"curies":[{"name":"wp","href":"https:\/\/api.w.org\/{rel}","templated":true}]}}