{"id":383,"date":"2026-06-09T10:32:03","date_gmt":"2026-06-09T10:32:03","guid":{"rendered":"https:\/\/gundem44.com.tr\/?p=383"},"modified":"2026-06-09T10:32:03","modified_gmt":"2026-06-09T10:32:03","slug":"yesilyurtta-gonulleri-bulusturan-gece-celal-karature-konserine-yogun-ilgi","status":"publish","type":"post","link":"https:\/\/gundem44.com.tr\/?p=383","title":{"rendered":"Ye\u015filyurt\u2019ta g\u00f6n\u00fclleri bulu\u015fturan gece: Celal Karat\u00fcre konserine yo\u011fun ilgi"},"content":{"rendered":"\n<p class=\"wp-block-paragraph\">Ye\u015filyurt Belediyesi taraf\u0131ndan Malatya 100. Y\u0131l Kent Park\u0131\u2019nda d\u00fczenlenen Celal Karat\u00fcre \u0130lahi Konseri, binlerce vatanda\u015f\u0131 ayn\u0131 manevi atmosferde bulu\u015fturdu. Mehteran g\u00f6sterileri, \u00e7ocuklar\u0131n sahne performanslar\u0131 ve ilahilerle renklenen programda birlik, beraberlik ve karde\u015flik mesajlar\u0131 \u00f6n plana \u00e7\u0131kt\u0131.<\/p>\n\n\n\n<p class=\"wp-block-paragraph\"><a href=\"https:\/\/www.sondakika.com\/yesilyurt\/\">Ye\u015filyurt<\/a>&nbsp;Belediyesi taraf\u0131ndan organize edilen Celal Karat\u00fcre \u0130lahi Konseri,&nbsp;<a href=\"https:\/\/www.sondakika.com\/malatya\/\">Malatya<\/a>&nbsp;100. Y\u0131l Kent Park\u0131\u2019nda yo\u011fun kat\u0131l\u0131mla ger\u00e7ekle\u015ftirildi. Her ya\u015ftan vatanda\u015f\u0131n ilgi g\u00f6sterdi\u011fi programda manevi atmosfer h\u00e2kim olurken, \u00e7ocuklar ve gen\u00e7lerin yo\u011fun kat\u0131l\u0131m\u0131 geceye ayr\u0131 bir anlam katt\u0131. Birlik, beraberlik ve karde\u015flik duygular\u0131n\u0131n \u00f6n plana \u00e7\u0131kt\u0131\u011f\u0131 etkinlik, kat\u0131l\u0131mc\u0131lara unutulmaz anlar ya\u015fatt\u0131.&nbsp;Ye\u015filyurt Belediye Ba\u015fkan\u0131 Prof. Dr. \u0130lhan Ge\u00e7it\u2019in ev sahipli\u011finde d\u00fczenlenen program, Kur\u2019an-\u0131 Kerim tilavetiyle ba\u015flad\u0131. Ard\u0131ndan ger\u00e7ekle\u015ftirilen etkinlikler ve ilahi dinletileriyle gece boyunca vatanda\u015flar hem manevi hem de sosyal a\u00e7\u0131dan anlaml\u0131 bir bulu\u015fmaya tan\u0131kl\u0131k etti.<\/p>\n\n\n\n<figure class=\"wp-block-image\"><img decoding=\"async\" src=\"https:\/\/foto.sondakika.com\/haber\/2026\/06\/09\/yesilyurtta-gonulleri-bulustur-25376192-6916_1_m.jpg\" alt=\"Ye\u015filyurt\u2019ta g\u00f6n\u00fclleri bulu\u015fturan gece: Celal Karat\u00fcre konserine yo\u011fun ilgi\"\/><\/figure>\n\n\n\n<h3 class=\"wp-block-heading\">MEHTERAN G\u00d6STER\u0130S\u0130 VE M\u0130N\u0130KLER\u0130N PERFORMANSI GECEYE DAMGA VURDU<\/h3>\n\n\n\n<p class=\"wp-block-paragraph\">Program\u0131n ilk b\u00f6l\u00fcm\u00fcnde sahne alan mehteran tak\u0131m\u0131, tarihi ezgiler e\u015fli\u011finde sergiledi\u011fi g\u00f6steriyle vatanda\u015flardan b\u00fcy\u00fck alk\u0131\u015f ald\u0131. Milli ve manevi duygular\u0131n \u00f6n plana \u00e7\u0131kt\u0131\u011f\u0131 mehter g\u00f6sterisi, geceye anlam katan etkinliklerin ba\u015f\u0131nda yer ald\u0131.&nbsp;Daha sonra sahneye \u00e7\u0131kan 4-6 Ya\u015f Erdem Okulu \u00f6\u011frencileri ise haz\u0131rlad\u0131klar\u0131 ilahi dinletileri ve semazen g\u00f6sterileriyle izleyenlerin be\u011fenisini kazand\u0131. Minik \u00f6\u011frencilerin sahnedeki performans\u0131 hem ailelerden hem de kat\u0131l\u0131mc\u0131lardan tam not ald\u0131. \u00c7ocuklar\u0131n sergiledi\u011fi g\u00f6steriler, program\u0131n en duygusal ve en \u00e7ok ilgi g\u00f6ren b\u00f6l\u00fcmleri aras\u0131nda yer ald\u0131.<\/p>\n\n\n\n<h3 class=\"wp-block-heading\">B\u0130NLERCE K\u0130\u015e\u0130 CELAL KARAT\u00dcRE\u2019N\u0130N \u0130LAH\u0130LER\u0130NDE TEK Y\u00dcREK OLDU<\/h3>\n\n\n\n<p class=\"wp-block-paragraph\">Gecenin en \u00e7ok beklenen an\u0131 ise sevilen ilahi sanat\u00e7\u0131s\u0131 Celal Karat\u00fcre\u2019nin sahneye \u00e7\u0131kmas\u0131yla ya\u015fand\u0131. Birbirinden sevilen ilahileri seslendiren Karat\u00fcre, g\u00fc\u00e7l\u00fc yorumu ve sahne performans\u0131yla vatanda\u015flara manevi bir yolculuk ya\u015fatt\u0131.&nbsp;Alan\u0131 dolduran binlerce ki\u015fi, sanat\u00e7\u0131n\u0131n seslendirdi\u011fi ilahilere hep bir a\u011f\u0131zdan e\u015flik etti. \u00d6zellikle \u00e7ocuklar\u0131n ve gen\u00e7lerin yo\u011fun ilgi g\u00f6sterdi\u011fi konserde sahne \u00f6n\u00fcnde renkli g\u00f6r\u00fcnt\u00fcler olu\u015ftu. Vatanda\u015flar, ilahilere e\u015flik ederek gece boyunca manevi atmosferi birlikte ya\u015fad\u0131.&nbsp;Konser boyunca olu\u015fan birlik ve beraberlik tablosu dikkat \u00e7ekerken, aileler de \u00e7ocuklar\u0131yla birlikte anlaml\u0131 bir ak\u015fam ge\u00e7irmenin mutlulu\u011funu ya\u015fad\u0131. Programa kat\u0131lan vatanda\u015flar, bu t\u00fcr etkinliklerin toplumsal de\u011ferlerin ya\u015fat\u0131lmas\u0131 a\u00e7\u0131s\u0131ndan \u00f6nemli oldu\u011funu belirterek Ye\u015filyurt Belediyesine te\u015fekk\u00fcr etti.<\/p>\n\n\n\n<figure class=\"wp-block-image\"><img decoding=\"async\" src=\"https:\/\/foto.sondakika.com\/haber\/2026\/06\/09\/yesilyurtta-gonulleri-bulustur-50365290-5944_1_m.jpg\" alt=\"Ye\u015filyurt\u2019ta g\u00f6n\u00fclleri bulu\u015fturan gece: Celal Karat\u00fcre konserine yo\u011fun ilgi\"\/><\/figure>\n\n\n\n<h3 class=\"wp-block-heading\">BA\u015eKAN GE\u00c7\u0130T: \u201cGEN\u00c7LER\u0130M\u0130Z\u0130N MANEV\u0130 DE\u011eERLERLE YET\u0130\u015eMES\u0130 EN B\u00dcY\u00dcK HEDEF\u0130M\u0130Z\u201d<\/h3>\n\n\n\n<p class=\"wp-block-paragraph\">Programda konu\u015fan Ye\u015filyurt Belediye Ba\u015fkan\u0131 Prof. Dr. \u0130lhan Ge\u00e7it, b\u00f6ylesine anlaml\u0131 bir organizasyona ev sahipli\u011fi yapmaktan duydu\u011fu memnuniyeti dile getirdi. Gen\u00e7lerin ve \u00e7ocuklar\u0131n milli ve manevi de\u011ferlerle yeti\u015fmesinin \u00f6nemine vurgu yapan Ge\u00e7it, belediye olarak bu alandaki \u00e7al\u0131\u015fmalara \u00f6zel \u00f6nem verdiklerini s\u00f6yledi.&nbsp;Ba\u015fkan Ge\u00e7it, \u201cGen\u00e7lerimizin ve \u00e7ocuklar\u0131m\u0131z\u0131n dini, milli ve manevi de\u011ferlerine sahip \u00e7\u0131kmas\u0131, bu de\u011ferlerle b\u00fcy\u00fcmesi bizim en b\u00fcy\u00fck hedeflerimizden biridir. \u00c7ocuklar\u0131m\u0131z dinini en iyi \u015fekilde bilecek, Kur\u2019an-\u0131 Kerim\u2019i okuyacak ve manevi d\u00fcnyalar\u0131n\u0131 zenginle\u015ftirecekler. Bizler de bunun i\u00e7in m\u00fccadele ediyor ve bu alandaki \u00e7al\u0131\u015fmalar\u0131 destekliyoruz\u201d dedi.&nbsp;Konser sonunda Ba\u015fkan Ge\u00e7it taraf\u0131ndan sanat\u00e7\u0131 Celal Karat\u00fcre\u2019ye kay\u0131s\u0131 paketi ve tablo hediye edildi. G\u00f6rd\u00fc\u011f\u00fc yo\u011fun ilgiden dolay\u0131 te\u015fekk\u00fcr eden Karat\u00fcre ise, \u201cHayat\u0131mda ilk kez b\u00f6ylesine b\u00fcy\u00fck bir kalabal\u0131\u011f\u0131n \u00f6n\u00fcne \u00e7\u0131k\u0131yorum, \u00e7ok heyecanl\u0131y\u0131m ve mutluyum. Bizleri Malatyal\u0131larla bulu\u015fturan Ye\u015filyurt Belediye Ba\u015fkan\u0131m\u0131z Prof. Dr. \u0130lhan Ge\u00e7it\u2019e ve yo\u011fun ilgi g\u00f6steren t\u00fcm Malatyal\u0131lara sonsuz \u015f\u00fckranlar\u0131m\u0131 sunuyorum\u201d ifadelerini kulland\u0131.&nbsp;Malatya B\u00fcy\u00fck\u015fehir Belediye Ba\u015fkan\u0131 Sami Er\u2019in de vatanda\u015flarla birlikte takip etti\u011fi program, yap\u0131lan dualar ve seslendirilen ilahilerle sona erdi. Yo\u011fun kat\u0131l\u0131m ve g\u00fc\u00e7l\u00fc manevi atmosferiyle dikkat \u00e7eken etkinlik, Malatya\u2019n\u0131n sosyal ve k\u00fclt\u00fcrel hayat\u0131na de\u011fer katan organizasyonlardan biri olarak haf\u0131zalarda yer etti.<\/p>\n","protected":false},"excerpt":{"rendered":"<p>Ye\u015filyurt Belediyesi taraf\u0131ndan Malatya 100. Y\u0131l Kent Park\u0131\u2019nda d\u00fczenlenen Celal Karat\u00fcre \u0130lahi Konseri, binlerce vatanda\u015f\u0131&#8230;<\/p>\n","protected":false},"author":1,"featured_media":384,"comment_status":"open","ping_status":"open","sticky":false,"template":"","format":"standard","meta":{"footnotes":""},"categories":[20],"tags":[],"class_list":["post-383","post","type-post","status-publish","format-standard","has-post-thumbnail","hentry","category-yesilyurt"],"_links":{"self":[{"href":"https:\/\/gundem44.com.tr\/index.php?rest_route=\/wp\/v2\/posts\/383","targetHints":{"allow":["GET"]}}],"collection":[{"href":"https:\/\/gundem44.com.tr\/index.php?rest_route=\/wp\/v2\/posts"}],"about":[{"href":"https:\/\/gundem44.com.tr\/index.php?rest_route=\/wp\/v2\/types\/post"}],"author":[{"embeddable":true,"href":"https:\/\/gundem44.com.tr\/index.php?rest_route=\/wp\/v2\/users\/1"}],"replies":[{"embeddable":true,"href":"https:\/\/gundem44.com.tr\/index.php?rest_route=%2Fwp%2Fv2%2Fcomments&post=383"}],"version-history":[{"count":1,"href":"https:\/\/gundem44.com.tr\/index.php?rest_route=\/wp\/v2\/posts\/383\/revisions"}],"predecessor-version":[{"id":385,"href":"https:\/\/gundem44.com.tr\/index.php?rest_route=\/wp\/v2\/posts\/383\/revisions\/385"}],"wp:featuredmedia":[{"embeddable":true,"href":"https:\/\/gundem44.com.tr\/index.php?rest_route=\/wp\/v2\/media\/384"}],"wp:attachment":[{"href":"https:\/\/gundem44.com.tr\/index.php?rest_route=%2Fwp%2Fv2%2Fmedia&parent=383"}],"wp:term":[{"taxonomy":"category","embeddable":true,"href":"https:\/\/gundem44.com.tr\/index.php?rest_route=%2Fwp%2Fv2%2Fcategories&post=383"},{"taxonomy":"post_tag","embeddable":true,"href":"https:\/\/gundem44.com.tr\/index.php?rest_route=%2Fwp%2Fv2%2Ftags&post=383"}],"curies":[{"name":"wp","href":"https:\/\/api.w.org\/{rel}","templated":true}]}}