{"id":375,"date":"2026-06-09T10:27:24","date_gmt":"2026-06-09T10:27:24","guid":{"rendered":"https:\/\/gundem44.com.tr\/?p=375"},"modified":"2026-06-09T10:27:24","modified_gmt":"2026-06-09T10:27:24","slug":"baskan-er-arslantepe-yari-maratonu-malatyanin-yeniden-ayaga-kalkisinin-sembolu-olacak","status":"publish","type":"post","link":"https:\/\/gundem44.com.tr\/?p=375","title":{"rendered":"Ba\u015fkan Er: Arslantepe Yar\u0131 Maratonu, Malatya\u2019n\u0131n yeniden aya\u011fa kalk\u0131\u015f\u0131n\u0131n sembol\u00fc olacak"},"content":{"rendered":"\n<p class=\"wp-block-paragraph\">Malatya B\u00fcy\u00fck\u015fehir Belediyesi ile T\u00fcrkiye Atletizm Federasyonu i\u015f birli\u011finde d\u00fczenlenecek Uluslararas\u0131 Malatya Arslantepe Yar\u0131 Maratonu i\u00e7in geri say\u0131m ba\u015flad\u0131. B\u00fcy\u00fck\u015fehir Belediye Ba\u015fkan\u0131 Sami Er, organizasyonun yaln\u0131zca bir spor etkinli\u011fi olmad\u0131\u011f\u0131n\u0131, deprem sonras\u0131 yeniden aya\u011fa kalkan Malatya\u2019n\u0131n d\u00fcnyaya verdi\u011fi g\u00fc\u00e7l\u00fc bir mesaj oldu\u011funu s\u00f6yledi.<\/p>\n\n\n\n<p class=\"wp-block-paragraph\"><a href=\"https:\/\/www.sondakika.com\/malatya-buyuksehir-belediyesi\/\">Malatya B\u00fcy\u00fck\u015fehir Belediyesi<\/a>&nbsp;ile T\u00fcrkiye Atletizm Federasyonu i\u015f birli\u011finde ger\u00e7ekle\u015ftirilecek olan Uluslararas\u0131 Malatya Arslantepe Yar\u0131 Maratonu \u00f6ncesinde Arslantepe H\u00f6y\u00fc\u011f\u00fc\u2019nde tan\u0131t\u0131m toplant\u0131s\u0131 d\u00fczenlendi. Toplant\u0131ya Malatya Valisi Seddar Yavuz, B\u00fcy\u00fck\u015fehir Belediye Ba\u015fkan\u0131&nbsp;<a href=\"https:\/\/www.sondakika.com\/sami-er\/\">Sami Er<\/a>, Battalgazi Belediye Ba\u015fkan\u0131 Bayram Ta\u015fk\u0131n ve Ye\u015filyurt Belediye Ba\u015fkan\u0131 Prof. Dr. \u0130lhan Ge\u00e7it kat\u0131ld\u0131.&nbsp;Bas\u0131n toplant\u0131s\u0131nda konu\u015fan B\u00fcy\u00fck\u015fehir Belediye Ba\u015fkan\u0131 Sami Er, 6 \u015eubat depremlerinin ard\u0131ndan Malatya\u2019n\u0131n g\u00fc\u00e7l\u00fc bir yeniden yap\u0131lanma s\u00fcrecine girdi\u011fini belirterek, \u015fehrin yaln\u0131zca fiziki olarak de\u011fil, sosyal, k\u00fclt\u00fcrel ve sportif alanlarda da yeniden aya\u011fa kalkt\u0131\u011f\u0131n\u0131 ifade etti. Er, ger\u00e7ekle\u015ftirilen organizasyonlar\u0131n Malatya\u2019n\u0131n yeniden y\u00fckseli\u015finin en somut g\u00f6stergelerinden biri oldu\u011funu s\u00f6yledi.<\/p>\n\n\n\n<figure class=\"wp-block-image\"><img decoding=\"async\" src=\"https:\/\/foto.sondakika.com\/haber\/2026\/06\/09\/baskan-er-arslantepe-yari-mara-26263203-6811_1_m.jpg\" alt=\"Ba\u015fkan Er: Arslantepe Yar\u0131 Maratonu, Malatya\u2019n\u0131n yeniden aya\u011fa kalk\u0131\u015f\u0131n\u0131n sembol\u00fc olacak\"\/><\/figure>\n\n\n\n<h3 class=\"wp-block-heading\">ARSLANTEPE\u2019N\u0130N TAR\u0130H\u0130 M\u0130RASI SPORLA BULU\u015eACAK<\/h3>\n\n\n\n<p class=\"wp-block-paragraph\">UNESCO D\u00fcnya Miras\u0131 Listesi\u2019nde yer alan Arslantepe H\u00f6y\u00fc\u011f\u00fc\u2019n\u00fcn insanl\u0131k tarihinin en \u00f6nemli k\u00fclt\u00fcrel miraslar\u0131ndan biri oldu\u011funu vurgulayan Ba\u015fkan Sami Er, bu kadim de\u011ferin ad\u0131n\u0131 uluslararas\u0131 bir spor organizasyonuyla bulu\u015fturmaktan b\u00fcy\u00fck gurur duyduklar\u0131n\u0131 ifade etti.&nbsp;Maratonun Malatya\u2019n\u0131n tarihi, k\u00fclt\u00fcrel ve turizm potansiyelinin tan\u0131t\u0131m\u0131na \u00f6nemli katk\u0131lar sa\u011flayaca\u011f\u0131n\u0131 belirten Er, organizasyonun Malatya Valili\u011fi, B\u00fcy\u00fck\u015fehir Belediyesi, T\u00fcrkiye Atletizm Federasyonu, Battalgazi ve Ye\u015filyurt belediyeleri ile di\u011fer payda\u015flar\u0131n i\u015f birli\u011fiyle hayata ge\u00e7irildi\u011fini s\u00f6yledi.&nbsp;Uluslararas\u0131 Malatya Arslantepe Yar\u0131 Maratonu\u2019nun 21 kilometrelik yar\u0131 maraton, 10 kilometrelik ko\u015fu ve 4,2 kilometrelik halk ko\u015fusu olmak \u00fczere \u00fc\u00e7 farkl\u0131 kategoride d\u00fczenlenece\u011fini aktaran Ba\u015fkan Er, T\u00fcrkiye\u2019nin yan\u0131 s\u0131ra Rusya, Etiyopya, Meksika, Romanya ve G\u00fcrcistan\u2019dan profesyonel sporcular\u0131n da organizasyona kat\u0131laca\u011f\u0131n\u0131 a\u00e7\u0131klad\u0131. 21 ve 10 kilometrelik yar\u0131\u015flar i\u00e7in 500 milli ve lisansl\u0131 atletin kay\u0131t yapt\u0131rd\u0131\u011f\u0131n\u0131 belirten Er, halk ko\u015fusuna y\u00f6nelik kay\u0131tlar\u0131n ise devam etti\u011fini kaydetti.<\/p>\n\n\n\n<h3 class=\"wp-block-heading\">\u201cBU MARATON MALATYA\u2019NIN GELECE\u011eE Y\u00dcR\u00dcY\u00dc\u015e\u00dcN\u00dcN G\u00dc\u00c7L\u00dc B\u0130R SEMBOL\u00dc\u201d<\/h3>\n\n\n\n<p class=\"wp-block-paragraph\">Uluslararas\u0131 Arslantepe Yar\u0131 Maratonu\u2019nun \u015fehir i\u00e7in ta\u015f\u0131d\u0131\u011f\u0131 anlam\u0131n \u00e7ok daha b\u00fcy\u00fck oldu\u011funu ifade eden Ba\u015fkan Sami Er, \u201c&nbsp;<a href=\"https:\/\/www.sondakika.com\/deprem\/\">Deprem<\/a>&nbsp;sonras\u0131 aya\u011fa kalkan Malatya\u2019m\u0131z\u0131n sahip oldu\u011fu enerjiyi, umudu ve kararl\u0131l\u0131\u011f\u0131 bu t\u00fcr organizasyonlarla t\u00fcm T\u00fcrkiye\u2019ye ve d\u00fcnyaya g\u00f6stermeye devam ediyoruz. Sporun birle\u015ftirici g\u00fcc\u00fcyle hem \u015fehrimizin tan\u0131t\u0131m\u0131n\u0131 yap\u0131yor hem de sa\u011fl\u0131kl\u0131 ya\u015fam k\u00fclt\u00fcr\u00fcn\u00fcn yayg\u0131nla\u015fmas\u0131na katk\u0131 sunuyoruz. Bu maraton sadece kilometrelerin ko\u015fuldu\u011fu bir yar\u0131\u015f de\u011fil, Malatya\u2019n\u0131n yeniden aya\u011fa kalk\u0131\u015f\u0131n\u0131n ve gelece\u011fe g\u00fcvenle y\u00fcr\u00fcy\u00fc\u015f\u00fcn\u00fcn de g\u00fc\u00e7l\u00fc bir sembol\u00fcd\u00fcr\u201d dedi.&nbsp;Malatya Valisi Seddar Yavuz da organizasyonun \u015fehir a\u00e7\u0131s\u0131ndan b\u00fcy\u00fck \u00f6nem ta\u015f\u0131d\u0131\u011f\u0131n\u0131 belirterek, yeniden imar ve ihya s\u00fcrecini ba\u015far\u0131yla s\u00fcrd\u00fcren Malatya\u2019n\u0131n art\u0131k ticaret, turizm, spor ve k\u00fclt\u00fcrel faaliyetlerle daha g\u00fc\u00e7l\u00fc \u015fekilde \u00f6ne \u00e7\u0131kaca\u011f\u0131n\u0131 s\u00f6yledi. Vali Yavuz, maratonun \u015fehrin ulusal ve uluslararas\u0131 d\u00fczeyde tan\u0131t\u0131m\u0131na \u00f6nemli katk\u0131lar sunaca\u011f\u0131n\u0131 ifade etti.&nbsp;Ye\u015filyurt Belediye Ba\u015fkan\u0131 Prof. Dr. \u0130lhan Ge\u00e7it ise Malatya\u2019n\u0131n iki y\u0131l gibi k\u0131sa bir s\u00fcrede \u00f6nemli bir toparlanma s\u00fcreci ya\u015fad\u0131\u011f\u0131n\u0131 belirterek, spor organizasyonlar\u0131n\u0131n \u015fehrin geli\u015fimine katk\u0131 sundu\u011funu s\u00f6yledi. Battalgazi Belediye Ba\u015fkan\u0131 Bayram Ta\u015fk\u0131n da Arslantepe\u2019nin yaln\u0131zca Malatya\u2019n\u0131n de\u011fil insanl\u0131k tarihinin ortak miras\u0131 oldu\u011funu vurgulayarak, organizasyonun \u015fehrin marka de\u011ferine katk\u0131 sa\u011flayaca\u011f\u0131n\u0131 dile getirdi.&nbsp;7 Haziran\u2019da ger\u00e7ekle\u015ftirilecek Uluslararas\u0131 Malatya Arslantepe Yar\u0131 Maratonu\u2019nun binlerce sporseveri bir araya getirmesi beklenirken, organizasyonun ilerleyen y\u0131llarda geleneksel hale getirilmesi hedefleniyor.<\/p>\n","protected":false},"excerpt":{"rendered":"<p>Malatya B\u00fcy\u00fck\u015fehir Belediyesi ile T\u00fcrkiye Atletizm Federasyonu i\u015f birli\u011finde d\u00fczenlenecek Uluslararas\u0131 Malatya Arslantepe Yar\u0131 Maratonu&#8230;<\/p>\n","protected":false},"author":1,"featured_media":376,"comment_status":"open","ping_status":"open","sticky":false,"template":"","format":"standard","meta":{"footnotes":""},"categories":[1],"tags":[],"class_list":["post-375","post","type-post","status-publish","format-standard","has-post-thumbnail","hentry","category-malatya-gundemi"],"_links":{"self":[{"href":"https:\/\/gundem44.com.tr\/index.php?rest_route=\/wp\/v2\/posts\/375","targetHints":{"allow":["GET"]}}],"collection":[{"href":"https:\/\/gundem44.com.tr\/index.php?rest_route=\/wp\/v2\/posts"}],"about":[{"href":"https:\/\/gundem44.com.tr\/index.php?rest_route=\/wp\/v2\/types\/post"}],"author":[{"embeddable":true,"href":"https:\/\/gundem44.com.tr\/index.php?rest_route=\/wp\/v2\/users\/1"}],"replies":[{"embeddable":true,"href":"https:\/\/gundem44.com.tr\/index.php?rest_route=%2Fwp%2Fv2%2Fcomments&post=375"}],"version-history":[{"count":1,"href":"https:\/\/gundem44.com.tr\/index.php?rest_route=\/wp\/v2\/posts\/375\/revisions"}],"predecessor-version":[{"id":377,"href":"https:\/\/gundem44.com.tr\/index.php?rest_route=\/wp\/v2\/posts\/375\/revisions\/377"}],"wp:featuredmedia":[{"embeddable":true,"href":"https:\/\/gundem44.com.tr\/index.php?rest_route=\/wp\/v2\/media\/376"}],"wp:attachment":[{"href":"https:\/\/gundem44.com.tr\/index.php?rest_route=%2Fwp%2Fv2%2Fmedia&parent=375"}],"wp:term":[{"taxonomy":"category","embeddable":true,"href":"https:\/\/gundem44.com.tr\/index.php?rest_route=%2Fwp%2Fv2%2Fcategories&post=375"},{"taxonomy":"post_tag","embeddable":true,"href":"https:\/\/gundem44.com.tr\/index.php?rest_route=%2Fwp%2Fv2%2Ftags&post=375"}],"curies":[{"name":"wp","href":"https:\/\/api.w.org\/{rel}","templated":true}]}}