{"id":372,"date":"2026-06-09T10:25:58","date_gmt":"2026-06-09T10:25:58","guid":{"rendered":"https:\/\/gundem44.com.tr\/?p=372"},"modified":"2026-06-09T10:25:59","modified_gmt":"2026-06-09T10:25:59","slug":"ogrenciler-atik-malzemelerle-ucak-maketleri-yapti","status":"publish","type":"post","link":"https:\/\/gundem44.com.tr\/?p=372","title":{"rendered":"\u00d6\u011frenciler At\u0131k Malzemelerle U\u00e7ak Maketleri Yapt\u0131"},"content":{"rendered":"\n<p class=\"wp-block-paragraph\">Malatya&#8217;daki Sakarya Ortaokulu \u00f6\u011frencileri at\u0131k malzemelerden KAAN, ANKA ve K\u0131z\u0131lelma maketleri yapt\u0131.<\/p>\n\n\n\n<p class=\"wp-block-paragraph\">MALATYA&#8217;n\u0131n Hekimhan il\u00e7esindeki&nbsp;<a href=\"https:\/\/www.sondakika.com\/sakarya\/\">Sakarya<\/a>&nbsp;Ortaokulu 8&#8217;inci s\u0131n\u0131f \u00f6\u011frencileri at\u0131k malzemelerden KAAN, ANKA ve&nbsp;<a href=\"https:\/\/www.sondakika.com\/kizilelma\/\">K\u0131z\u0131lelma<\/a>&#8216;n\u0131n maketlerini yapt\u0131. \u00d6\u011frenciler, yapt\u0131klar\u0131 maketlerin canl\u0131s\u0131n\u0131 g\u00f6rmek istediklerini belirtti.<\/p>\n\n\n\n<p class=\"wp-block-paragraph\">Sakarya Ortaokulu 8&#8217;inci s\u0131n\u0131f \u00f6\u011frencileri televizyondaki haberlerden etkilenerek KAAN, ANKA ve K\u0131z\u0131lelma&#8217;n\u0131n maketlerini yapmak istedi. \u00d6\u011frenciler, maketleri yapmak i\u00e7in \u00f6\u011fretmenleri Ersin Co\u015fkun ile fikirlerini payla\u015ft\u0131ktan sonra \u00e7al\u0131\u015fmaya ba\u015flad\u0131. At\u0131k malzemelerle y\u00fcr\u00fct\u00fclen proje ile u\u00e7aklar\u0131n i\u00e7 taraflar\u0131nda gazete, ka\u011f\u0131t, \u015feffaf po\u015fetler, d\u0131\u015f\u0131nda ise at\u0131k tahtalar ve tekerlekler kullan\u0131ld\u0131. 4 ayda tamamlanan \u00e7al\u0131\u015fmalar\u0131n ard\u0131ndan u\u00e7aklar okul bah\u00e7esinde kendilerinden \u00f6\u011frenciler ve vatanda\u015flar i\u00e7in sergileniyor.<\/p>\n\n\n\n<p class=\"wp-block-paragraph\">At\u0131k malzemeleri tekrar \u00fcretime kazand\u0131rmay\u0131 ama\u00e7lad\u0131klar\u0131n\u0131 belirten proje dan\u0131\u015fman \u00f6\u011fretmeni Ersin Co\u015fkun, &#8220;Milli teknoloji, milli yaz\u0131l\u0131m, milli \u00fcretim diyerek silah savunma sanayisini \u00f6rnek ald\u0131k. Bu ama\u00e7la yola \u00e7\u0131karak, KAAN ve ANKA milli muharip u\u00e7a\u011f\u0131m\u0131z ile K\u0131z\u0131lelma insans\u0131z hava arac\u0131m\u0131z\u0131 yapt\u0131k. Bunu yaparken \u00e7ocuklar\u0131m\u0131z \u00e7ok emek sarf ettiler. Onlar i\u00e7in de bizim i\u00e7in de gurur verici bir durum. \u0130kinci d\u00f6nemin ba\u015f\u0131nda planlam\u0131\u015ft\u0131k, 4 ay gibi bir zaman\u0131m\u0131z\u0131 ald\u0131. Maketlerini yapt\u0131k. \u0130n\u015fallah ileriki a\u015famalarda hareket ettirerek s\u00fcr\u00fc\u015flerini yapaca\u011f\u0131z. Daha \u00fcst seviyeye ge\u00e7ip u\u00e7urmay\u0131 istiyoruz. \u00d6n\u00fcm\u00fczde \u00f6rnek al\u0131nacak Sel\u00e7uk Bayraktar var. Milli sanayiye verdi\u011fi desteklerle \u00fclkemize katk\u0131da bulunmu\u015ftur. Biz \u00e7ocuklar\u0131 bu ki\u015fileri \u00f6rnek g\u00f6steriyoruz. Bu \u00e7ocuklar neden bir Sel\u00e7uk Bayraktar olmas\u0131n? Neden vatan\u0131na milletine hizmet eden bir m\u00fchendis olmas\u0131n? Bug\u00fcn maketini yapan gelecekte ger\u00e7ek yaz\u0131l\u0131m\u0131n\u0131 elbette yapacakt\u0131r. \u00d6\u011frencilerimle gurur duyuyorum. \u00dclke \u00e7ap\u0131nda bu t\u00fcr projelerin yap\u0131lmas\u0131n\u0131 diliyoruz&#8221; dedi.<\/p>\n\n\n\n<p class=\"wp-block-paragraph\">&#8216;U\u00c7AK MAKETLER\u0130N\u0130N GER\u00c7E\u011e\u0130N\u0130 G\u00d6RMEK \u0130ST\u0130YORUZ&#8217;<\/p>\n\n\n\n<p class=\"wp-block-paragraph\">BAYKAR Y\u00f6netim Kurulu Ba\u015fkan\u0131 Sel\u00e7uk Bayraktar ile tan\u0131\u015fmay\u0131 istedi\u011fini s\u00f6yleyen 8&#8217;inci s\u0131n\u0131f \u00f6\u011frencisi Ecrin Naz \u00d6zt\u00fcrk ise maketlerinin \u00fcretim s\u00fcrecine de\u011finerek, &#8220;Bunu yaparken s\u0131k\u0131ld\u0131\u011f\u0131m\u0131z yoruldu\u011fumuz zamanlar oldu ama Ersin Hocam\u0131z bizi \u00e7ok destekledi. Maketlerini yapt\u0131\u011f\u0131m\u0131z bu u\u00e7aklar\u0131 hep televizyonlarda g\u00f6r\u00fcyorduk ama bunu canl\u0131 canl\u0131 g\u00f6rmek i\u00e7in Sel\u00e7uk Bayraktar ile tan\u0131\u015fmak istiyoruz&#8221; diye konu\u015ftu.<\/p>\n\n\n\n<p class=\"wp-block-paragraph\">23 Ekim 2024 y\u0131l\u0131nda TUSA\u015e&#8217;a yap\u0131lan sald\u0131r\u0131 sonras\u0131 bu projeyi ama\u00e7lad\u0131klar\u0131n\u0131 belirten 8&#8217;inci s\u0131n\u0131f \u00f6\u011frencisi Kayra Meclis de &#8220;Bizler zincir marketlerden karton gibi at\u0131k malzemeler toplayarak bu u\u00e7ak maketlerini yapt\u0131k. \u00c7ok keyifli oldu, e\u011flendik. Tak\u0131m \u00e7al\u0131\u015fmas\u0131 ile g\u00fczel an\u0131lar\u0131m\u0131z da olu\u015ftu. 4 ay gibi bir s\u00fcrede hepsini tamamlad\u0131k. U\u00e7aklar\u0131n i\u00e7 taraflar\u0131nda gazete, ka\u011f\u0131t, \u015feffaf po\u015fetler var. Bask\u0131 falan olursa \u00e7\u00f6kmemesi i\u00e7in yumu\u015fak olmas\u0131n\u0131 istedik. Tahtalar ve tekerleklerle tamamlad\u0131k. Sel\u00e7uk Bayraktar ile kesinlikle tan\u0131\u015fmak istiyorum. Benim \u00f6rnek ald\u0131\u011f\u0131m bir isim. B\u00fcy\u00fcnce askeri pilot olmak istiyorum. 8&#8217;inci s\u0131n\u0131f oldu\u011fum i\u00e7in bu okuldan ayr\u0131laca\u011f\u0131m. Yine de bireysel olarak \u00fcretmeye devam etmeyi istiyorum&#8221; ifadelerini kulland\u0131.<\/p>\n\n\n\n<p class=\"wp-block-paragraph\">Projede yer alan Musap Gen\u00e7 de \u00f6z g\u00fcvenle pes etmeden projelerini tamamlad\u0131klar\u0131n\u0131 anlatarak, \u015funlar\u0131 s\u00f6yledi:<\/p>\n\n\n\n<p class=\"wp-block-paragraph\">&#8220;Sel\u00e7uk Bayraktar&#8217;\u0131n milli teknoloji hedeflerinden biri olan KAAN, \u0130HA, S\u0130HA gibi ara\u00e7lar\u0131 biz de yapabiliriz diye d\u00fc\u015f\u00fcnd\u00fck. Bu \u00f6z g\u00fcvenle ba\u015flad\u0131k. Geri d\u00f6n\u00fc\u015ft\u00fcr\u00fclebilir malzemeler kulland\u0131k. Marketlerde at\u0131k olan kartonlar, plastik gibi at\u0131k olan malzemelerden bu u\u00e7aklar\u0131 yapmay\u0131 ba\u015fard\u0131k. Bazen zorland\u0131\u011f\u0131m\u0131z anlar oldu ama tak\u0131m \u00e7al\u0131\u015fmas\u0131 ruhu ve \u00f6\u011fretmenimizin bizlere esirgemedi\u011fi deste\u011fiyle bu engelleri a\u015ft\u0131k.&#8221;<\/p>\n","protected":false},"excerpt":{"rendered":"<p>Malatya&#8217;daki Sakarya Ortaokulu \u00f6\u011frencileri at\u0131k malzemelerden KAAN, ANKA ve K\u0131z\u0131lelma maketleri yapt\u0131. MALATYA&#8217;n\u0131n Hekimhan il\u00e7esindeki&nbsp;Sakarya&nbsp;Ortaokulu&#8230;<\/p>\n","protected":false},"author":1,"featured_media":373,"comment_status":"open","ping_status":"open","sticky":false,"template":"","format":"standard","meta":{"footnotes":""},"categories":[18],"tags":[],"class_list":["post-372","post","type-post","status-publish","format-standard","has-post-thumbnail","hentry","category-guncel"],"_links":{"self":[{"href":"https:\/\/gundem44.com.tr\/index.php?rest_route=\/wp\/v2\/posts\/372","targetHints":{"allow":["GET"]}}],"collection":[{"href":"https:\/\/gundem44.com.tr\/index.php?rest_route=\/wp\/v2\/posts"}],"about":[{"href":"https:\/\/gundem44.com.tr\/index.php?rest_route=\/wp\/v2\/types\/post"}],"author":[{"embeddable":true,"href":"https:\/\/gundem44.com.tr\/index.php?rest_route=\/wp\/v2\/users\/1"}],"replies":[{"embeddable":true,"href":"https:\/\/gundem44.com.tr\/index.php?rest_route=%2Fwp%2Fv2%2Fcomments&post=372"}],"version-history":[{"count":1,"href":"https:\/\/gundem44.com.tr\/index.php?rest_route=\/wp\/v2\/posts\/372\/revisions"}],"predecessor-version":[{"id":374,"href":"https:\/\/gundem44.com.tr\/index.php?rest_route=\/wp\/v2\/posts\/372\/revisions\/374"}],"wp:featuredmedia":[{"embeddable":true,"href":"https:\/\/gundem44.com.tr\/index.php?rest_route=\/wp\/v2\/media\/373"}],"wp:attachment":[{"href":"https:\/\/gundem44.com.tr\/index.php?rest_route=%2Fwp%2Fv2%2Fmedia&parent=372"}],"wp:term":[{"taxonomy":"category","embeddable":true,"href":"https:\/\/gundem44.com.tr\/index.php?rest_route=%2Fwp%2Fv2%2Fcategories&post=372"},{"taxonomy":"post_tag","embeddable":true,"href":"https:\/\/gundem44.com.tr\/index.php?rest_route=%2Fwp%2Fv2%2Ftags&post=372"}],"curies":[{"name":"wp","href":"https:\/\/api.w.org\/{rel}","templated":true}]}}