{"id":363,"date":"2026-06-09T09:55:39","date_gmt":"2026-06-09T09:55:39","guid":{"rendered":"https:\/\/gundem44.com.tr\/?p=363"},"modified":"2026-06-09T09:55:40","modified_gmt":"2026-06-09T09:55:40","slug":"turk-konsolosun-basini-yakan-kumarhane-kacamagi","status":"publish","type":"post","link":"https:\/\/gundem44.com.tr\/?p=363","title":{"rendered":"T\u00fcrk konsolosun ba\u015f\u0131n\u0131 yakan kumarhane ka\u00e7ama\u011f\u0131"},"content":{"rendered":"\n<p class=\"wp-block-paragraph\">Batum Ba\u015fkonsolosu Adnan Altay Alt\u0131n\u00f6rs&#8217;\u00fcn kumarhanede \u00e7ekilmi\u015f foto\u011fraflar\u0131n\u0131n sosyal medyada yay\u0131lmas\u0131 \u00fczerine D\u0131\u015fi\u015fleri Bakanl\u0131\u011f\u0131 harekete ge\u00e7ti. Apar topar merkeze \u00e7ekilen Alt\u0131n\u00f6rs&#8217;\u00fcn yerine, ge\u00e7mi\u015fte Karlsruhe Ba\u015fkonsoloslu\u011fu yapm\u0131\u015f olan Tiflis B\u00fcy\u00fckel\u00e7ili\u011fi M\u00fcste\u015far\u0131 Banu Terzio\u011flu atand\u0131.<\/p>\n\n\n\n<p class=\"wp-block-paragraph\">T\u00fcrkiye&#8217;nin Batum Ba\u015fkonsolosu Adnan Altay Alt\u0131n\u00f6rs, kumarhanede \u00e7ekilmi\u015f foto\u011fraflar\u0131n\u0131n sosyal medyada yay\u0131lmas\u0131n\u0131n ard\u0131ndan&nbsp;<a href=\"https:\/\/www.sondakika.com\/disisleri-bakanligi\/\">D\u0131\u015fi\u015fleri Bakanl\u0131\u011f\u0131<\/a>&nbsp;taraf\u0131ndan acilen merkeze \u00e7ekildi. Alt\u0131n\u00f6rs&#8217;ten bo\u015falan kritik g\u00f6reve ise Tiflis B\u00fcy\u00fckel\u00e7ili\u011fi M\u00fcste\u015far\u0131 Banu Terzio\u011flu atand\u0131.<\/p>\n\n\n\n<figure class=\"wp-block-image\"><img decoding=\"async\" src=\"https:\/\/foto.sondakika.com\/haber\/2026\/06\/09\/turk-konsolosun-basini-yakan-k-79958509-3415_1_m.jpg\" alt=\"T\u00fcrk konsolosun ba\u015f\u0131n\u0131 yakan kumarhane ka\u00e7ama\u011f\u0131\"\/><\/figure>\n\n\n\n<h3 class=\"wp-block-heading\">FOTO\u011eRAFLAR G\u00dcNDEME BOMBA G\u0130B\u0130 D\u00dc\u015eT\u00dc<\/h3>\n\n\n\n<p class=\"wp-block-paragraph\">S\u00f6zc\u00fc&#8217;de yer alan habere g\u00f6re; T\u00fcrkiye&#8217;nin G\u00fcrcistan&#8217;daki diplomatik temsilciliklerinden Batum Ba\u015fkonsoloslu\u011fu&#8217;nda kriz ya\u015fand\u0131. Batum Ba\u015fkonsolosu Adnan Altay Alt\u0131n\u00f6rs\u2019\u00fcn bir kumarhanede \u00e7ekilmi\u015f foto\u011fraflar\u0131 sosyal medya platformlar\u0131nda dola\u015f\u0131ma sokuldu. K\u0131sa s\u00fcrede yay\u0131lan ve diplomatik \u00e7evrelerde b\u00fcy\u00fck yank\u0131 uyand\u0131ran g\u00f6r\u00fcnt\u00fclerin ard\u0131ndan D\u0131\u015fi\u015fleri Bakanl\u0131\u011f\u0131 an\u0131nda harekete ge\u00e7ti.<\/p>\n\n\n\n<p class=\"wp-block-paragraph\"><img decoding=\"async\" alt=\"Kumarhane skandal\u0131n\u0131n ard\u0131ndan merkeze \u00e7ekilen Adnan Altay Alt\u0131n\u00f6rs\" src=\"https:\/\/foto.sondakika.com\/haber\/2026\/06\/09\/20260609_4862567d534946199d56e741c99aafa6.jpg\">Kumarhane skandal\u0131n\u0131n ard\u0131ndan merkeze \u00e7ekilen Adnan Altay Alt\u0131n\u00f6rs<\/p>\n\n\n\n<h3 class=\"wp-block-heading\">BAKANLIK AFFETMED\u0130: MERKEZE ALINDI<\/h3>\n\n\n\n<p class=\"wp-block-paragraph\">G\u00f6r\u00fcnt\u00fclerin ard\u0131ndan konunun \u00fczerine hassasiyetle giden D\u0131\u015fi\u015fleri Bakanl\u0131\u011f\u0131, Ba\u015fkonsolos Alt\u0131n\u00f6rs&#8217;\u00fc g\u00f6revden alarak apar topar Ankara&#8217;ya, merkeze \u00e7ekti. Deneyimli diplomat\u0131n yerine Batum Ba\u015fkonsoloslu\u011fu g\u00f6revine getirilecek isim ise gecikmeden belirlendi. Alt\u0131n\u00f6rs\u2019\u00fcn yerine Tiflis B\u00fcy\u00fckel\u00e7ili\u011fi M\u00fcste\u015far\u0131 Banu Terzio\u011flu atand\u0131.<\/p>\n\n\n\n<p class=\"wp-block-paragraph\"><img decoding=\"async\" alt=\"Batum Ba\u015fkonsolosu olarak atanan Banu Terzio\u011flu\" src=\"https:\/\/foto.sondakika.com\/haber\/2026\/06\/09\/20260609_f466129543234a15adb60cebdaf28233.jpg\">Batum Ba\u015fkonsolosu olarak atanan Banu Terzio\u011flu<\/p>\n\n\n\n<h3 class=\"wp-block-heading\">YEN\u0130 BA\u015eKONSOLOS BANU TERZ\u0130O\u011eLU K\u0130MD\u0130R?<\/h3>\n\n\n\n<p class=\"wp-block-paragraph\">Batum&#8217;un yeni Ba\u015fkonsolosu olan 46 ya\u015f\u0131ndaki Banu Terzio\u011flu, diplomasi d\u00fcnyas\u0131n\u0131n ba\u015far\u0131l\u0131 ve tecr\u00fcbeli isimlerinden biri olarak tan\u0131n\u0131yor:<\/p>\n\n\n\n<p class=\"wp-block-paragraph\"><strong>E\u011fitimi:&nbsp;<\/strong>Orta Do\u011fu Teknik \u00dcniversitesi (ODT\u00dc) Uluslararas\u0131 \u0130li\u015fkiler B\u00f6l\u00fcm\u00fc mezunu.<\/p>\n\n\n\n<p class=\"wp-block-paragraph\"><strong>Kariyer Ba\u015flang\u0131c\u0131:&nbsp;<\/strong>D\u0131\u015fi\u015fleri Bakanl\u0131\u011f\u0131 b\u00fcnyesindeki ilk g\u00f6revine 2005 y\u0131l\u0131nda ad\u0131m att\u0131.<\/p>\n\n\n\n<p class=\"wp-block-paragraph\"><strong>Ge\u00e7mi\u015f G\u00f6revleri:&nbsp;<\/strong>Protokol Genel M\u00fcd\u00fcr Yard\u0131mc\u0131l\u0131\u011f\u0131, G\u00fcney Asya Genel M\u00fcd\u00fcr Yard\u0131mc\u0131l\u0131\u011f\u0131 ve Avrupa Birli\u011fi Genel Sekreterli\u011fi b\u00fcnyesinde \u00e7e\u015fitli kademelerde \u00e7al\u0131\u015ft\u0131.<\/p>\n\n\n\n<p class=\"wp-block-paragraph\"><strong>Bakan Dan\u0131\u015fmanl\u0131\u011f\u0131 ve Almanya Deneyimi:&nbsp;<\/strong>2016-2019 y\u0131llar\u0131 aras\u0131nda Bakan Dan\u0131\u015fmanl\u0131\u011f\u0131 g\u00f6revini y\u00fcr\u00fcten Terzio\u011flu, 2019 y\u0131l\u0131nda Almanya\u2019n\u0131n Karlsruhe kentine Ba\u015fkonsolos olarak atand\u0131.<\/p>\n\n\n\n<p class=\"wp-block-paragraph\"><strong>Son G\u00f6revi:&nbsp;<\/strong>Ba\u015far\u0131l\u0131 diplomat, Batum&#8217;a atanmadan \u00f6nce son olarak 2025 y\u0131l\u0131ndan bu yana Tiflis B\u00fcy\u00fckel\u00e7ilik M\u00fcste\u015far\u0131 olarak g\u00f6rev yap\u0131yordu.<\/p>\n\n\n\n<h3 class=\"wp-block-heading\">ERS\u0130N TATAR&#8217;DAN Z\u0130YARET<\/h3>\n\n\n\n<p class=\"wp-block-paragraph\">G\u00f6reve h\u0131zl\u0131 bir ba\u015flang\u0131\u00e7 yapan yeni Ba\u015fkonsolos Banu Terzio\u011flu&#8217;na ilk tebrik ziyaretlerinden biri de Kuzey K\u0131br\u0131s T\u00fcrk Cumhuriyeti (KKTC) eski Cumhurba\u015fkan\u0131 Ersin Tatar&#8217;dan geldi. Ge\u00e7ti\u011fimiz g\u00fcnlerde Terzio\u011flu\u2019nu makam\u0131nda ziyaret eden Tatar, yeni Batum Ba\u015fkonsolosu\u2019na yeni g\u00f6revinde ba\u015far\u0131lar diledi. B\u00f6lgedeki diplomatik \u00e7al\u0131\u015fmalar\u0131n aksamadan devam edece\u011fi bildirildi.<\/p>\n","protected":false},"excerpt":{"rendered":"<p>Batum Ba\u015fkonsolosu Adnan Altay Alt\u0131n\u00f6rs&#8217;\u00fcn kumarhanede \u00e7ekilmi\u015f foto\u011fraflar\u0131n\u0131n sosyal medyada yay\u0131lmas\u0131 \u00fczerine D\u0131\u015fi\u015fleri Bakanl\u0131\u011f\u0131 harekete&#8230;<\/p>\n","protected":false},"author":1,"featured_media":364,"comment_status":"open","ping_status":"open","sticky":false,"template":"","format":"standard","meta":{"footnotes":""},"categories":[16,14,17],"tags":[],"class_list":["post-363","post","type-post","status-publish","format-standard","has-post-thumbnail","hentry","category-politika","category-son-dakika","category-ulusal-haberler"],"_links":{"self":[{"href":"https:\/\/gundem44.com.tr\/index.php?rest_route=\/wp\/v2\/posts\/363","targetHints":{"allow":["GET"]}}],"collection":[{"href":"https:\/\/gundem44.com.tr\/index.php?rest_route=\/wp\/v2\/posts"}],"about":[{"href":"https:\/\/gundem44.com.tr\/index.php?rest_route=\/wp\/v2\/types\/post"}],"author":[{"embeddable":true,"href":"https:\/\/gundem44.com.tr\/index.php?rest_route=\/wp\/v2\/users\/1"}],"replies":[{"embeddable":true,"href":"https:\/\/gundem44.com.tr\/index.php?rest_route=%2Fwp%2Fv2%2Fcomments&post=363"}],"version-history":[{"count":1,"href":"https:\/\/gundem44.com.tr\/index.php?rest_route=\/wp\/v2\/posts\/363\/revisions"}],"predecessor-version":[{"id":365,"href":"https:\/\/gundem44.com.tr\/index.php?rest_route=\/wp\/v2\/posts\/363\/revisions\/365"}],"wp:featuredmedia":[{"embeddable":true,"href":"https:\/\/gundem44.com.tr\/index.php?rest_route=\/wp\/v2\/media\/364"}],"wp:attachment":[{"href":"https:\/\/gundem44.com.tr\/index.php?rest_route=%2Fwp%2Fv2%2Fmedia&parent=363"}],"wp:term":[{"taxonomy":"category","embeddable":true,"href":"https:\/\/gundem44.com.tr\/index.php?rest_route=%2Fwp%2Fv2%2Fcategories&post=363"},{"taxonomy":"post_tag","embeddable":true,"href":"https:\/\/gundem44.com.tr\/index.php?rest_route=%2Fwp%2Fv2%2Ftags&post=363"}],"curies":[{"name":"wp","href":"https:\/\/api.w.org\/{rel}","templated":true}]}}