{"id":352,"date":"2026-06-09T09:25:42","date_gmt":"2026-06-09T09:25:42","guid":{"rendered":"https:\/\/gundem44.com.tr\/?p=352"},"modified":"2026-06-09T09:25:42","modified_gmt":"2026-06-09T09:25:42","slug":"dursun-ozbekten-aziz-yildirima-telefon","status":"publish","type":"post","link":"https:\/\/gundem44.com.tr\/?p=352","title":{"rendered":"Dursun \u00d6zbek&#8217;ten Aziz Y\u0131ld\u0131r\u0131m&#8217;a telefon"},"content":{"rendered":"\n<p class=\"wp-block-paragraph\">Galatasaray Ba\u015fkan\u0131 Dursun \u00d6zbek, Fenerbah\u00e7e&#8217;de yeniden ba\u015fkan se\u00e7ilen Aziz Y\u0131ld\u0131r\u0131m&#8217;\u0131 telefonla arayarak tebrik etti. Be\u015fikta\u015f ve Trabzonspor&#8217;dan ise se\u00e7im sonras\u0131 herhangi bir tebrik mesaj\u0131 gelmemesi dikkat \u00e7ekti.<\/p>\n\n\n\n<p class=\"wp-block-paragraph\"><a href=\"https:\/\/www.sondakika.com\/fenerbahce\/\">Fenerbah\u00e7e<\/a>&#8216;de ola\u011fan\u00fcst\u00fc se\u00e7imli genel kurulun ard\u0131ndan&nbsp;<a href=\"https:\/\/www.sondakika.com\/aziz-yildirim\/\">Aziz Y\u0131ld\u0131r\u0131m<\/a>, 17 bin 245 oy alarak yeniden ba\u015fkanl\u0131k koltu\u011funa oturdu.&nbsp;Sar\u0131-lacivertli kul\u00fcpte ya\u015fanan ba\u015fkanl\u0131k de\u011fi\u015fimi sonras\u0131 dikkat \u00e7eken bir iddia g\u00fcndeme geldi.<\/p>\n\n\n\n<h3 class=\"wp-block-heading\">&#8220;RAK\u0130B\u0130M\u0130ZE HAYIRLI OLSUN&#8221;<\/h3>\n\n\n\n<p class=\"wp-block-paragraph\">Gazeteci \u0130brahim Seten, sosyal medya hesab\u0131ndan yapt\u0131\u011f\u0131 payla\u015f\u0131mda se\u00e7im g\u00fcn\u00fc&nbsp;<a href=\"https:\/\/www.sondakika.com\/galatasaray\/\">Galatasaray<\/a>&nbsp;Ba\u015fkan\u0131&nbsp;<a href=\"https:\/\/www.sondakika.com\/dursun-ozbek\/\">Dursun \u00d6zbek<\/a>&nbsp;ile g\u00f6r\u00fc\u015ft\u00fc\u011f\u00fcn\u00fc a\u00e7\u0131klad\u0131.&nbsp;Seten&#8217;in aktard\u0131\u011f\u0131na g\u00f6re \u00d6zbek, Aziz Y\u0131ld\u0131r\u0131m&#8217;\u0131n se\u00e7imi kazanmas\u0131yla ilgili ilk de\u011ferlendirmesinde, &#8220;Rakibimize hay\u0131rl\u0131 olsun&#8221; ifadelerini kulland\u0131.<\/p>\n\n\n\n<h3 class=\"wp-block-heading\">TEBR\u0130K TELEFONU \u0130DD\u0130ASI<\/h3>\n\n\n\n<p class=\"wp-block-paragraph\">\u0130brahim Seten&#8217;in payla\u015f\u0131m\u0131na g\u00f6re Dursun \u00d6zbek, g\u00fcn\u00fcn ilerleyen saatlerinde Aziz Y\u0131ld\u0131r\u0131m&#8217;\u0131 telefonla arad\u0131.&nbsp;\u00d6zbek&#8217;in, Fenerbah\u00e7e ba\u015fkanl\u0131\u011f\u0131na yeniden se\u00e7ilen Y\u0131ld\u0131r\u0131m&#8217;\u0131 tebrik etti\u011fi \u00f6ne s\u00fcr\u00fcld\u00fc.<\/p>\n\n\n\n<h3 class=\"wp-block-heading\">EZEL\u0130 RAK\u0130PLER ARASINDA D\u0130KKAT \u00c7EKEN TEMAS<\/h3>\n\n\n\n<p class=\"wp-block-paragraph\">T\u00fcrk futbolunun iki ezeli rakibi Galatasaray ve Fenerbah\u00e7e&#8217;nin ba\u015fkanlar\u0131 aras\u0131ndaki bu temas dikkat \u00e7ekti.&nbsp;Aziz Y\u0131ld\u0131r\u0131m&#8217;\u0131n 8 y\u0131l aradan sonra yeniden ba\u015fkanl\u0131\u011fa d\u00f6nmesinin ard\u0131ndan ger\u00e7ekle\u015fti\u011fi belirtilen g\u00f6r\u00fc\u015fmeyle ilgili kul\u00fcplerden resmi bir a\u00e7\u0131klama yap\u0131lmad\u0131.<\/p>\n\n\n\n<h3 class=\"wp-block-heading\">SETEN PAYLA\u015eIMINDA NE DED\u0130?<\/h3>\n\n\n\n<p class=\"wp-block-paragraph\">\u0130brahim Seten payla\u015f\u0131m\u0131nda \u015fu ifadeleri kulland\u0131:<\/p>\n\n\n\n<p class=\"wp-block-paragraph\">&#8220;Sabah Dursun \u00d6zbek&#8217;le konu\u015ftum. Aziz Y\u0131ld\u0131r\u0131m&#8217;\u0131n se\u00e7imi kazanmas\u0131 hakk\u0131nda &#8216;Rakibimize hay\u0131rl\u0131 olsun&#8217; dedi. Dursun \u00d6zbek ilerleyen saatlerde Aziz Y\u0131ld\u0131r\u0131m&#8217;\u0131 arayarak se\u00e7imi kazand\u0131\u011f\u0131 i\u00e7in tebrik etti.&#8221;<\/p>\n\n\n\n<h3 class=\"wp-block-heading\">BE\u015e\u0130KTA\u015e VE TRABZONSPOR&#8217;DAN MESAJ GELMED\u0130<\/h3>\n\n\n\n<p class=\"wp-block-paragraph\">Galatasaray Ba\u015fkan\u0131 Dursun \u00d6zbek&#8217;in Aziz Y\u0131ld\u0131r\u0131m&#8217;\u0131 telefonla arayarak tebrik etti\u011fi \u00f6ne s\u00fcr\u00fcl\u00fcrken, S\u00fcper Lig&#8217;in di\u011fer iki b\u00fcy\u00fck kul\u00fcb\u00fc&nbsp;<a href=\"https:\/\/www.sondakika.com\/besiktas\/\">Be\u015fikta\u015f<\/a>&nbsp;ve&nbsp;<a href=\"https:\/\/www.sondakika.com\/trabzonspor\/\">Trabzonspor<\/a>&#8216;dan ise hen\u00fcz herhangi bir tebrik mesaj\u0131 payla\u015f\u0131lmad\u0131. Bu durum sar\u0131-lacivertli taraftarlar aras\u0131nda dikkat \u00e7eken detaylardan biri oldu.<\/p>\n","protected":false},"excerpt":{"rendered":"<p>Galatasaray Ba\u015fkan\u0131 Dursun \u00d6zbek, Fenerbah\u00e7e&#8217;de yeniden ba\u015fkan se\u00e7ilen Aziz Y\u0131ld\u0131r\u0131m&#8217;\u0131 telefonla arayarak tebrik etti. Be\u015fikta\u015f&#8230;<\/p>\n","protected":false},"author":1,"featured_media":353,"comment_status":"open","ping_status":"open","sticky":false,"template":"","format":"standard","meta":{"footnotes":""},"categories":[15],"tags":[],"class_list":["post-352","post","type-post","status-publish","format-standard","has-post-thumbnail","hentry","category-spor"],"_links":{"self":[{"href":"https:\/\/gundem44.com.tr\/index.php?rest_route=\/wp\/v2\/posts\/352","targetHints":{"allow":["GET"]}}],"collection":[{"href":"https:\/\/gundem44.com.tr\/index.php?rest_route=\/wp\/v2\/posts"}],"about":[{"href":"https:\/\/gundem44.com.tr\/index.php?rest_route=\/wp\/v2\/types\/post"}],"author":[{"embeddable":true,"href":"https:\/\/gundem44.com.tr\/index.php?rest_route=\/wp\/v2\/users\/1"}],"replies":[{"embeddable":true,"href":"https:\/\/gundem44.com.tr\/index.php?rest_route=%2Fwp%2Fv2%2Fcomments&post=352"}],"version-history":[{"count":1,"href":"https:\/\/gundem44.com.tr\/index.php?rest_route=\/wp\/v2\/posts\/352\/revisions"}],"predecessor-version":[{"id":354,"href":"https:\/\/gundem44.com.tr\/index.php?rest_route=\/wp\/v2\/posts\/352\/revisions\/354"}],"wp:featuredmedia":[{"embeddable":true,"href":"https:\/\/gundem44.com.tr\/index.php?rest_route=\/wp\/v2\/media\/353"}],"wp:attachment":[{"href":"https:\/\/gundem44.com.tr\/index.php?rest_route=%2Fwp%2Fv2%2Fmedia&parent=352"}],"wp:term":[{"taxonomy":"category","embeddable":true,"href":"https:\/\/gundem44.com.tr\/index.php?rest_route=%2Fwp%2Fv2%2Fcategories&post=352"},{"taxonomy":"post_tag","embeddable":true,"href":"https:\/\/gundem44.com.tr\/index.php?rest_route=%2Fwp%2Fv2%2Ftags&post=352"}],"curies":[{"name":"wp","href":"https:\/\/api.w.org\/{rel}","templated":true}]}}