{"id":339,"date":"2026-06-08T20:30:52","date_gmt":"2026-06-08T20:30:52","guid":{"rendered":"https:\/\/gundem44.com.tr\/?p=339"},"modified":"2026-06-08T20:30:53","modified_gmt":"2026-06-08T20:30:53","slug":"malatyada-tarim-iscileri-icin-modern-proje","status":"publish","type":"post","link":"https:\/\/gundem44.com.tr\/?p=339","title":{"rendered":"Malatya\u2019da tar\u0131m i\u015f\u00e7ileri i\u00e7in modern proje"},"content":{"rendered":"\n<p class=\"wp-block-paragraph\">Malatya&#8217;da mevsimlik tar\u0131m i\u015f\u00e7ilerinin ya\u015fam \u015fartlar\u0131n\u0131 iyile\u015ftirmek amac\u0131yla hayata ge\u00e7irilen modern bar\u0131nma tesisi hizmete a\u00e7\u0131ld\u0131.<\/p>\n\n\n\n<p class=\"wp-block-paragraph\">Malatya&#8217;da mevsimlik tar\u0131m i\u015f\u00e7ilerinin ya\u015fam \u015fartlar\u0131n\u0131 iyile\u015ftirmek amac\u0131yla hayata ge\u00e7irilen modern bar\u0131nma tesisi hizmete a\u00e7\u0131ld\u0131. Avrupa Birli\u011fi&#8217;nin finansal deste\u011fiyle, UNDP T\u00fcrkiye ve T\u00fcrk K\u0131z\u0131lay\u0131&#8217;n\u0131n koordinasyonunda Ak\u00e7ada\u011f il\u00e7esinde kurulan MET\u0130P Malatya Ge\u00e7ici Bar\u0131nma Alan\u0131, mevsimlik tar\u0131m i\u015f\u00e7ilerine g\u00fcvenli, sa\u011fl\u0131kl\u0131 ve insan onuruna yak\u0131\u015f\u0131r ya\u015fam \u015fartlar\u0131 sunacak.<\/p>\n\n\n\n<p class=\"wp-block-paragraph\">Malatya B\u00fcy\u00fck\u015fehir Belediye Ba\u015fkan\u0131 Sami Er&#8217;in de kat\u0131ld\u0131\u011f\u0131 a\u00e7\u0131l\u0131\u015f ve teslim t\u00f6reninde depremin ard\u0131ndan yeniden yap\u0131lanma s\u00fcrecine dikkat \u00e7ekildi. Ba\u015fkan Er, Malatya&#8217;n\u0131n Cumhurba\u015fkan\u0131 Recep Tayyip Erdo\u011fan&#8217;\u0131n liderli\u011finde, bakanl\u0131klar ve yerel y\u00f6netimlerin i\u015f birli\u011fiyle yeniden aya\u011fa kalkt\u0131\u011f\u0131n\u0131 belirterek, \u015fehrin her alanda geli\u015fmeye ve g\u00fc\u00e7lenmeye devam etti\u011fini ifade etti.<\/p>\n\n\n\n<p class=\"wp-block-paragraph\">MET\u0130P Malatya Ge\u00e7ici Bar\u0131nma Alan\u0131 a\u00e7\u0131l\u0131\u015f\u0131nda konu\u015fan Ba\u015fkan Er, &#8220;6 \u015eubat depremleriyle b\u00fcy\u00fck bir y\u0131k\u0131m ya\u015fayan Malatya&#8217;m\u0131z bu felaketten en fazla etkilenen illerimizden biri oldu. Ancak Cumhurba\u015fkan\u0131m\u0131z Recep Tayyip Erdo\u011fan&#8217;\u0131n liderli\u011finde, \u00c7evre, \u015eehircilik ve \u0130klim De\u011fi\u015fikli\u011fi Bakan\u0131m\u0131z Murat Kurum&#8217;un destekleri ve t\u00fcm kurumlar\u0131m\u0131z\u0131n katk\u0131lar\u0131yla bu zorlu s\u00fcreci ba\u015far\u0131yla y\u00f6nettik. Malatya&#8217;m\u0131z bug\u00fcn yeniden aya\u011fa kalkm\u0131\u015ft\u0131r&#8221; dedi.<\/p>\n\n\n\n<p class=\"wp-block-paragraph\">&#8220;\u0130\u015f\u00e7ilerimizin ya\u015fam \u015fartlar\u0131 \u00f6nemli bir konu&#8221;<\/p>\n\n\n\n<p class=\"wp-block-paragraph\">Mevsimlik tar\u0131m i\u015f\u00e7ilerinin ya\u015fam \u015fartlar\u0131n\u0131n iyile\u015ftirilmesinin \u00f6nemli bir sosyal sorumluluk oldu\u011funu vurgulayan Ba\u015fkan Er, &#8220;Bakanl\u0131klar\u0131m\u0131z\u0131n ve uluslararas\u0131 kurulu\u015flar\u0131n bu konuya sahip \u00e7\u0131karak b\u00f6yle anlaml\u0131 bir projeyi hayata ge\u00e7irmeleri bizleri memnun etmi\u015ftir. Bu projenin sadece Malatya&#8217;da de\u011fil, \u00fclkemizin farkl\u0131 b\u00f6lgelerinde de yayg\u0131nla\u015ft\u0131r\u0131lmas\u0131 gerekti\u011fine inan\u0131yorum&#8221; diye konu\u015ftu.<\/p>\n\n\n\n<p class=\"wp-block-paragraph\">Malatya Vali Vekili Sedat \u00d6zdemir ise Ak\u00e7ada\u011f&#8217;da kurulan ge\u00e7ici bar\u0131nma merkezinin mevsimlik tar\u0131m i\u015f\u00e7ilerine ve ailelerine modern, g\u00fcvenli ve sa\u011fl\u0131kl\u0131 konaklama imk\u00e2n\u0131 sa\u011flayaca\u011f\u0131n\u0131 belirterek, tesiste 100 \u00e7ad\u0131r kapasiteli konaklama alan\u0131n\u0131n yan\u0131 s\u0131ra y\u00f6netim binas\u0131, sa\u011fl\u0131k tarama alan\u0131, kay\u0131t birimi, e\u011fitim salonlar\u0131, \u00e7ok ama\u00e7l\u0131 salon, mescit ve \u00e7e\u015fitli sosyal donat\u0131 alanlar\u0131n\u0131n bulundu\u011funu s\u00f6yledi.<\/p>\n\n\n\n<p class=\"wp-block-paragraph\">Tar\u0131m ve Orman Bakanl\u0131\u011f\u0131 Hayvanc\u0131l\u0131k Genel M\u00fcd\u00fcr\u00fc Salih \u00c7elik, projenin kay\u0131tl\u0131 istihdam\u0131n art\u0131r\u0131lmas\u0131, mevsimlik tar\u0131m i\u015f\u00e7ilerinin ya\u015fam ve \u00e7al\u0131\u015fma \u015fartlar\u0131n\u0131n iyile\u015ftirilmesi, tar\u0131msal \u00f6rg\u00fctlerin g\u00fc\u00e7lendirilmesi ve k\u0131rsal kalk\u0131nman\u0131n desteklenmesi hedefleri do\u011frultusunda hayata ge\u00e7irildi\u011fini ifade etti.<\/p>\n\n\n\n<p class=\"wp-block-paragraph\">\u00c7al\u0131\u015fma ve Sosyal G\u00fcvenlik Bakanl\u0131\u011f\u0131 \u00c7al\u0131\u015fma Genel M\u00fcd\u00fcr Yard\u0131mc\u0131s\u0131 Ziya K\u00fcr\u015fat Babayi\u011fit de mevsimlik tar\u0131m i\u015f\u00e7ilerine y\u00f6nelik \u00e7al\u0131\u015fmalarda aile odakl\u0131 bir yakla\u015f\u0131m benimsediklerini belirterek, ya\u015fam standartlar\u0131n\u0131 y\u00fckseltmeye y\u00f6nelik projelerin s\u00fcrd\u00fc\u011f\u00fcn\u00fc kaydetti.<\/p>\n\n\n\n<p class=\"wp-block-paragraph\">Avrupa Birli\u011fi T\u00fcrkiye Delegasyonu \u0130\u015f Birli\u011fi Daire Ba\u015fkan\u0131 Maria Luisa Wyganowski, tesisin mevsimlik i\u015f\u00e7iler i\u00e7in \u00f6nemli f\u0131rsatlar sunaca\u011f\u0131n\u0131 belirterek, Avrupa Birli\u011fi&#8217;nin tar\u0131m sekt\u00f6r\u00fcne verdi\u011fi deste\u011fin s\u00fcrd\u00fc\u011f\u00fcn\u00fc ifade etti.<\/p>\n\n\n\n<p class=\"wp-block-paragraph\">UNDP T\u00fcrkiye Mukim Temsilcisi Monica Merino ise mevsimlik tar\u0131m i\u015f\u00e7ilerinin k\u0131rsal ekonomide kritik bir rol \u00fcstlendi\u011fini vurgulayarak, Ak\u00e7ada\u011f&#8217;da hayata ge\u00e7irilen tesisin di\u011fer iller i\u00e7in de \u00f6rnek te\u015fkil edece\u011fini s\u00f6yledi.<\/p>\n\n\n\n<p class=\"wp-block-paragraph\">Konu\u015fmalar\u0131n ard\u0131ndan tesisin devir teslimi i\u00e7in sembolik imza t\u00f6reni ger\u00e7ekle\u015ftirildi. Ba\u015fkan Sami Er ve protokol \u00fcyeleri daha sonra tesisi dola\u015farak yetkililerden bilgi ald\u0131.<\/p>\n\n\n\n<figure class=\"wp-block-image\"><img decoding=\"async\" src=\"https:\/\/d.karsmanset.com\/other\/2026\/06\/08\/malatyada-tarim-iscileri-icin-modern-proje.jpg\" alt=\"Malatya\u2019da tar\u0131m i\u015f\u00e7ileri i\u00e7in modern proje\"\/><\/figure>\n","protected":false},"excerpt":{"rendered":"<p>Malatya&#8217;da mevsimlik tar\u0131m i\u015f\u00e7ilerinin ya\u015fam \u015fartlar\u0131n\u0131 iyile\u015ftirmek amac\u0131yla hayata ge\u00e7irilen modern bar\u0131nma tesisi hizmete a\u00e7\u0131ld\u0131&#8230;.<\/p>\n","protected":false},"author":1,"featured_media":340,"comment_status":"open","ping_status":"open","sticky":false,"template":"","format":"standard","meta":{"footnotes":""},"categories":[1],"tags":[],"class_list":["post-339","post","type-post","status-publish","format-standard","has-post-thumbnail","hentry","category-malatya-gundemi"],"_links":{"self":[{"href":"https:\/\/gundem44.com.tr\/index.php?rest_route=\/wp\/v2\/posts\/339","targetHints":{"allow":["GET"]}}],"collection":[{"href":"https:\/\/gundem44.com.tr\/index.php?rest_route=\/wp\/v2\/posts"}],"about":[{"href":"https:\/\/gundem44.com.tr\/index.php?rest_route=\/wp\/v2\/types\/post"}],"author":[{"embeddable":true,"href":"https:\/\/gundem44.com.tr\/index.php?rest_route=\/wp\/v2\/users\/1"}],"replies":[{"embeddable":true,"href":"https:\/\/gundem44.com.tr\/index.php?rest_route=%2Fwp%2Fv2%2Fcomments&post=339"}],"version-history":[{"count":1,"href":"https:\/\/gundem44.com.tr\/index.php?rest_route=\/wp\/v2\/posts\/339\/revisions"}],"predecessor-version":[{"id":341,"href":"https:\/\/gundem44.com.tr\/index.php?rest_route=\/wp\/v2\/posts\/339\/revisions\/341"}],"wp:featuredmedia":[{"embeddable":true,"href":"https:\/\/gundem44.com.tr\/index.php?rest_route=\/wp\/v2\/media\/340"}],"wp:attachment":[{"href":"https:\/\/gundem44.com.tr\/index.php?rest_route=%2Fwp%2Fv2%2Fmedia&parent=339"}],"wp:term":[{"taxonomy":"category","embeddable":true,"href":"https:\/\/gundem44.com.tr\/index.php?rest_route=%2Fwp%2Fv2%2Fcategories&post=339"},{"taxonomy":"post_tag","embeddable":true,"href":"https:\/\/gundem44.com.tr\/index.php?rest_route=%2Fwp%2Fv2%2Ftags&post=339"}],"curies":[{"name":"wp","href":"https:\/\/api.w.org\/{rel}","templated":true}]}}