{"id":336,"date":"2026-06-08T20:28:35","date_gmt":"2026-06-08T20:28:35","guid":{"rendered":"https:\/\/gundem44.com.tr\/?p=336"},"modified":"2026-06-08T20:28:36","modified_gmt":"2026-06-08T20:28:36","slug":"deprem-sonrasi-malatya-turizmle-kalkinmayi-hedefliyor","status":"publish","type":"post","link":"https:\/\/gundem44.com.tr\/?p=336","title":{"rendered":"Deprem sonras\u0131 Malatya turizmle kalk\u0131nmay\u0131 hedefliyor"},"content":{"rendered":"\n<p class=\"wp-block-paragraph\">Malatya Valisi Seddar Yavuz, Kahramanmara\u015f merkezli 6 \u015eubat 2023&#8217;te meydana gelen depremlerin ard\u0131ndan ba\u015flatt\u0131klar\u0131 imar ve in\u015fa faaliyetleriyle aya\u011fa kald\u0131rd\u0131klar\u0131 Malatya&#8217;da yeni hedeflerinin kenti turizmde cazibe merkezi haline getirmek oldu\u011funu belirtti.<\/p>\n\n\n\n<p class=\"wp-block-paragraph\">Vali Seddar Yavuz, 6 \u015eubat depremlerinde Malatya&#8217;n\u0131n ciddi hasar ald\u0131\u011f\u0131n\u0131, 1261 ki\u015finin hayat\u0131n\u0131 kaybetti\u011fi afette 121 bin ba\u011f\u0131ms\u0131z b\u00f6l\u00fcm\u00fcn y\u0131k\u0131ld\u0131\u011f\u0131n\u0131 hat\u0131rlatt\u0131.<\/p>\n\n\n\n<p class=\"wp-block-paragraph\">Depremde ya\u015fam\u0131n\u0131 yitirenlere rahmet, yak\u0131nlar\u0131na ba\u015fsa\u011fl\u0131\u011f\u0131 dileyen Yavuz, devletin t\u00fcm kurum ve kurulu\u015flar\u0131n\u0131n Malatya&#8217;y\u0131 yeniden aya\u011fa kald\u0131rmak i\u00e7in efsanevi bir \u00e7al\u0131\u015fma y\u00fcr\u00fctt\u00fc\u011f\u00fcn\u00fc s\u00f6yledi.<\/p>\n\n\n\n<p class=\"wp-block-paragraph\">Kent genelinde 124 bin ba\u011f\u0131ms\u0131z b\u00f6l\u00fcm\u00fcn in\u015fa edildi\u011fini vurgulayan Vali Seddar Yavuz, &#8220;Art\u0131k g\u00fcndemimiz turizm, ticaret ve Malatya&#8217;n\u0131n ekonomisinin aya\u011fa kald\u0131r\u0131lmas\u0131. Bu ba\u011flamda da \u00e7evre illeri de i\u00e7ine alan bir turizm \u00e7al\u0131\u015ftay\u0131yla Malatya&#8217;y\u0131 bir turizm cazibe merkezi haline getirmek i\u00e7in gayretle \u00e7al\u0131\u015f\u0131yoruz. \u00c7\u00fcnk\u00fc Malatya \u00f6zellikle tarihi ge\u00e7mi\u015fi, k\u00fclt\u00fcr\u00fc, k\u00fclt\u00fcrel ve do\u011fal varl\u0131klar\u0131yla b\u00f6lgede y\u0131ld\u0131z gibi parlayan ve turizm i\u00e7in son derece elveri\u015fli olan bir il.&#8221; dedi.<\/p>\n\n\n\n<figure class=\"wp-block-image\"><img decoding=\"async\" src=\"https:\/\/img.piri.net\/piri\/upload\/3\/2026\/6\/8\/f583a0d0-deprem-sonrasi-ayaga-kalkan-malatya-turizme-odaklandi.webp\" alt=\"\"\/><\/figure>\n\n\n\n<p class=\"wp-block-paragraph\">UNESCO D\u00fcnya Miras\u0131 Listesi&#8217;nde yer alan Arslantepe H\u00f6y\u00fc\u011f\u00fc ve h\u00f6y\u00fck \u00f6n\u00fcnde in\u015fa edilen kar\u015f\u0131lama merkezinin \u00f6nemini anlatan Yavuz, d\u00fcnya \u00fczerindeki ilk devlet te\u015fkilat\u0131n\u0131n ortaya \u00e7\u0131kt\u0131\u011f\u0131, ilk b\u00fcrokrasinin ortaya kondu\u011fu bir yer olmas\u0131 bak\u0131m\u0131ndan h\u00f6y\u00fc\u011f\u00fcn gerek yabanc\u0131 gerekse yerli turistleri \u00e7ekebilecek \u00f6nemli bir merkez oldu\u011funu dile getirdi.<\/p>\n\n\n\n<p class=\"wp-block-paragraph\">Yavuz, kentte Sel\u00e7uklu eseri Ulu Cami, kervansaray\u0131, Somuncubaba T\u00fcrbesi ve k\u00fclliyesi gibi inan\u00e7 turizmi i\u00e7in \u00f6nemli merkezlerin bulundu\u011funa de\u011finerek, &#8220;Malatya, 65 milyon y\u0131l \u00f6nceye dayanan ve jeolojik deformasyonlar sonucu meydana gelen kayal\u0131klar\u0131n yer ald\u0131\u011f\u0131 Levent Vadisi gibi do\u011fal g\u00fczellikleri, bunun yan\u0131nda yine ilimiz s\u0131n\u0131rlar\u0131n\u0131n i\u00e7inde bulunan Nemrut Da\u011f\u0131 ve bunun yan\u0131nda G\u00fcnp\u0131nar \u015eelalesi gibi do\u011fal g\u00fczellikleri olan m\u00fckemmel bir destinasyon.&#8221; diye konu\u015ftu.<\/p>\n","protected":false},"excerpt":{"rendered":"<p>Malatya Valisi Seddar Yavuz, Kahramanmara\u015f merkezli 6 \u015eubat 2023&#8217;te meydana gelen depremlerin ard\u0131ndan ba\u015flatt\u0131klar\u0131 imar&#8230;<\/p>\n","protected":false},"author":1,"featured_media":337,"comment_status":"open","ping_status":"open","sticky":false,"template":"","format":"standard","meta":{"footnotes":""},"categories":[1],"tags":[],"class_list":["post-336","post","type-post","status-publish","format-standard","has-post-thumbnail","hentry","category-malatya-gundemi"],"_links":{"self":[{"href":"https:\/\/gundem44.com.tr\/index.php?rest_route=\/wp\/v2\/posts\/336","targetHints":{"allow":["GET"]}}],"collection":[{"href":"https:\/\/gundem44.com.tr\/index.php?rest_route=\/wp\/v2\/posts"}],"about":[{"href":"https:\/\/gundem44.com.tr\/index.php?rest_route=\/wp\/v2\/types\/post"}],"author":[{"embeddable":true,"href":"https:\/\/gundem44.com.tr\/index.php?rest_route=\/wp\/v2\/users\/1"}],"replies":[{"embeddable":true,"href":"https:\/\/gundem44.com.tr\/index.php?rest_route=%2Fwp%2Fv2%2Fcomments&post=336"}],"version-history":[{"count":1,"href":"https:\/\/gundem44.com.tr\/index.php?rest_route=\/wp\/v2\/posts\/336\/revisions"}],"predecessor-version":[{"id":338,"href":"https:\/\/gundem44.com.tr\/index.php?rest_route=\/wp\/v2\/posts\/336\/revisions\/338"}],"wp:featuredmedia":[{"embeddable":true,"href":"https:\/\/gundem44.com.tr\/index.php?rest_route=\/wp\/v2\/media\/337"}],"wp:attachment":[{"href":"https:\/\/gundem44.com.tr\/index.php?rest_route=%2Fwp%2Fv2%2Fmedia&parent=336"}],"wp:term":[{"taxonomy":"category","embeddable":true,"href":"https:\/\/gundem44.com.tr\/index.php?rest_route=%2Fwp%2Fv2%2Fcategories&post=336"},{"taxonomy":"post_tag","embeddable":true,"href":"https:\/\/gundem44.com.tr\/index.php?rest_route=%2Fwp%2Fv2%2Ftags&post=336"}],"curies":[{"name":"wp","href":"https:\/\/api.w.org\/{rel}","templated":true}]}}