{"id":329,"date":"2026-06-08T20:09:42","date_gmt":"2026-06-08T20:09:42","guid":{"rendered":"https:\/\/gundem44.com.tr\/?p=329"},"modified":"2026-06-08T20:09:54","modified_gmt":"2026-06-08T20:09:54","slug":"malatya-carsisinda-yeni-kriz-bacayi-unutmuslar","status":"publish","type":"post","link":"https:\/\/gundem44.com.tr\/?p=329","title":{"rendered":"Malatya \u00e7ar\u015f\u0131s\u0131nda yeni kriz: Bacay\u0131\u00a0unutmu\u015flar!"},"content":{"rendered":"\n<p class=\"wp-block-paragraph\">Deprem sonras\u0131 yeniden in\u015fa edilen Malatya \u015fehir merkezindeki i\u015fyerlerinde lokanta esnaf\u0131n\u0131 yak\u0131ndan ilgilendiren \u00f6nemli bir sorun g\u00fcndeme geldi. Malatyal\u0131 Lokantac\u0131lar Esnaf Odas\u0131 Ba\u015fkan\u0131 Murat Keskin, yeni yap\u0131lan i\u015fyerlerinde lokantalar\u0131n faaliyet g\u00f6sterebilmesi i\u00e7in gerekli baca sistemlerinin bulunmad\u0131\u011f\u0131n\u0131 belirterek, y\u00fczlerce esnaf\u0131n ma\u011fduriyet ya\u015fad\u0131\u011f\u0131n\u0131 s\u00f6yledi.<\/p>\n\n\n\n<p class=\"wp-block-paragraph\">Kent merkezindeki ticari alanlar\u0131n yeniden \u015fekillendi\u011fi s\u00fcre\u00e7te lokanta esnaf\u0131n\u0131n ciddi sorunlarla kar\u015f\u0131 kar\u015f\u0131ya kald\u0131\u011f\u0131n\u0131 ifade eden Keskin, eksikli\u011fin daha \u00f6nce defalarca yetkililere iletildi\u011fini ancak projelerde gerekli d\u00fczenlemelerin yap\u0131lmad\u0131\u011f\u0131n\u0131 kaydetti.<\/p>\n\n\n\n<figure class=\"wp-block-image size-full\"><img loading=\"lazy\" decoding=\"async\" width=\"860\" height=\"504\" src=\"https:\/\/gundem44.com.tr\/wp-content\/uploads\/2026\/06\/4-10.webp\" alt=\"\" class=\"wp-image-331\" srcset=\"https:\/\/gundem44.com.tr\/wp-content\/uploads\/2026\/06\/4-10.webp 860w, https:\/\/gundem44.com.tr\/wp-content\/uploads\/2026\/06\/4-10-300x176.webp 300w, https:\/\/gundem44.com.tr\/wp-content\/uploads\/2026\/06\/4-10-768x450.webp 768w\" sizes=\"auto, (max-width: 860px) 100vw, 860px\" \/><\/figure>\n\n\n\n<h2 class=\"wp-block-heading\">Ruhsat almakta bile zorlan\u0131yoruz<\/h2>\n\n\n\n<p class=\"wp-block-paragraph\">Yeni i\u015fyerlerinin teslim edilmeye ba\u015fland\u0131\u011f\u0131n\u0131 belirten Keskin, esnaf\u0131n d\u00fckk\u00e2nlar\u0131n\u0131 teslim ald\u0131ktan sonra ruhsat a\u015famas\u0131nda \u00f6nemli engellerle kar\u015f\u0131la\u015ft\u0131\u011f\u0131n\u0131 s\u00f6yledi. \u0130\u015fyerlerinin mesleki faaliyetlere uygun \u015fekilde teslim edilmedi\u011fini dile getiren Keskin,<\/p>\n\n\n\n<blockquote class=\"wp-block-quote is-layout-flow wp-block-quote-is-layout-flow\">\n<p class=\"wp-block-paragraph\">\u201cEsnaf d\u00fckk\u00e2n\u0131n\u0131 teslim al\u0131yor, ard\u0131ndan belediyeye ruhsat ba\u015fvurusu yap\u0131yor. Ancak lokanta olarak kullan\u0131lacak i\u015fyerlerinde gerekli altyap\u0131 bulunmad\u0131\u011f\u0131 i\u00e7in sorunlar ya\u015fan\u0131yor. Lokanta esnaf\u0131 bu \u015fartlarda mesle\u011fini nas\u0131l s\u00fcrd\u00fcrecek?\u201d diye konu\u015ftu.<\/p>\n<\/blockquote>\n\n\n\n<h2 class=\"wp-block-heading\">40 metrekarelik i\u015fyerinden 15 metrekareye d\u00fc\u015ft\u00fck<\/h2>\n\n\n\n<p class=\"wp-block-paragraph\">Akp\u0131nar \u00c7ar\u015f\u0131s\u0131&#8217;nda i\u015fyeri bulunan hak sahiplerinden biri oldu\u011funu belirten Keskin, deprem \u00f6ncesindeki i\u015fyerleri ile yeni verilen d\u00fckk\u00e2nlar aras\u0131nda ciddi farklar bulundu\u011funu s\u00f6yledi. &nbsp;Depremden \u00f6nce iki tapulu ve yakla\u015f\u0131k 40 metrekare b\u00fcy\u00fckl\u00fc\u011f\u00fcnde i\u015fyerine sahip oldu\u011funu ifade eden Keskin, yeni projede kendisine 15 metrekarelik bir d\u00fckk\u00e2n verildi\u011fini belirterek,<\/p>\n\n\n\n<blockquote class=\"wp-block-quote is-layout-flow wp-block-quote-is-layout-flow\">\n<p class=\"wp-block-paragraph\">&#8220;Ne bacas\u0131 var ne de mesle\u011fimizi yapabilece\u011fimiz uygun bir altyap\u0131s\u0131 bulunuyor&#8221; dedi. Y\u0131llar i\u00e7erisinde Malatya merkezinde olu\u015fan ticari yap\u0131n\u0131n yeni projelerle \u00f6nemli \u00f6l\u00e7\u00fcde de\u011fi\u015fti\u011fini savunan Keskin, geleneksel \u00e7ar\u015f\u0131 k\u00fclt\u00fcr\u00fcn\u00fcn zarar g\u00f6rd\u00fc\u011f\u00fcn\u00fc ifade etti. Deprem \u00f6ncesinde \u015fehir merkezinde 70 ila 80 aras\u0131nda lokanta ve yeme-i\u00e7me i\u015fletmesinin faaliyet g\u00f6sterdi\u011fini hat\u0131rlatan Keskin, bunlar\u0131n en az yar\u0131s\u0131n\u0131n yeniden a\u00e7\u0131lmas\u0131n\u0131n beklendi\u011fini belirterek, &#8220;En az 40-50 i\u015fyerinde baca sistemi olmas\u0131 gerekiyor. Bu eksiklik nas\u0131l giderilecek bilmiyoruz. Sonradan d\u0131\u015f cepheye yap\u0131lacak bacalar da \u00e7ar\u015f\u0131n\u0131n estetik g\u00f6r\u00fcn\u00fcm\u00fcn\u00fc olumsuz etkileyecek&#8221; de\u011ferlendirmesinde bulundu.<\/p>\n<\/blockquote>\n\n\n\n<h2 class=\"wp-block-heading\">Kredi ve destek \u00e7a\u011fr\u0131s\u0131<\/h2>\n\n\n\n<p class=\"wp-block-paragraph\">Keskin, deprem b\u00f6lgesindeki esnaf i\u00e7in sa\u011flanan KOSGEB desteklerinin geri \u00f6demelerinin ba\u015flamas\u0131n\u0131n da ayr\u0131 bir y\u00fck olu\u015fturdu\u011funu s\u00f6yledi. Esnaf\u0131n bir taraftan i\u015fyerlerini aya\u011fa kald\u0131rmaya \u00e7al\u0131\u015f\u0131rken di\u011fer taraftan vergi, sigorta primi ve kredi \u00f6demeleriyle m\u00fccadele etti\u011fini belirten Keskin, deprem b\u00f6lgesine y\u00f6nelik desteklerin hibeye d\u00f6n\u00fc\u015ft\u00fcr\u00fclmesi gerekti\u011fini savundu.<\/p>\n\n\n\n<h2 class=\"wp-block-heading\">Da\u011f\u0131t\u0131mlarda adaletsizlik var<\/h2>\n\n\n\n<p class=\"wp-block-paragraph\">\u0130\u015fyeri da\u011f\u0131t\u0131mlar\u0131nda da \u00e7e\u015fitli ma\u011fduriyetlerin ya\u015fand\u0131\u011f\u0131n\u0131 \u00f6ne s\u00fcren Keskin, baz\u0131 esnaflara eski i\u015fyerlerinin \u00e7ok alt\u0131nda b\u00fcy\u00fckl\u00fc\u011fe sahip d\u00fckk\u00e2nlar verildi\u011fini s\u00f6yledi. Keskin, &#8220;100 metrekarelik i\u015fyeri olan baz\u0131 esnaflara 20-30 metrekarelik d\u00fckk\u00e2nlar verildi\u011fini g\u00f6r\u00fcyoruz. Bu da\u011f\u0131t\u0131m\u0131n hangi kriterlere g\u00f6re yap\u0131ld\u0131\u011f\u0131 konusunda esnaf\u0131n ciddi soru i\u015faretleri bulunuyor&#8221; dedi. Lokantac\u0131lar Esnaf Odas\u0131 Ba\u015fkan\u0131 Murat Keskin, yetkililere \u00e7a\u011fr\u0131da bulunarak, lokanta esnaf\u0131n\u0131n faaliyetlerini s\u00fcrd\u00fcrebilmesi i\u00e7in baca ba\u015fta olmak \u00fczere altyap\u0131 eksikliklerinin giderilmesini ve hak sahiplerinin ya\u015fad\u0131\u011f\u0131 ma\u011fduriyetlerin \u00e7\u00f6z\u00fclmesini istedi.<\/p>\n","protected":false},"excerpt":{"rendered":"<p>Deprem sonras\u0131 yeniden in\u015fa edilen Malatya \u015fehir merkezindeki i\u015fyerlerinde lokanta esnaf\u0131n\u0131 yak\u0131ndan ilgilendiren \u00f6nemli bir&#8230;<\/p>\n","protected":false},"author":1,"featured_media":330,"comment_status":"open","ping_status":"open","sticky":false,"template":"","format":"standard","meta":{"footnotes":""},"categories":[1],"tags":[],"class_list":["post-329","post","type-post","status-publish","format-standard","has-post-thumbnail","hentry","category-malatya-gundemi"],"_links":{"self":[{"href":"https:\/\/gundem44.com.tr\/index.php?rest_route=\/wp\/v2\/posts\/329","targetHints":{"allow":["GET"]}}],"collection":[{"href":"https:\/\/gundem44.com.tr\/index.php?rest_route=\/wp\/v2\/posts"}],"about":[{"href":"https:\/\/gundem44.com.tr\/index.php?rest_route=\/wp\/v2\/types\/post"}],"author":[{"embeddable":true,"href":"https:\/\/gundem44.com.tr\/index.php?rest_route=\/wp\/v2\/users\/1"}],"replies":[{"embeddable":true,"href":"https:\/\/gundem44.com.tr\/index.php?rest_route=%2Fwp%2Fv2%2Fcomments&post=329"}],"version-history":[{"count":1,"href":"https:\/\/gundem44.com.tr\/index.php?rest_route=\/wp\/v2\/posts\/329\/revisions"}],"predecessor-version":[{"id":332,"href":"https:\/\/gundem44.com.tr\/index.php?rest_route=\/wp\/v2\/posts\/329\/revisions\/332"}],"wp:featuredmedia":[{"embeddable":true,"href":"https:\/\/gundem44.com.tr\/index.php?rest_route=\/wp\/v2\/media\/330"}],"wp:attachment":[{"href":"https:\/\/gundem44.com.tr\/index.php?rest_route=%2Fwp%2Fv2%2Fmedia&parent=329"}],"wp:term":[{"taxonomy":"category","embeddable":true,"href":"https:\/\/gundem44.com.tr\/index.php?rest_route=%2Fwp%2Fv2%2Fcategories&post=329"},{"taxonomy":"post_tag","embeddable":true,"href":"https:\/\/gundem44.com.tr\/index.php?rest_route=%2Fwp%2Fv2%2Ftags&post=329"}],"curies":[{"name":"wp","href":"https:\/\/api.w.org\/{rel}","templated":true}]}}